{"id":11471,"date":"2024-02-05T12:08:11","date_gmt":"2024-02-05T12:08:11","guid":{"rendered":"https:\/\/www.safinel.fr\/?p=11471"},"modified":"2024-02-05T12:08:13","modified_gmt":"2024-02-05T12:08:13","slug":"sillas-africanas","status":"publish","type":"post","link":"https:\/\/www.safinel.fr\/es\/sillas-africanas\/","title":{"rendered":"El encanto de las sillas africanas: un toque de exotismo e historia"},"content":{"rendered":"<p>Como parte del rico patrimonio cultural africano, el&nbsp;<strong>Sillas africanas<\/strong>&nbsp;ocupan un lugar especial. Estos objetos tradicionales se utilizan a menudo en ceremonias y acontecimientos importantes. Representan un valioso patrimonio en muchas partes del continente.<\/p>\n\n\n\n<h2 class=\"wp-block-heading\"><strong>Los or\u00edgenes de las sillas africanas<\/strong><\/h2>\n\n\n\n<p>La tradici\u00f3n de las sillas africanas se remonta a siglos atr\u00e1s. Aunque es dif\u00edcil determinar sus or\u00edgenes exactos, sabemos que ciertas tribus ya tallaban en <strong><a href=\"https:\/\/www.safinel.fr\/es\/madera-africana\/\">madera<\/a><\/strong> antes de la llegada de los colonos europeos a \u00c1frica. Las sillas se consideraban objetos simb\u00f3licos de poder, reservados a jefes, reyes y otras personalidades de alto rango.<\/p>\n\n\n\n<h3 class=\"wp-block-heading\"><strong>Los sillones de palacio<\/strong><\/h3>\n\n\n\n<p>En&nbsp;<strong>palafreneros<\/strong>&nbsp;son un excelente ejemplo de silla tradicional africana. Originarias de \u00c1frica Occidental, sobre todo de Mal\u00ed, se utilizan para reuniones de aldea o asambleas de ancianos para debatir asuntos de actualidad. De altura variable y a menudo decoradas con motivos geom\u00e9tricos, estas sillas reflejan la riqueza y variedad de las culturas locales.<\/p>\n\n\n\n<h2 class=\"wp-block-heading\"><strong>Diversidad de materiales y estilos<\/strong><\/h2>\n\n\n\n<p>Con el paso del tiempo y las migraciones, las sillas africanas han evolucionado y se han adaptado a los materiales disponibles. Pueden ser de madera, mimbre o hierro forjado. Los estilos tambi\u00e9n var\u00edan enormemente de una regi\u00f3n a otra, ya que las sillas africanas se fabrican con m\u00e9todos tradicionales propios de cada cultura.<\/p>\n\n\n\n<h3 class=\"wp-block-heading\"><strong>La carpinter\u00eda de las sillas africanas<\/strong><\/h3>\n\n\n\n<p>El material m\u00e1s utilizado para fabricar una silla africana es la madera. Los artesanos, que prefieren especies locales y sostenibles como el \u00e9bano, la teca y el palisandro, tallan a mano sillas \u00fanicas que reflejan su saber hacer y sus tradiciones ancestrales.<\/p>\n\n\n\n<h3 class=\"wp-block-heading\"><strong>Los guardianes<\/strong><\/h3>\n\n\n\n<p>En&nbsp;<strong>guardias<\/strong>&nbsp;son un tipo de silla muy interesante, que rara vez se encuentra fuera de las pinacotecas africanas. Estos objetos rituales representan figuras antropomorfas montadas sobre una base de tres patas que simbolizan a los antepasados, protectores o esp\u00edritus de la aldea. Su funci\u00f3n principal era velar por la comunidad en periodos de agitaci\u00f3n o ante amenazas externas.<\/p>\n\n\n\n<h3 class=\"wp-block-heading\"><strong>Tejido de mimbre<\/strong><\/h3>\n\n\n\n<p>Los artesanos africanos utilizan el mimbre para crear sillas ligeras y c\u00f3modas, a menudo con cojines de colores para mayor confort. Esta t\u00e9cnica ancestral se practica sobre todo en pa\u00edses centroafricanos como Camer\u00fan y el Congo, donde la artesan\u00eda del tejido de mimbre est\u00e1 especialmente desarrollada.<\/p>\n\n\n\n<h3 class=\"wp-block-heading\"><strong>El hierro forjado de las sillas africanas<\/strong><\/h3>\n\n\n\n<p>El hierro forjado se trabaja desde la antig\u00fcedad, y con \u00e9l se fabrican sillas tradicionales africanas con formas m\u00e1s modernas y estilizadas. Tambi\u00e9n puede utilizarse para crear sillas resistentes a la intemperie para exteriores, o para la decoraci\u00f3n inspirada en los jardines bereberes.<\/p>\n\n\n\n<h2 class=\"wp-block-heading\"><strong>El arte de la pinacoteca africana<\/strong><\/h2>\n\n\n\n<p>Para recordar el origen de estas creaciones \u00fanicas, varias galer\u00edas de arte se han especializado en la venta de sillas africanas procedentes de distintas partes del continente. Ofrecen tanto obras originales realizadas por artesanos locales como reproducciones fieles al esp\u00edritu de \u00c1frica.<\/p>\n\n\n\n<h3 class=\"wp-block-heading\"><strong>Criterios de selecci\u00f3n<\/strong><\/h3>\n\n\n\n<ul class=\"wp-block-list\">\n<li><strong>Estilo:<\/strong>&nbsp;Elija una silla que se adapte a su gusto y dise\u00f1o de interior. Las sillas africanas presentan una gran variedad de estilos y formas, en funci\u00f3n de su origen geogr\u00e1fico y cultural.<\/li>\n\n\n\n<li><strong>Comodidad :<\/strong>&nbsp;no renuncie a la practicidad y comodidad de la silla que desea.<\/li>\n\n\n\n<li><strong>Calidad:<\/strong>&nbsp;T\u00f3mese su tiempo para evaluar la calidad de los materiales y el acabado antes de realizar la compra. Un asiento bien dise\u00f1ado durar\u00e1 m\u00e1s y te ofrecer\u00e1 un confort \u00f3ptimo.<\/li>\n\n\n\n<li><strong>El precio :<\/strong>&nbsp;Por \u00faltimo, no olvides comparar precios antes de decidirte, ya que las sillas africanas hechas a mano pueden variar considerablemente de una galer\u00eda a otra.<\/li>\n<\/ul>\n\n\n\n<h3 class=\"wp-block-heading\"><strong>Integrarse en la decoraci\u00f3n<\/strong><\/h3>\n\n\n\n<p>Adem\u00e1s de ser pr\u00e1cticos y funcionales,&nbsp;<strong>Las sillas africanas a\u00f1aden un toque \u00e9tnico y ex\u00f3tico a los interiores modernos o tradicionales<\/strong>. Comb\u00ednalos con objetos de arte africano como m\u00e1scaras, cuadros o textiles para crear un ambiente c\u00e1lido y \u00fanico en tu hogar.<\/p>\n\n\n\n<h2 class=\"wp-block-heading\"><strong>Una riqueza cultural inestimable<\/strong><\/h2>\n\n\n\n<p>En un momento en que las sillas tradicionales africanas son especialmente apreciadas por los amantes del arte y la cultura de todo el mundo, es crucial preservar este saber hacer ancestral. <\/p>\n\n\n\n<p>Al optar por comprar creaciones originales y respetuosas con el medio ambiente, contribuye a apoyar a los artesanos que perpet\u00faan estas t\u00e9cnicas, amenazadas por la globalizaci\u00f3n.<\/p>","protected":false},"excerpt":{"rendered":"<p>Las sillas africanas ocupan un lugar especial en el rico patrimonio cultural de \u00c1frica. Estos objetos tradicionales se utilizan a menudo en ceremonias y acontecimientos importantes. Representan un valioso patrimonio en muchas partes del continente. Los or\u00edgenes de las sillas africanas La tradici\u00f3n de las sillas africanas se remonta a siglos atr\u00e1s. Aunque es dif\u00edcil determinar su origen, es [...]","protected":false},"author":156,"featured_media":11472,"comment_status":"closed","ping_status":"closed","sticky":false,"template":"","format":"standard","meta":{"footnotes":""},"categories":[1],"tags":[],"class_list":["post-11471","post","type-post","status-publish","format-standard","has-post-thumbnail","hentry","category-divers"],"yoast_head":"<!-- This site is optimized with the Yoast SEO plugin v26.6 - https:\/\/yoast.com\/wordpress\/plugins\/seo\/ -->\n<title>Chaises africaines | \u00c0 la d\u00e9couverte de leurs histoire<\/title>\n<meta name=\"description\" content=\"Dans le riche patrimoine culturel de l&#039;Afrique, les\u00a0chaises africaines\u00a0occupent une place particuli\u00e8re. Tour d&#039;horizon dans cet article !\" \/>\n<meta name=\"robots\" content=\"index, follow, max-snippet:-1, max-image-preview:large, max-video-preview:-1\" \/>\n<link rel=\"canonical\" href=\"https:\/\/www.safinel.fr\/es\/sillas-africanas\/\" \/>\n<meta property=\"og:locale\" content=\"es_ES\" \/>\n<meta property=\"og:type\" content=\"article\" \/>\n<meta property=\"og:title\" content=\"Chaises africaines | \u00c0 la d\u00e9couverte de leurs histoire\" \/>\n<meta property=\"og:description\" content=\"Dans le riche patrimoine culturel de l&#039;Afrique, les\u00a0chaises africaines\u00a0occupent une place particuli\u00e8re. Tour d&#039;horizon dans cet article !\" \/>\n<meta property=\"og:url\" content=\"https:\/\/www.safinel.fr\/es\/sillas-africanas\/\" \/>\n<meta property=\"og:site_name\" content=\"Safinel\" \/>\n<meta property=\"article:published_time\" content=\"2024-02-05T12:08:11+00:00\" \/>\n<meta property=\"article:modified_time\" content=\"2024-02-05T12:08:13+00:00\" \/>\n<meta property=\"og:image\" content=\"https:\/\/www.safinel.fr\/wp-content\/uploads\/2024\/02\/chaises-africaines.jpg\" \/>\n\t<meta property=\"og:image:width\" content=\"1100\" \/>\n\t<meta property=\"og:image:height\" content=\"578\" \/>\n\t<meta property=\"og:image:type\" content=\"image\/jpeg\" \/>\n<meta name=\"author\" content=\"Naj\" \/>\n<meta name=\"twitter:card\" content=\"summary_large_image\" \/>\n<meta name=\"twitter:label1\" content=\"Escrito por\" \/>\n\t<meta name=\"twitter:data1\" content=\"Naj\" \/>\n\t<meta name=\"twitter:label2\" content=\"Tiempo de lectura\" \/>\n\t<meta name=\"twitter:data2\" content=\"4 minutos\" \/>\n<script type=\"application\/ld+json\" class=\"yoast-schema-graph\">{\"@context\":\"https:\/\/schema.org\",\"@graph\":[{\"@type\":\"Article\",\"@id\":\"https:\/\/www.safinel.fr\/chaises-africaines\/#article\",\"isPartOf\":{\"@id\":\"https:\/\/www.safinel.fr\/chaises-africaines\/\"},\"author\":{\"name\":\"Naj\",\"@id\":\"https:\/\/www.safinel.fr\/#\/schema\/person\/47f7357f8aa8a41a796811d3f8a3e055\"},\"headline\":\"Le charme des chaises africaines : une touche d&rsquo;exotisme et d&rsquo;histoire\",\"datePublished\":\"2024-02-05T12:08:11+00:00\",\"dateModified\":\"2024-02-05T12:08:13+00:00\",\"mainEntityOfPage\":{\"@id\":\"https:\/\/www.safinel.fr\/chaises-africaines\/\"},\"wordCount\":856,\"publisher\":{\"@id\":\"https:\/\/www.safinel.fr\/#organization\"},\"image\":{\"@id\":\"https:\/\/www.safinel.fr\/chaises-africaines\/#primaryimage\"},\"thumbnailUrl\":\"https:\/\/www.safinel.fr\/wp-content\/uploads\/2024\/02\/chaises-africaines.jpg\",\"articleSection\":[\"Divers\"],\"inLanguage\":\"es\"},{\"@type\":\"WebPage\",\"@id\":\"https:\/\/www.safinel.fr\/chaises-africaines\/\",\"url\":\"https:\/\/www.safinel.fr\/chaises-africaines\/\",\"name\":\"Chaises africaines | \u00c0 la d\u00e9couverte de leurs histoire\",\"isPartOf\":{\"@id\":\"https:\/\/www.safinel.fr\/#website\"},\"primaryImageOfPage\":{\"@id\":\"https:\/\/www.safinel.fr\/chaises-africaines\/#primaryimage\"},\"image\":{\"@id\":\"https:\/\/www.safinel.fr\/chaises-africaines\/#primaryimage\"},\"thumbnailUrl\":\"https:\/\/www.safinel.fr\/wp-content\/uploads\/2024\/02\/chaises-africaines.jpg\",\"datePublished\":\"2024-02-05T12:08:11+00:00\",\"dateModified\":\"2024-02-05T12:08:13+00:00\",\"description\":\"Dans le riche patrimoine culturel de l'Afrique, les\u00a0chaises africaines\u00a0occupent une place particuli\u00e8re. Tour d'horizon dans cet article !\",\"breadcrumb\":{\"@id\":\"https:\/\/www.safinel.fr\/chaises-africaines\/#breadcrumb\"},\"inLanguage\":\"es\",\"potentialAction\":[{\"@type\":\"ReadAction\",\"target\":[\"https:\/\/www.safinel.fr\/chaises-africaines\/\"]}]},{\"@type\":\"ImageObject\",\"inLanguage\":\"es\",\"@id\":\"https:\/\/www.safinel.fr\/chaises-africaines\/#primaryimage\",\"url\":\"https:\/\/www.safinel.fr\/wp-content\/uploads\/2024\/02\/chaises-africaines.jpg\",\"contentUrl\":\"https:\/\/www.safinel.fr\/wp-content\/uploads\/2024\/02\/chaises-africaines.jpg\",\"width\":1100,\"height\":578,\"caption\":\"chaises africaines\"},{\"@type\":\"BreadcrumbList\",\"@id\":\"https:\/\/www.safinel.fr\/chaises-africaines\/#breadcrumb\",\"itemListElement\":[{\"@type\":\"ListItem\",\"position\":1,\"name\":\"Accueil\",\"item\":\"https:\/\/www.safinel.fr\/\"},{\"@type\":\"ListItem\",\"position\":2,\"name\":\"Le charme des chaises africaines : une touche d&#8217;exotisme et d&#8217;histoire\"}]},{\"@type\":\"WebSite\",\"@id\":\"https:\/\/www.safinel.fr\/#website\",\"url\":\"https:\/\/www.safinel.fr\/\",\"name\":\"Safinel\",\"description\":\"\",\"publisher\":{\"@id\":\"https:\/\/www.safinel.fr\/#organization\"},\"potentialAction\":[{\"@type\":\"SearchAction\",\"target\":{\"@type\":\"EntryPoint\",\"urlTemplate\":\"https:\/\/www.safinel.fr\/?s={search_term_string}\"},\"query-input\":{\"@type\":\"PropertyValueSpecification\",\"valueRequired\":true,\"valueName\":\"search_term_string\"}}],\"inLanguage\":\"es\"},{\"@type\":\"Organization\",\"@id\":\"https:\/\/www.safinel.fr\/#organization\",\"name\":\"Safinel\",\"url\":\"https:\/\/www.safinel.fr\/\",\"logo\":{\"@type\":\"ImageObject\",\"inLanguage\":\"es\",\"@id\":\"https:\/\/www.safinel.fr\/#\/schema\/logo\/image\/\",\"url\":\"https:\/\/www.safinel.fr\/wp-content\/uploads\/2021\/05\/boutique-cosmetique.png\",\"contentUrl\":\"https:\/\/www.safinel.fr\/wp-content\/uploads\/2021\/05\/boutique-cosmetique.png\",\"width\":800,\"height\":200,\"caption\":\"Safinel\"},\"image\":{\"@id\":\"https:\/\/www.safinel.fr\/#\/schema\/logo\/image\/\"}},{\"@type\":\"Person\",\"@id\":\"https:\/\/www.safinel.fr\/#\/schema\/person\/47f7357f8aa8a41a796811d3f8a3e055\",\"name\":\"Naj\",\"image\":{\"@type\":\"ImageObject\",\"inLanguage\":\"es\",\"@id\":\"https:\/\/www.safinel.fr\/#\/schema\/person\/image\/\",\"url\":\"https:\/\/secure.gravatar.com\/avatar\/5c0fa4f0bce748d4964b7d68e4b0ee1d8e3120edba58a55893ced967bd2093b5?s=96&d=mm&r=g\",\"contentUrl\":\"https:\/\/secure.gravatar.com\/avatar\/5c0fa4f0bce748d4964b7d68e4b0ee1d8e3120edba58a55893ced967bd2093b5?s=96&d=mm&r=g\",\"caption\":\"Naj\"},\"url\":\"https:\/\/www.safinel.fr\/es\/author\/naj\/\"}]}<\/script>\n<!-- \/ Yoast SEO plugin. -->","yoast_head_json":{"title":"Sillas africanas | Descubrir su historia","description":"Las sillas africanas ocupan un lugar especial en el rico patrimonio cultural de \u00c1frica. Descubra m\u00e1s en este art\u00edculo.","robots":{"index":"index","follow":"follow","max-snippet":"max-snippet:-1","max-image-preview":"max-image-preview:large","max-video-preview":"max-video-preview:-1"},"canonical":"https:\/\/www.safinel.fr\/es\/sillas-africanas\/","og_locale":"es_ES","og_type":"article","og_title":"Chaises africaines | \u00c0 la d\u00e9couverte de leurs histoire","og_description":"Dans le riche patrimoine culturel de l'Afrique, les\u00a0chaises africaines\u00a0occupent une place particuli\u00e8re. Tour d'horizon dans cet article !","og_url":"https:\/\/www.safinel.fr\/es\/sillas-africanas\/","og_site_name":"Safinel","article_published_time":"2024-02-05T12:08:11+00:00","article_modified_time":"2024-02-05T12:08:13+00:00","og_image":[{"width":1100,"height":578,"url":"https:\/\/www.safinel.fr\/wp-content\/uploads\/2024\/02\/chaises-africaines.jpg","type":"image\/jpeg"}],"author":"Naj","twitter_card":"summary_large_image","twitter_misc":{"Escrito por":"Naj","Tiempo de lectura":"4 minutos"},"schema":{"@context":"https:\/\/schema.org","@graph":[{"@type":"Article","@id":"https:\/\/www.safinel.fr\/chaises-africaines\/#article","isPartOf":{"@id":"https:\/\/www.safinel.fr\/chaises-africaines\/"},"author":{"name":"Naj","@id":"https:\/\/www.safinel.fr\/#\/schema\/person\/47f7357f8aa8a41a796811d3f8a3e055"},"headline":"Le charme des chaises africaines : une touche d&rsquo;exotisme et d&rsquo;histoire","datePublished":"2024-02-05T12:08:11+00:00","dateModified":"2024-02-05T12:08:13+00:00","mainEntityOfPage":{"@id":"https:\/\/www.safinel.fr\/chaises-africaines\/"},"wordCount":856,"publisher":{"@id":"https:\/\/www.safinel.fr\/#organization"},"image":{"@id":"https:\/\/www.safinel.fr\/chaises-africaines\/#primaryimage"},"thumbnailUrl":"https:\/\/www.safinel.fr\/wp-content\/uploads\/2024\/02\/chaises-africaines.jpg","articleSection":["Divers"],"inLanguage":"es"},{"@type":"WebPage","@id":"https:\/\/www.safinel.fr\/chaises-africaines\/","url":"https:\/\/www.safinel.fr\/chaises-africaines\/","name":"Sillas africanas | Descubrir su historia","isPartOf":{"@id":"https:\/\/www.safinel.fr\/#website"},"primaryImageOfPage":{"@id":"https:\/\/www.safinel.fr\/chaises-africaines\/#primaryimage"},"image":{"@id":"https:\/\/www.safinel.fr\/chaises-africaines\/#primaryimage"},"thumbnailUrl":"https:\/\/www.safinel.fr\/wp-content\/uploads\/2024\/02\/chaises-africaines.jpg","datePublished":"2024-02-05T12:08:11+00:00","dateModified":"2024-02-05T12:08:13+00:00","description":"Las sillas africanas ocupan un lugar especial en el rico patrimonio cultural de \u00c1frica. Descubra m\u00e1s en este art\u00edculo.","breadcrumb":{"@id":"https:\/\/www.safinel.fr\/chaises-africaines\/#breadcrumb"},"inLanguage":"es","potentialAction":[{"@type":"ReadAction","target":["https:\/\/www.safinel.fr\/chaises-africaines\/"]}]},{"@type":"ImageObject","inLanguage":"es","@id":"https:\/\/www.safinel.fr\/chaises-africaines\/#primaryimage","url":"https:\/\/www.safinel.fr\/wp-content\/uploads\/2024\/02\/chaises-africaines.jpg","contentUrl":"https:\/\/www.safinel.fr\/wp-content\/uploads\/2024\/02\/chaises-africaines.jpg","width":1100,"height":578,"caption":"chaises africaines"},{"@type":"BreadcrumbList","@id":"https:\/\/www.safinel.fr\/chaises-africaines\/#breadcrumb","itemListElement":[{"@type":"ListItem","position":1,"name":"Accueil","item":"https:\/\/www.safinel.fr\/"},{"@type":"ListItem","position":2,"name":"Le charme des chaises africaines : une touche d&#8217;exotisme et d&#8217;histoire"}]},{"@type":"WebSite","@id":"https:\/\/www.safinel.fr\/#website","url":"https:\/\/www.safinel.fr\/","name":"Safinel","description":"","publisher":{"@id":"https:\/\/www.safinel.fr\/#organization"},"potentialAction":[{"@type":"SearchAction","target":{"@type":"EntryPoint","urlTemplate":"https:\/\/www.safinel.fr\/?s={search_term_string}"},"query-input":{"@type":"PropertyValueSpecification","valueRequired":true,"valueName":"search_term_string"}}],"inLanguage":"es"},{"@type":"Organization","@id":"https:\/\/www.safinel.fr\/#organization","name":"Safinel","url":"https:\/\/www.safinel.fr\/","logo":{"@type":"ImageObject","inLanguage":"es","@id":"https:\/\/www.safinel.fr\/#\/schema\/logo\/image\/","url":"https:\/\/www.safinel.fr\/wp-content\/uploads\/2021\/05\/boutique-cosmetique.png","contentUrl":"https:\/\/www.safinel.fr\/wp-content\/uploads\/2021\/05\/boutique-cosmetique.png","width":800,"height":200,"caption":"Safinel"},"image":{"@id":"https:\/\/www.safinel.fr\/#\/schema\/logo\/image\/"}},{"@type":"Person","@id":"https:\/\/www.safinel.fr\/#\/schema\/person\/47f7357f8aa8a41a796811d3f8a3e055","name":"Naj","image":{"@type":"ImageObject","inLanguage":"es","@id":"https:\/\/www.safinel.fr\/#\/schema\/person\/image\/","url":"https:\/\/secure.gravatar.com\/avatar\/5c0fa4f0bce748d4964b7d68e4b0ee1d8e3120edba58a55893ced967bd2093b5?s=96&d=mm&r=g","contentUrl":"https:\/\/secure.gravatar.com\/avatar\/5c0fa4f0bce748d4964b7d68e4b0ee1d8e3120edba58a55893ced967bd2093b5?s=96&d=mm&r=g","caption":"Naj"},"url":"https:\/\/www.safinel.fr\/es\/author\/naj\/"}]}},"_links":{"self":[{"href":"https:\/\/www.safinel.fr\/es\/wp-json\/wp\/v2\/posts\/11471","targetHints":{"allow":["GET"]}}],"collection":[{"href":"https:\/\/www.safinel.fr\/es\/wp-json\/wp\/v2\/posts"}],"about":[{"href":"https:\/\/www.safinel.fr\/es\/wp-json\/wp\/v2\/types\/post"}],"author":[{"embeddable":true,"href":"https:\/\/www.safinel.fr\/es\/wp-json\/wp\/v2\/users\/156"}],"replies":[{"embeddable":true,"href":"https:\/\/www.safinel.fr\/es\/wp-json\/wp\/v2\/comments?post=11471"}],"version-history":[{"count":1,"href":"https:\/\/www.safinel.fr\/es\/wp-json\/wp\/v2\/posts\/11471\/revisions"}],"predecessor-version":[{"id":11473,"href":"https:\/\/www.safinel.fr\/es\/wp-json\/wp\/v2\/posts\/11471\/revisions\/11473"}],"wp:featuredmedia":[{"embeddable":true,"href":"https:\/\/www.safinel.fr\/es\/wp-json\/wp\/v2\/media\/11472"}],"wp:attachment":[{"href":"https:\/\/www.safinel.fr\/es\/wp-json\/wp\/v2\/media?parent=11471"}],"wp:term":[{"taxonomy":"category","embeddable":true,"href":"https:\/\/www.safinel.fr\/es\/wp-json\/wp\/v2\/categories?post=11471"},{"taxonomy":"post_tag","embeddable":true,"href":"https:\/\/www.safinel.fr\/es\/wp-json\/wp\/v2\/tags?post=11471"}],"curies":[{"name":"wp","href":"https:\/\/api.w.org\/{rel}","templated":true}]}}