{"id":10381,"date":"2023-12-22T12:23:45","date_gmt":"2023-12-22T12:23:45","guid":{"rendered":"https:\/\/www.safinel.fr\/?p=10381"},"modified":"2023-12-22T12:23:46","modified_gmt":"2023-12-22T12:23:46","slug":"diferencia-horaria-sudafrica-francia","status":"publish","type":"post","link":"https:\/\/www.safinel.fr\/es\/diferencia-horaria-sudafrica-francia\/","title":{"rendered":"Todo lo que debe saber sobre la diferencia horaria entre Sud\u00e1frica y Francia"},"content":{"rendered":"<p>Cuando se viaja al extranjero, es esencial tener en cuenta la diferencia horaria para planificar la estancia y aprovechar al m\u00e1ximo las actividades. En este art\u00edculo te damos toda la informaci\u00f3n que necesitas sobre la diferencia horaria entre Sud\u00e1frica y Francia.<\/p>\n\n\n\n<h2 class=\"wp-block-heading\"><strong>Husos horarios en Sud\u00e1frica y Francia<\/strong><\/h2>\n\n\n\n<p>El huso horario en Francia corresponde a UTC+1 cuando no hay horario de verano, mientras que en Sud\u00e1frica el huso horario se mantiene constante en&nbsp;<strong>UTC\/GMT+2<\/strong>. El meridiano de Greenwich (GMT) se utiliza como referencia principal para el Tiempo Universal Coordinado (GMT\/UTC).<\/p>\n\n\n\n<p>Es importante se\u00f1alar que, a diferencia de Francia, Sud\u00e1frica no cambia al horario de verano. Esto significa que la diferencia horaria con Francia var\u00eda en funci\u00f3n de si Francia cambia o no al horario de verano.<\/p>\n\n\n\n<h2 class=\"wp-block-heading\"><strong>Diferencia horaria entre Sud\u00e1frica y Francia seg\u00fan la temporada<\/strong><\/h2>\n\n\n\n<h3 class=\"wp-block-heading\"><strong>De noviembre a abril<\/strong><\/h3>\n\n\n\n<p>Durante este periodo, Francia cambia al horario de invierno, siendo su huso horario UTC +1. Sud\u00e1frica, en cambio, permanece en UTC+2. Por consiguiente, durante estos meses&nbsp;<strong>1 hora menos de diferencia horaria<\/strong>&nbsp;entre Sud\u00e1frica y Francia. Por ejemplo, cuando son las 10.00 en Francia, son las 11.00 en Sud\u00e1frica.<\/p>\n\n\n\n<h3 class=\"wp-block-heading\"><strong>De marzo a octubre<\/strong><\/h3>\n\n\n\n<p>Es el periodo en el que Francia cambia al horario de verano, y el huso horario pasa a ser UTC+2 como el de Sud\u00e1frica. As\u00ed es como funciona,&nbsp;<strong>no hay diferencia horaria<\/strong>&nbsp;entre estos dos pa\u00edses durante este periodo. Cuando son las 15:00 en Francia, tambi\u00e9n son las 15:00 en Sud\u00e1frica.<\/p>\n\n\n\n<h2 class=\"wp-block-heading\"><strong>Diferencia horaria entre ciudades<\/strong><\/h2>\n\n\n\n<p>La diferencia horaria sigue siendo la misma en toda Sud\u00e1frica y Francia. Aqu\u00ed tienes un resumen de las horas locales en algunas ciudades donde hay diferencia horaria:<\/p>\n\n\n\n<ul class=\"wp-block-list\">\n<li>En Par\u00eds, Francia: 12:00<\/li>\n\n\n\n<li>En Johannesburgo, Sud\u00e1frica: 13:00<\/li>\n\n\n\n<li>Pretoria, Sud\u00e1frica: 13:00<\/li>\n\n\n\n<li>Ciudad del Cabo, Sud\u00e1frica: 13:00<\/li>\n<\/ul>\n\n\n\n<p>Y cuando no existe :<\/p>\n\n\n\n<ul class=\"wp-block-list\">\n<li>En Par\u00eds, Francia: 14.30 h<\/li>\n\n\n\n<li>En Johannesburgo, Sud\u00e1frica: 14.30 horas<\/li>\n\n\n\n<li>En Pretoria, Sud\u00e1frica: 14.30 horas<\/li>\n\n\n\n<li>Ciudad del Cabo, Sud\u00e1frica: 14.30 horas<\/li>\n<\/ul>\n\n\n\n<h2 class=\"wp-block-heading\"><strong>C\u00f3mo adaptarse al desfase horario durante su estancia en Sud\u00e1frica<\/strong><\/h2>\n\n\n\n<p>Adaptarse al jet lag puede ser dif\u00edcil, sobre todo en vuelos largos. Sin embargo, puedes limitar los efectos del jet lag y aprovechar al m\u00e1ximo tu estancia siguiendo estos pocos consejos:<\/p>\n\n\n\n<ul class=\"wp-block-list\">\n<li><strong>Realice cambios graduales<\/strong>&nbsp;sus horas de sue\u00f1o unos d\u00edas antes de su partida para acercarlas a las de su destino.<\/li>\n\n\n\n<li><strong>Hidr\u00e1tese regularmente<\/strong>&nbsp;antes, durante y despu\u00e9s del vuelo para evitar la fatiga causada por la deshidrataci\u00f3n.<\/li>\n\n\n\n<li><strong>Come ligero<\/strong>&nbsp;durante el viaje para facilitar la digesti\u00f3n.<\/li>\n\n\n\n<li>A su llegada, intente\u00a0<strong><a href=\"https:\/\/www.safinel.fr\/es\/quemaduras-solares-piel-negra\/\">exponer al sol<\/a><\/strong>\u00a0en la medida de lo posible, ya que la luz natural ayuda a regular el reloj corporal.<\/li>\n\n\n\n<li>Tambi\u00e9n puede ser beneficioso echar una cabezadita a una hora razonable de tu llegada para recuperar algo de energ\u00eda, pero es importante evitar dormir demasiado para no desincronizar a\u00fan m\u00e1s tu reloj interno.<\/li>\n<\/ul>\n\n\n\n<h3 class=\"wp-block-heading\"><strong>Informaci\u00f3n pr\u00e1ctica para una estancia agradable en Sud\u00e1frica<\/strong><\/h3>\n\n\n\n<p>Adem\u00e1s de la diferencia horaria, hay otros aspectos a tener en cuenta a la hora de planificar un viaje a Sud\u00e1frica:<\/p>\n\n\n\n<ul class=\"wp-block-list\">\n<li>Los enchufes el\u00e9ctricos son del tipo M en Sud\u00e1frica, por lo que necesitar\u00e1 llevar un adaptador para utilizar aparatos electr\u00f3nicos franceses.<\/li>\n\n\n\n<li>Los servicios de tel\u00e9fono e Internet pueden estar sujetos a tarifas de itinerancia; consulte con su operador antes de salir y prevea utilizar una tarjeta SIM local si es necesario.<\/li>\n\n\n\n<li>La moneda utilizada en Sud\u00e1frica es el rand sudafricano (ZAR), as\u00ed que no olvides hacer algunas conversiones para familiarizarte con los tipos de cambio.<\/li>\n<\/ul>\n\n\n\n<p>En conclusi\u00f3n, conocer la diferencia horaria entre Francia y Sud\u00e1frica es esencial para el \u00e9xito del viaje. No olvide tener en cuenta esta diferencia horaria a la hora de planificar sus actividades y, sobre todo, no dude en descansar y adaptar progresivamente sus h\u00e1bitos para aprovechar al m\u00e1ximo su estancia en Sud\u00e1frica.<\/p>","protected":false},"excerpt":{"rendered":"<p>Cuando se viaja al extranjero, es esencial tener en cuenta la diferencia horaria para planificar la estancia y aprovechar al m\u00e1ximo las actividades. En este art\u00edculo, le daremos toda la informaci\u00f3n que necesita sobre la diferencia horaria entre Sud\u00e1frica y Francia. Husos horarios en Sud\u00e1frica y Francia El huso horario en Sud\u00e1frica [...]","protected":false},"author":156,"featured_media":10382,"comment_status":"closed","ping_status":"closed","sticky":false,"template":"","format":"standard","meta":{"footnotes":""},"categories":[1],"tags":[],"class_list":["post-10381","post","type-post","status-publish","format-standard","has-post-thumbnail","hentry","category-divers"],"yoast_head":"<!-- This site is optimized with the Yoast SEO plugin v26.6 - https:\/\/yoast.com\/wordpress\/plugins\/seo\/ -->\n<title>D\u00e9calage horaire Afrique du sud France | Le guide pratique<\/title>\n<meta name=\"description\" content=\"Dans cet article, nous vous apporterons toutes les informations n\u00e9cessaires concernant le d\u00e9calage horaire Afrique du sud France.\" \/>\n<meta name=\"robots\" content=\"index, follow, max-snippet:-1, max-image-preview:large, max-video-preview:-1\" \/>\n<link rel=\"canonical\" href=\"https:\/\/www.safinel.fr\/es\/diferencia-horaria-sudafrica-francia\/\" \/>\n<meta property=\"og:locale\" content=\"es_ES\" \/>\n<meta property=\"og:type\" content=\"article\" \/>\n<meta property=\"og:title\" content=\"D\u00e9calage horaire Afrique du sud France | Le guide pratique\" \/>\n<meta property=\"og:description\" content=\"Dans cet article, nous vous apporterons toutes les informations n\u00e9cessaires concernant le d\u00e9calage horaire Afrique du sud France.\" \/>\n<meta property=\"og:url\" content=\"https:\/\/www.safinel.fr\/es\/diferencia-horaria-sudafrica-francia\/\" \/>\n<meta property=\"og:site_name\" content=\"Safinel\" \/>\n<meta property=\"article:published_time\" content=\"2023-12-22T12:23:45+00:00\" \/>\n<meta property=\"article:modified_time\" content=\"2023-12-22T12:23:46+00:00\" \/>\n<meta property=\"og:image\" content=\"https:\/\/www.safinel.fr\/wp-content\/uploads\/2023\/12\/decalage-horaire-entre-lAfrique-du-Sud-et-la-France.jpg\" \/>\n\t<meta property=\"og:image:width\" content=\"1100\" \/>\n\t<meta property=\"og:image:height\" content=\"578\" \/>\n\t<meta property=\"og:image:type\" content=\"image\/jpeg\" \/>\n<meta name=\"author\" content=\"Naj\" \/>\n<meta name=\"twitter:card\" content=\"summary_large_image\" \/>\n<meta name=\"twitter:label1\" content=\"Escrito por\" \/>\n\t<meta name=\"twitter:data1\" content=\"Naj\" \/>\n\t<meta name=\"twitter:label2\" content=\"Tiempo de lectura\" \/>\n\t<meta name=\"twitter:data2\" content=\"4 minutos\" \/>\n<script type=\"application\/ld+json\" class=\"yoast-schema-graph\">{\"@context\":\"https:\/\/schema.org\",\"@graph\":[{\"@type\":\"Article\",\"@id\":\"https:\/\/www.safinel.fr\/decalage-horaire-afrique-du-sud-france\/#article\",\"isPartOf\":{\"@id\":\"https:\/\/www.safinel.fr\/decalage-horaire-afrique-du-sud-france\/\"},\"author\":{\"name\":\"Naj\",\"@id\":\"https:\/\/www.safinel.fr\/#\/schema\/person\/47f7357f8aa8a41a796811d3f8a3e055\"},\"headline\":\"Tout savoir sur le d\u00e9calage horaire entre l&rsquo;Afrique du Sud et la France\",\"datePublished\":\"2023-12-22T12:23:45+00:00\",\"dateModified\":\"2023-12-22T12:23:46+00:00\",\"mainEntityOfPage\":{\"@id\":\"https:\/\/www.safinel.fr\/decalage-horaire-afrique-du-sud-france\/\"},\"wordCount\":766,\"publisher\":{\"@id\":\"https:\/\/www.safinel.fr\/#organization\"},\"image\":{\"@id\":\"https:\/\/www.safinel.fr\/decalage-horaire-afrique-du-sud-france\/#primaryimage\"},\"thumbnailUrl\":\"https:\/\/www.safinel.fr\/wp-content\/uploads\/2023\/12\/decalage-horaire-entre-lAfrique-du-Sud-et-la-France.jpg\",\"articleSection\":[\"Divers\"],\"inLanguage\":\"es\"},{\"@type\":\"WebPage\",\"@id\":\"https:\/\/www.safinel.fr\/decalage-horaire-afrique-du-sud-france\/\",\"url\":\"https:\/\/www.safinel.fr\/decalage-horaire-afrique-du-sud-france\/\",\"name\":\"D\u00e9calage horaire Afrique du sud France | Le guide pratique\",\"isPartOf\":{\"@id\":\"https:\/\/www.safinel.fr\/#website\"},\"primaryImageOfPage\":{\"@id\":\"https:\/\/www.safinel.fr\/decalage-horaire-afrique-du-sud-france\/#primaryimage\"},\"image\":{\"@id\":\"https:\/\/www.safinel.fr\/decalage-horaire-afrique-du-sud-france\/#primaryimage\"},\"thumbnailUrl\":\"https:\/\/www.safinel.fr\/wp-content\/uploads\/2023\/12\/decalage-horaire-entre-lAfrique-du-Sud-et-la-France.jpg\",\"datePublished\":\"2023-12-22T12:23:45+00:00\",\"dateModified\":\"2023-12-22T12:23:46+00:00\",\"description\":\"Dans cet article, nous vous apporterons toutes les informations n\u00e9cessaires concernant le d\u00e9calage horaire Afrique du sud France.\",\"breadcrumb\":{\"@id\":\"https:\/\/www.safinel.fr\/decalage-horaire-afrique-du-sud-france\/#breadcrumb\"},\"inLanguage\":\"es\",\"potentialAction\":[{\"@type\":\"ReadAction\",\"target\":[\"https:\/\/www.safinel.fr\/decalage-horaire-afrique-du-sud-france\/\"]}]},{\"@type\":\"ImageObject\",\"inLanguage\":\"es\",\"@id\":\"https:\/\/www.safinel.fr\/decalage-horaire-afrique-du-sud-france\/#primaryimage\",\"url\":\"https:\/\/www.safinel.fr\/wp-content\/uploads\/2023\/12\/decalage-horaire-entre-lAfrique-du-Sud-et-la-France.jpg\",\"contentUrl\":\"https:\/\/www.safinel.fr\/wp-content\/uploads\/2023\/12\/decalage-horaire-entre-lAfrique-du-Sud-et-la-France.jpg\",\"width\":1100,\"height\":578,\"caption\":\"D\u00e9calage horaire Afrique du sud France\"},{\"@type\":\"BreadcrumbList\",\"@id\":\"https:\/\/www.safinel.fr\/decalage-horaire-afrique-du-sud-france\/#breadcrumb\",\"itemListElement\":[{\"@type\":\"ListItem\",\"position\":1,\"name\":\"Accueil\",\"item\":\"https:\/\/www.safinel.fr\/\"},{\"@type\":\"ListItem\",\"position\":2,\"name\":\"Tout savoir sur le d\u00e9calage horaire entre l&#8217;Afrique du Sud et la France\"}]},{\"@type\":\"WebSite\",\"@id\":\"https:\/\/www.safinel.fr\/#website\",\"url\":\"https:\/\/www.safinel.fr\/\",\"name\":\"Safinel\",\"description\":\"\",\"publisher\":{\"@id\":\"https:\/\/www.safinel.fr\/#organization\"},\"potentialAction\":[{\"@type\":\"SearchAction\",\"target\":{\"@type\":\"EntryPoint\",\"urlTemplate\":\"https:\/\/www.safinel.fr\/?s={search_term_string}\"},\"query-input\":{\"@type\":\"PropertyValueSpecification\",\"valueRequired\":true,\"valueName\":\"search_term_string\"}}],\"inLanguage\":\"es\"},{\"@type\":\"Organization\",\"@id\":\"https:\/\/www.safinel.fr\/#organization\",\"name\":\"Safinel\",\"url\":\"https:\/\/www.safinel.fr\/\",\"logo\":{\"@type\":\"ImageObject\",\"inLanguage\":\"es\",\"@id\":\"https:\/\/www.safinel.fr\/#\/schema\/logo\/image\/\",\"url\":\"https:\/\/www.safinel.fr\/wp-content\/uploads\/2021\/05\/boutique-cosmetique.png\",\"contentUrl\":\"https:\/\/www.safinel.fr\/wp-content\/uploads\/2021\/05\/boutique-cosmetique.png\",\"width\":800,\"height\":200,\"caption\":\"Safinel\"},\"image\":{\"@id\":\"https:\/\/www.safinel.fr\/#\/schema\/logo\/image\/\"}},{\"@type\":\"Person\",\"@id\":\"https:\/\/www.safinel.fr\/#\/schema\/person\/47f7357f8aa8a41a796811d3f8a3e055\",\"name\":\"Naj\",\"image\":{\"@type\":\"ImageObject\",\"inLanguage\":\"es\",\"@id\":\"https:\/\/www.safinel.fr\/#\/schema\/person\/image\/\",\"url\":\"https:\/\/secure.gravatar.com\/avatar\/5c0fa4f0bce748d4964b7d68e4b0ee1d8e3120edba58a55893ced967bd2093b5?s=96&d=mm&r=g\",\"contentUrl\":\"https:\/\/secure.gravatar.com\/avatar\/5c0fa4f0bce748d4964b7d68e4b0ee1d8e3120edba58a55893ced967bd2093b5?s=96&d=mm&r=g\",\"caption\":\"Naj\"},\"url\":\"https:\/\/www.safinel.fr\/es\/author\/naj\/\"}]}<\/script>\n<!-- \/ Yoast SEO plugin. -->","yoast_head_json":{"title":"Diferencia horaria Sud\u00e1frica Francia | Gu\u00eda pr\u00e1ctica","description":"En este art\u00edculo, le daremos toda la informaci\u00f3n que necesita sobre la diferencia horaria entre Sud\u00e1frica y Francia.","robots":{"index":"index","follow":"follow","max-snippet":"max-snippet:-1","max-image-preview":"max-image-preview:large","max-video-preview":"max-video-preview:-1"},"canonical":"https:\/\/www.safinel.fr\/es\/diferencia-horaria-sudafrica-francia\/","og_locale":"es_ES","og_type":"article","og_title":"D\u00e9calage horaire Afrique du sud France | Le guide pratique","og_description":"Dans cet article, nous vous apporterons toutes les informations n\u00e9cessaires concernant le d\u00e9calage horaire Afrique du sud France.","og_url":"https:\/\/www.safinel.fr\/es\/diferencia-horaria-sudafrica-francia\/","og_site_name":"Safinel","article_published_time":"2023-12-22T12:23:45+00:00","article_modified_time":"2023-12-22T12:23:46+00:00","og_image":[{"width":1100,"height":578,"url":"https:\/\/www.safinel.fr\/wp-content\/uploads\/2023\/12\/decalage-horaire-entre-lAfrique-du-Sud-et-la-France.jpg","type":"image\/jpeg"}],"author":"Naj","twitter_card":"summary_large_image","twitter_misc":{"Escrito por":"Naj","Tiempo de lectura":"4 minutos"},"schema":{"@context":"https:\/\/schema.org","@graph":[{"@type":"Article","@id":"https:\/\/www.safinel.fr\/decalage-horaire-afrique-du-sud-france\/#article","isPartOf":{"@id":"https:\/\/www.safinel.fr\/decalage-horaire-afrique-du-sud-france\/"},"author":{"name":"Naj","@id":"https:\/\/www.safinel.fr\/#\/schema\/person\/47f7357f8aa8a41a796811d3f8a3e055"},"headline":"Tout savoir sur le d\u00e9calage horaire entre l&rsquo;Afrique du Sud et la France","datePublished":"2023-12-22T12:23:45+00:00","dateModified":"2023-12-22T12:23:46+00:00","mainEntityOfPage":{"@id":"https:\/\/www.safinel.fr\/decalage-horaire-afrique-du-sud-france\/"},"wordCount":766,"publisher":{"@id":"https:\/\/www.safinel.fr\/#organization"},"image":{"@id":"https:\/\/www.safinel.fr\/decalage-horaire-afrique-du-sud-france\/#primaryimage"},"thumbnailUrl":"https:\/\/www.safinel.fr\/wp-content\/uploads\/2023\/12\/decalage-horaire-entre-lAfrique-du-Sud-et-la-France.jpg","articleSection":["Divers"],"inLanguage":"es"},{"@type":"WebPage","@id":"https:\/\/www.safinel.fr\/decalage-horaire-afrique-du-sud-france\/","url":"https:\/\/www.safinel.fr\/decalage-horaire-afrique-du-sud-france\/","name":"Diferencia horaria Sud\u00e1frica Francia | Gu\u00eda pr\u00e1ctica","isPartOf":{"@id":"https:\/\/www.safinel.fr\/#website"},"primaryImageOfPage":{"@id":"https:\/\/www.safinel.fr\/decalage-horaire-afrique-du-sud-france\/#primaryimage"},"image":{"@id":"https:\/\/www.safinel.fr\/decalage-horaire-afrique-du-sud-france\/#primaryimage"},"thumbnailUrl":"https:\/\/www.safinel.fr\/wp-content\/uploads\/2023\/12\/decalage-horaire-entre-lAfrique-du-Sud-et-la-France.jpg","datePublished":"2023-12-22T12:23:45+00:00","dateModified":"2023-12-22T12:23:46+00:00","description":"En este art\u00edculo, le daremos toda la informaci\u00f3n que necesita sobre la diferencia horaria entre Sud\u00e1frica y Francia.","breadcrumb":{"@id":"https:\/\/www.safinel.fr\/decalage-horaire-afrique-du-sud-france\/#breadcrumb"},"inLanguage":"es","potentialAction":[{"@type":"ReadAction","target":["https:\/\/www.safinel.fr\/decalage-horaire-afrique-du-sud-france\/"]}]},{"@type":"ImageObject","inLanguage":"es","@id":"https:\/\/www.safinel.fr\/decalage-horaire-afrique-du-sud-france\/#primaryimage","url":"https:\/\/www.safinel.fr\/wp-content\/uploads\/2023\/12\/decalage-horaire-entre-lAfrique-du-Sud-et-la-France.jpg","contentUrl":"https:\/\/www.safinel.fr\/wp-content\/uploads\/2023\/12\/decalage-horaire-entre-lAfrique-du-Sud-et-la-France.jpg","width":1100,"height":578,"caption":"D\u00e9calage horaire Afrique du sud France"},{"@type":"BreadcrumbList","@id":"https:\/\/www.safinel.fr\/decalage-horaire-afrique-du-sud-france\/#breadcrumb","itemListElement":[{"@type":"ListItem","position":1,"name":"Accueil","item":"https:\/\/www.safinel.fr\/"},{"@type":"ListItem","position":2,"name":"Tout savoir sur le d\u00e9calage horaire entre l&#8217;Afrique du Sud et la France"}]},{"@type":"WebSite","@id":"https:\/\/www.safinel.fr\/#website","url":"https:\/\/www.safinel.fr\/","name":"Safinel","description":"","publisher":{"@id":"https:\/\/www.safinel.fr\/#organization"},"potentialAction":[{"@type":"SearchAction","target":{"@type":"EntryPoint","urlTemplate":"https:\/\/www.safinel.fr\/?s={search_term_string}"},"query-input":{"@type":"PropertyValueSpecification","valueRequired":true,"valueName":"search_term_string"}}],"inLanguage":"es"},{"@type":"Organization","@id":"https:\/\/www.safinel.fr\/#organization","name":"Safinel","url":"https:\/\/www.safinel.fr\/","logo":{"@type":"ImageObject","inLanguage":"es","@id":"https:\/\/www.safinel.fr\/#\/schema\/logo\/image\/","url":"https:\/\/www.safinel.fr\/wp-content\/uploads\/2021\/05\/boutique-cosmetique.png","contentUrl":"https:\/\/www.safinel.fr\/wp-content\/uploads\/2021\/05\/boutique-cosmetique.png","width":800,"height":200,"caption":"Safinel"},"image":{"@id":"https:\/\/www.safinel.fr\/#\/schema\/logo\/image\/"}},{"@type":"Person","@id":"https:\/\/www.safinel.fr\/#\/schema\/person\/47f7357f8aa8a41a796811d3f8a3e055","name":"Naj","image":{"@type":"ImageObject","inLanguage":"es","@id":"https:\/\/www.safinel.fr\/#\/schema\/person\/image\/","url":"https:\/\/secure.gravatar.com\/avatar\/5c0fa4f0bce748d4964b7d68e4b0ee1d8e3120edba58a55893ced967bd2093b5?s=96&d=mm&r=g","contentUrl":"https:\/\/secure.gravatar.com\/avatar\/5c0fa4f0bce748d4964b7d68e4b0ee1d8e3120edba58a55893ced967bd2093b5?s=96&d=mm&r=g","caption":"Naj"},"url":"https:\/\/www.safinel.fr\/es\/author\/naj\/"}]}},"_links":{"self":[{"href":"https:\/\/www.safinel.fr\/es\/wp-json\/wp\/v2\/posts\/10381","targetHints":{"allow":["GET"]}}],"collection":[{"href":"https:\/\/www.safinel.fr\/es\/wp-json\/wp\/v2\/posts"}],"about":[{"href":"https:\/\/www.safinel.fr\/es\/wp-json\/wp\/v2\/types\/post"}],"author":[{"embeddable":true,"href":"https:\/\/www.safinel.fr\/es\/wp-json\/wp\/v2\/users\/156"}],"replies":[{"embeddable":true,"href":"https:\/\/www.safinel.fr\/es\/wp-json\/wp\/v2\/comments?post=10381"}],"version-history":[{"count":1,"href":"https:\/\/www.safinel.fr\/es\/wp-json\/wp\/v2\/posts\/10381\/revisions"}],"predecessor-version":[{"id":10383,"href":"https:\/\/www.safinel.fr\/es\/wp-json\/wp\/v2\/posts\/10381\/revisions\/10383"}],"wp:featuredmedia":[{"embeddable":true,"href":"https:\/\/www.safinel.fr\/es\/wp-json\/wp\/v2\/media\/10382"}],"wp:attachment":[{"href":"https:\/\/www.safinel.fr\/es\/wp-json\/wp\/v2\/media?parent=10381"}],"wp:term":[{"taxonomy":"category","embeddable":true,"href":"https:\/\/www.safinel.fr\/es\/wp-json\/wp\/v2\/categories?post=10381"},{"taxonomy":"post_tag","embeddable":true,"href":"https:\/\/www.safinel.fr\/es\/wp-json\/wp\/v2\/tags?post=10381"}],"curies":[{"name":"wp","href":"https:\/\/api.w.org\/{rel}","templated":true}]}}