{"id":9775,"date":"2023-11-22T16:53:35","date_gmt":"2023-11-22T16:53:35","guid":{"rendered":"https:\/\/www.safinel.fr\/?p=9775"},"modified":"2023-11-22T16:53:38","modified_gmt":"2023-11-22T16:53:38","slug":"afrikanisches-baby","status":"publish","type":"post","link":"https:\/\/www.safinel.fr\/de\/afrikanisches-baby\/","title":{"rendered":"Die farbenfrohe und fesselnde Welt der Babys aus Afrika"},"content":{"rendered":"<p>Wer w\u00fcrde nicht von der einzigartigen Sch\u00f6nheit und dem festlichen Geist eines&nbsp;<strong>afrikanisches Baby<\/strong>&nbsp;? Bilder und Fotos von diesen s\u00fc\u00dfen kleinen Partyg\u00e4sten \u00fcberschwemmen regelm\u00e4\u00dfig die sozialen Medien, Nachrichten und sogar die Werbung. Diese faszinierenden Schnappsch\u00fcsse sind nicht nur sch\u00f6n anzusehen, sondern offenbaren auch den kulturellen und sozialen Reichtum des Kontinents. In diesem Artikel tauchen wir in diese fesselnde Welt ein, in der sich jahrhundertealte Traditionen mit zeitgen\u00f6ssischer Dynamik verbinden.<\/p>\n\n\n\n<h2 class=\"wp-block-heading\"><strong>Traditionelle Rituale rund um die Geburt<\/strong><\/h2>\n\n\n\n<p>Die Geburt eines Kindes in Afrika ist mehr als nur ein Familienereignis: In vielen Gemeinschaften wird der S\u00e4ugling durch uralte Rituale in die Gesellschaft eingef\u00fchrt.<\/p>\n\n\n\n<h3 class=\"wp-block-heading\"><strong>Die Pflege afrikanischer Babys<\/strong><\/h3>\n\n\n\n<p>Von den ersten Tagen an k\u00fcmmern sich die M\u00fctter liebevoll und fachkundig um ihre Kleinkinder. Zu den Praktiken, die auf dem gesamten Kontinent \u00fcblich sind, geh\u00f6rt die t\u00e4gliche K\u00f6rpermassage mit nat\u00fcrlichen \u00d6len.&nbsp;<strong>Die Bedeutung, die dieser Technik beigemessen wird, erm\u00f6glicht es insbesondere der zarten Haut von S\u00e4uglingen, sich an das lokale Klima anzupassen<\/strong>, Sie k\u00f6nnen sich auch in der Nacht entspannen, indem Sie die Muskeln entspannen und die Schlafqualit\u00e4t verbessern.<\/p>\n\n\n\n<h3 class=\"wp-block-heading\"><strong>Initiationsriten und Vornamen<\/strong><\/h3>\n\n\n\n<p>Jede Gemeinschaft hat ihre eigenen Rituale, um die Geburt eines Kindes zu markieren. Zu den am weitesten verbreiteten geh\u00f6ren das\u00a0<strong>\u00abNaming\u00bb (Namensgebung)\u00bb<\/strong>. W\u00e4hrend dieser Zeit wenden sich die Eltern an einen \u00f6rtlichen W\u00fcrdentr\u00e4ger, der der \u00d6ffentlichkeit den Namen des Babys bekannt gibt. Die Namen haben oft eine starke Symbolik und spiegeln die Hoffnungen und Erwartungen wider, die in das Kind gesetzt werden.<\/p>\n\n\n\n<h2 class=\"wp-block-heading\"><strong>Bunte und traditionelle Kleidung<\/strong><\/h2>\n\n\n\n<p>Wenn die Fotos von\u00a0<strong>afrikanische Babys<\/strong>\u00a0das Publikum auf der ganzen Welt so sehr verzaubern. Das liegt vor allem an den schillernden und bunten Kleidern, in denen sie gekleidet sind. Die farbenfrohen und gemusterten <strong><a href=\"https:\/\/www.safinel.fr\/de\/afrikanischer-bubu-mann\/\">Kleidung<\/a><\/strong> zeugen von der sozialen und kulturellen Zugeh\u00f6rigkeit des Kleinkindes.<\/p>\n\n\n\n<h3 class=\"wp-block-heading\"><strong>Die Verwendung von Lendent\u00fcchern<\/strong><\/h3>\n\n\n\n<p>W\u00e4hrend dieser Stoff unbestritten ein wesentliches Symbol der afrikanischen Mode ist, wird er seit langem weitgehend f\u00fcr die Herstellung von Kinderkleidung verwendet. Die M\u00fctter <strong><a href=\"https:\/\/mamanetbebenature.fr\/12-couches-lavables-bebe\" target=\"_blank\" rel=\"noreferrer noopener\">h\u00e4ufig Lendenschurze als waschbare Windeln benutzten<\/a><\/strong>, So konnten sie ihre Jungen trotz der Hitze trocken halten.<\/p>\n\n\n\n<h3 class=\"wp-block-heading\"><strong>Traditionelle Trachten f\u00fcr religi\u00f6se und famili\u00e4re Zeremonien<\/strong><\/h3>\n\n\n\n<p>Hochzeiten, Taufen, Beerdigungen... Es gibt viele Gelegenheiten, Kinder mit besonderen Kleidungsst\u00fccken herauszuputzen. Diese immer sehr aktuellen Kleidungsst\u00fccke aus aufwendigen Stickereien und edlen Materialien sind Kunstwerke, die von lokalem Know-how zeugen.<\/p>\n\n\n\n<h3 class=\"wp-block-heading\"><strong>Afrikanische Babys als Maskottchen internationaler Veranstaltungen<\/strong><\/h3>\n\n\n\n<p>Seit einigen Jahren ist der unwiderstehliche Charme der Kinder Afrikas aus den Medien nicht mehr wegzudenken. Bei jedem gro\u00dfen Ereignis auf dem Kontinent verewigen sich die Fotografen gerne in diesen strahlenden kleinen Gesichtern.<\/p>\n\n\n\n<ul class=\"wp-block-list\">\n<li><strong>Sportliche Wettk\u00e4mpfe<\/strong><\/li>\n<\/ul>\n\n\n\n<p>W\u00e4hrend Turnieren wie der Weltmeisterschaft oder dem African Nations Cup str\u00f6men Familien in die Stadien und tragen stolz die Farben ihrer Nation. Die Klischees von&nbsp;<strong>afrikanische Babys<\/strong>&nbsp;verkleidet und verkleidet systematisch die Aufmerksamkeit der Medien auf sich ziehen und oft im Internet die Runde machen.<\/p>\n\n\n\n<ul class=\"wp-block-list\">\n<li><strong>Kulturelle Festivals<\/strong><\/li>\n<\/ul>\n\n\n\n<p>Neben den gro\u00dfen Sportereignissen vibriert Afrika auch im Rhythmus seiner zahlreichen k\u00fcnstlerischen und traditionellen Veranstaltungen. Verkleidet, geschminkt und mit spektakul\u00e4ren Frisuren spielen die Kinder eine zentrale Rolle bei diesen Festen und verbreiten die ansteckende Freude, die den Kulturen des Kontinents eigen ist.<\/p>","protected":false},"excerpt":{"rendered":"<p>Wer w\u00fcrde nicht von der einzigartigen Sch\u00f6nheit und dem festlichen Geist eines afrikanischen Babys begeistert sein? Bilder und Fotos dieser entz\u00fcckenden kleinen Partyg\u00e4ste \u00fcberschwemmen regelm\u00e4\u00dfig die sozialen Medien, die Nachrichten und sogar die Werbung. Diese faszinierenden Schnappsch\u00fcsse sind nicht nur sch\u00f6n anzusehen, sondern offenbaren auch den kulturellen und sozialen Reichtum des Kontinents. [...]","protected":false},"author":156,"featured_media":9776,"comment_status":"closed","ping_status":"closed","sticky":false,"template":"","format":"standard","meta":{"footnotes":""},"categories":[1],"tags":[],"class_list":["post-9775","post","type-post","status-publish","format-standard","has-post-thumbnail","hentry","category-divers"],"yoast_head":"<!-- This site is optimized with the Yoast SEO plugin v26.6 - https:\/\/yoast.com\/wordpress\/plugins\/seo\/ -->\n<title>B\u00e9b\u00e9 africain | L&#039;univers color\u00e9 et captivant \u00e0 d\u00e9couvrir<\/title>\n<meta name=\"description\" content=\"Qui ne serait pas \u00e9merveill\u00e9 par la beaut\u00e9 unique et l&#039;esprit festif d&#039;un\u00a0b\u00e9b\u00e9 africain\u00a0? Zoom sur les origines \u00e0 conna\u00eetre !\" \/>\n<meta name=\"robots\" content=\"index, follow, max-snippet:-1, max-image-preview:large, max-video-preview:-1\" \/>\n<link rel=\"canonical\" href=\"https:\/\/www.safinel.fr\/de\/afrikanisches-baby\/\" \/>\n<meta property=\"og:locale\" content=\"de_DE\" \/>\n<meta property=\"og:type\" content=\"article\" \/>\n<meta property=\"og:title\" content=\"B\u00e9b\u00e9 africain | L&#039;univers color\u00e9 et captivant \u00e0 d\u00e9couvrir\" \/>\n<meta property=\"og:description\" content=\"Qui ne serait pas \u00e9merveill\u00e9 par la beaut\u00e9 unique et l&#039;esprit festif d&#039;un\u00a0b\u00e9b\u00e9 africain\u00a0? Zoom sur les origines \u00e0 conna\u00eetre !\" \/>\n<meta property=\"og:url\" content=\"https:\/\/www.safinel.fr\/de\/afrikanisches-baby\/\" \/>\n<meta property=\"og:site_name\" content=\"Safinel\" \/>\n<meta property=\"article:published_time\" content=\"2023-11-22T16:53:35+00:00\" \/>\n<meta property=\"article:modified_time\" content=\"2023-11-22T16:53:38+00:00\" \/>\n<meta property=\"og:image\" content=\"https:\/\/www.safinel.fr\/wp-content\/uploads\/2023\/11\/Les-bebes-dAfrique.jpg\" \/>\n\t<meta property=\"og:image:width\" content=\"1100\" \/>\n\t<meta property=\"og:image:height\" content=\"578\" \/>\n\t<meta property=\"og:image:type\" content=\"image\/jpeg\" \/>\n<meta name=\"author\" content=\"Naj\" \/>\n<meta name=\"twitter:card\" content=\"summary_large_image\" \/>\n<meta name=\"twitter:label1\" content=\"Verfasst von\" \/>\n\t<meta name=\"twitter:data1\" content=\"Naj\" \/>\n\t<meta name=\"twitter:label2\" content=\"Gesch\u00e4tzte Lesezeit\" \/>\n\t<meta name=\"twitter:data2\" content=\"3\u00a0Minuten\" \/>\n<script type=\"application\/ld+json\" class=\"yoast-schema-graph\">{\"@context\":\"https:\/\/schema.org\",\"@graph\":[{\"@type\":\"Article\",\"@id\":\"https:\/\/www.safinel.fr\/bebe-africain\/#article\",\"isPartOf\":{\"@id\":\"https:\/\/www.safinel.fr\/bebe-africain\/\"},\"author\":{\"name\":\"Naj\",\"@id\":\"https:\/\/www.safinel.fr\/#\/schema\/person\/47f7357f8aa8a41a796811d3f8a3e055\"},\"headline\":\"L&rsquo;univers color\u00e9 et captivant des b\u00e9b\u00e9s d&rsquo;Afrique\",\"datePublished\":\"2023-11-22T16:53:35+00:00\",\"dateModified\":\"2023-11-22T16:53:38+00:00\",\"mainEntityOfPage\":{\"@id\":\"https:\/\/www.safinel.fr\/bebe-africain\/\"},\"wordCount\":642,\"publisher\":{\"@id\":\"https:\/\/www.safinel.fr\/#organization\"},\"image\":{\"@id\":\"https:\/\/www.safinel.fr\/bebe-africain\/#primaryimage\"},\"thumbnailUrl\":\"https:\/\/www.safinel.fr\/wp-content\/uploads\/2023\/11\/Les-bebes-dAfrique.jpg\",\"articleSection\":[\"Divers\"],\"inLanguage\":\"de\"},{\"@type\":\"WebPage\",\"@id\":\"https:\/\/www.safinel.fr\/bebe-africain\/\",\"url\":\"https:\/\/www.safinel.fr\/bebe-africain\/\",\"name\":\"B\u00e9b\u00e9 africain | L'univers color\u00e9 et captivant \u00e0 d\u00e9couvrir\",\"isPartOf\":{\"@id\":\"https:\/\/www.safinel.fr\/#website\"},\"primaryImageOfPage\":{\"@id\":\"https:\/\/www.safinel.fr\/bebe-africain\/#primaryimage\"},\"image\":{\"@id\":\"https:\/\/www.safinel.fr\/bebe-africain\/#primaryimage\"},\"thumbnailUrl\":\"https:\/\/www.safinel.fr\/wp-content\/uploads\/2023\/11\/Les-bebes-dAfrique.jpg\",\"datePublished\":\"2023-11-22T16:53:35+00:00\",\"dateModified\":\"2023-11-22T16:53:38+00:00\",\"description\":\"Qui ne serait pas \u00e9merveill\u00e9 par la beaut\u00e9 unique et l'esprit festif d'un\u00a0b\u00e9b\u00e9 africain\u00a0? Zoom sur les origines \u00e0 conna\u00eetre !\",\"breadcrumb\":{\"@id\":\"https:\/\/www.safinel.fr\/bebe-africain\/#breadcrumb\"},\"inLanguage\":\"de\",\"potentialAction\":[{\"@type\":\"ReadAction\",\"target\":[\"https:\/\/www.safinel.fr\/bebe-africain\/\"]}]},{\"@type\":\"ImageObject\",\"inLanguage\":\"de\",\"@id\":\"https:\/\/www.safinel.fr\/bebe-africain\/#primaryimage\",\"url\":\"https:\/\/www.safinel.fr\/wp-content\/uploads\/2023\/11\/Les-bebes-dAfrique.jpg\",\"contentUrl\":\"https:\/\/www.safinel.fr\/wp-content\/uploads\/2023\/11\/Les-bebes-dAfrique.jpg\",\"width\":1100,\"height\":578,\"caption\":\"L'univers color\u00e9 et captivant des b\u00e9b\u00e9s d'Afrique\"},{\"@type\":\"BreadcrumbList\",\"@id\":\"https:\/\/www.safinel.fr\/bebe-africain\/#breadcrumb\",\"itemListElement\":[{\"@type\":\"ListItem\",\"position\":1,\"name\":\"Accueil\",\"item\":\"https:\/\/www.safinel.fr\/\"},{\"@type\":\"ListItem\",\"position\":2,\"name\":\"L&#8217;univers color\u00e9 et captivant des b\u00e9b\u00e9s d&#8217;Afrique\"}]},{\"@type\":\"WebSite\",\"@id\":\"https:\/\/www.safinel.fr\/#website\",\"url\":\"https:\/\/www.safinel.fr\/\",\"name\":\"Safinel\",\"description\":\"\",\"publisher\":{\"@id\":\"https:\/\/www.safinel.fr\/#organization\"},\"potentialAction\":[{\"@type\":\"SearchAction\",\"target\":{\"@type\":\"EntryPoint\",\"urlTemplate\":\"https:\/\/www.safinel.fr\/?s={search_term_string}\"},\"query-input\":{\"@type\":\"PropertyValueSpecification\",\"valueRequired\":true,\"valueName\":\"search_term_string\"}}],\"inLanguage\":\"de\"},{\"@type\":\"Organization\",\"@id\":\"https:\/\/www.safinel.fr\/#organization\",\"name\":\"Safinel\",\"url\":\"https:\/\/www.safinel.fr\/\",\"logo\":{\"@type\":\"ImageObject\",\"inLanguage\":\"de\",\"@id\":\"https:\/\/www.safinel.fr\/#\/schema\/logo\/image\/\",\"url\":\"https:\/\/www.safinel.fr\/wp-content\/uploads\/2021\/05\/boutique-cosmetique.png\",\"contentUrl\":\"https:\/\/www.safinel.fr\/wp-content\/uploads\/2021\/05\/boutique-cosmetique.png\",\"width\":800,\"height\":200,\"caption\":\"Safinel\"},\"image\":{\"@id\":\"https:\/\/www.safinel.fr\/#\/schema\/logo\/image\/\"}},{\"@type\":\"Person\",\"@id\":\"https:\/\/www.safinel.fr\/#\/schema\/person\/47f7357f8aa8a41a796811d3f8a3e055\",\"name\":\"Naj\",\"image\":{\"@type\":\"ImageObject\",\"inLanguage\":\"de\",\"@id\":\"https:\/\/www.safinel.fr\/#\/schema\/person\/image\/\",\"url\":\"https:\/\/secure.gravatar.com\/avatar\/5c0fa4f0bce748d4964b7d68e4b0ee1d8e3120edba58a55893ced967bd2093b5?s=96&d=mm&r=g\",\"contentUrl\":\"https:\/\/secure.gravatar.com\/avatar\/5c0fa4f0bce748d4964b7d68e4b0ee1d8e3120edba58a55893ced967bd2093b5?s=96&d=mm&r=g\",\"caption\":\"Naj\"},\"url\":\"https:\/\/www.safinel.fr\/de\/author\/naj\/\"}]}<\/script>\n<!-- \/ Yoast SEO plugin. -->","yoast_head_json":{"title":"Afrikanisches Baby | Die farbenfrohe und fesselnde Welt zum Entdecken","description":"Wer w\u00fcrde nicht \u00fcber die einzigartige Sch\u00f6nheit und den festlichen Geist eines afrikanischen Babys staunen? Zoom auf die Urspr\u00fcnge, die Sie kennen sollten!","robots":{"index":"index","follow":"follow","max-snippet":"max-snippet:-1","max-image-preview":"max-image-preview:large","max-video-preview":"max-video-preview:-1"},"canonical":"https:\/\/www.safinel.fr\/de\/afrikanisches-baby\/","og_locale":"de_DE","og_type":"article","og_title":"B\u00e9b\u00e9 africain | L'univers color\u00e9 et captivant \u00e0 d\u00e9couvrir","og_description":"Qui ne serait pas \u00e9merveill\u00e9 par la beaut\u00e9 unique et l'esprit festif d'un\u00a0b\u00e9b\u00e9 africain\u00a0? Zoom sur les origines \u00e0 conna\u00eetre !","og_url":"https:\/\/www.safinel.fr\/de\/afrikanisches-baby\/","og_site_name":"Safinel","article_published_time":"2023-11-22T16:53:35+00:00","article_modified_time":"2023-11-22T16:53:38+00:00","og_image":[{"width":1100,"height":578,"url":"https:\/\/www.safinel.fr\/wp-content\/uploads\/2023\/11\/Les-bebes-dAfrique.jpg","type":"image\/jpeg"}],"author":"Naj","twitter_card":"summary_large_image","twitter_misc":{"Verfasst von":"Naj","Gesch\u00e4tzte Lesezeit":"3\u00a0Minuten"},"schema":{"@context":"https:\/\/schema.org","@graph":[{"@type":"Article","@id":"https:\/\/www.safinel.fr\/bebe-africain\/#article","isPartOf":{"@id":"https:\/\/www.safinel.fr\/bebe-africain\/"},"author":{"name":"Naj","@id":"https:\/\/www.safinel.fr\/#\/schema\/person\/47f7357f8aa8a41a796811d3f8a3e055"},"headline":"L&rsquo;univers color\u00e9 et captivant des b\u00e9b\u00e9s d&rsquo;Afrique","datePublished":"2023-11-22T16:53:35+00:00","dateModified":"2023-11-22T16:53:38+00:00","mainEntityOfPage":{"@id":"https:\/\/www.safinel.fr\/bebe-africain\/"},"wordCount":642,"publisher":{"@id":"https:\/\/www.safinel.fr\/#organization"},"image":{"@id":"https:\/\/www.safinel.fr\/bebe-africain\/#primaryimage"},"thumbnailUrl":"https:\/\/www.safinel.fr\/wp-content\/uploads\/2023\/11\/Les-bebes-dAfrique.jpg","articleSection":["Divers"],"inLanguage":"de"},{"@type":"WebPage","@id":"https:\/\/www.safinel.fr\/bebe-africain\/","url":"https:\/\/www.safinel.fr\/bebe-africain\/","name":"Afrikanisches Baby | Die farbenfrohe und fesselnde Welt zum Entdecken","isPartOf":{"@id":"https:\/\/www.safinel.fr\/#website"},"primaryImageOfPage":{"@id":"https:\/\/www.safinel.fr\/bebe-africain\/#primaryimage"},"image":{"@id":"https:\/\/www.safinel.fr\/bebe-africain\/#primaryimage"},"thumbnailUrl":"https:\/\/www.safinel.fr\/wp-content\/uploads\/2023\/11\/Les-bebes-dAfrique.jpg","datePublished":"2023-11-22T16:53:35+00:00","dateModified":"2023-11-22T16:53:38+00:00","description":"Wer w\u00fcrde nicht \u00fcber die einzigartige Sch\u00f6nheit und den festlichen Geist eines afrikanischen Babys staunen? Zoom auf die Urspr\u00fcnge, die Sie kennen sollten!","breadcrumb":{"@id":"https:\/\/www.safinel.fr\/bebe-africain\/#breadcrumb"},"inLanguage":"de","potentialAction":[{"@type":"ReadAction","target":["https:\/\/www.safinel.fr\/bebe-africain\/"]}]},{"@type":"ImageObject","inLanguage":"de","@id":"https:\/\/www.safinel.fr\/bebe-africain\/#primaryimage","url":"https:\/\/www.safinel.fr\/wp-content\/uploads\/2023\/11\/Les-bebes-dAfrique.jpg","contentUrl":"https:\/\/www.safinel.fr\/wp-content\/uploads\/2023\/11\/Les-bebes-dAfrique.jpg","width":1100,"height":578,"caption":"L'univers color\u00e9 et captivant des b\u00e9b\u00e9s d'Afrique"},{"@type":"BreadcrumbList","@id":"https:\/\/www.safinel.fr\/bebe-africain\/#breadcrumb","itemListElement":[{"@type":"ListItem","position":1,"name":"Accueil","item":"https:\/\/www.safinel.fr\/"},{"@type":"ListItem","position":2,"name":"L&#8217;univers color\u00e9 et captivant des b\u00e9b\u00e9s d&#8217;Afrique"}]},{"@type":"WebSite","@id":"https:\/\/www.safinel.fr\/#website","url":"https:\/\/www.safinel.fr\/","name":"Safinel","description":"","publisher":{"@id":"https:\/\/www.safinel.fr\/#organization"},"potentialAction":[{"@type":"SearchAction","target":{"@type":"EntryPoint","urlTemplate":"https:\/\/www.safinel.fr\/?s={search_term_string}"},"query-input":{"@type":"PropertyValueSpecification","valueRequired":true,"valueName":"search_term_string"}}],"inLanguage":"de"},{"@type":"Organization","@id":"https:\/\/www.safinel.fr\/#organization","name":"Safinel","url":"https:\/\/www.safinel.fr\/","logo":{"@type":"ImageObject","inLanguage":"de","@id":"https:\/\/www.safinel.fr\/#\/schema\/logo\/image\/","url":"https:\/\/www.safinel.fr\/wp-content\/uploads\/2021\/05\/boutique-cosmetique.png","contentUrl":"https:\/\/www.safinel.fr\/wp-content\/uploads\/2021\/05\/boutique-cosmetique.png","width":800,"height":200,"caption":"Safinel"},"image":{"@id":"https:\/\/www.safinel.fr\/#\/schema\/logo\/image\/"}},{"@type":"Person","@id":"https:\/\/www.safinel.fr\/#\/schema\/person\/47f7357f8aa8a41a796811d3f8a3e055","name":"Naj","image":{"@type":"ImageObject","inLanguage":"de","@id":"https:\/\/www.safinel.fr\/#\/schema\/person\/image\/","url":"https:\/\/secure.gravatar.com\/avatar\/5c0fa4f0bce748d4964b7d68e4b0ee1d8e3120edba58a55893ced967bd2093b5?s=96&d=mm&r=g","contentUrl":"https:\/\/secure.gravatar.com\/avatar\/5c0fa4f0bce748d4964b7d68e4b0ee1d8e3120edba58a55893ced967bd2093b5?s=96&d=mm&r=g","caption":"Naj"},"url":"https:\/\/www.safinel.fr\/de\/author\/naj\/"}]}},"_links":{"self":[{"href":"https:\/\/www.safinel.fr\/de\/wp-json\/wp\/v2\/posts\/9775","targetHints":{"allow":["GET"]}}],"collection":[{"href":"https:\/\/www.safinel.fr\/de\/wp-json\/wp\/v2\/posts"}],"about":[{"href":"https:\/\/www.safinel.fr\/de\/wp-json\/wp\/v2\/types\/post"}],"author":[{"embeddable":true,"href":"https:\/\/www.safinel.fr\/de\/wp-json\/wp\/v2\/users\/156"}],"replies":[{"embeddable":true,"href":"https:\/\/www.safinel.fr\/de\/wp-json\/wp\/v2\/comments?post=9775"}],"version-history":[{"count":1,"href":"https:\/\/www.safinel.fr\/de\/wp-json\/wp\/v2\/posts\/9775\/revisions"}],"predecessor-version":[{"id":9777,"href":"https:\/\/www.safinel.fr\/de\/wp-json\/wp\/v2\/posts\/9775\/revisions\/9777"}],"wp:featuredmedia":[{"embeddable":true,"href":"https:\/\/www.safinel.fr\/de\/wp-json\/wp\/v2\/media\/9776"}],"wp:attachment":[{"href":"https:\/\/www.safinel.fr\/de\/wp-json\/wp\/v2\/media?parent=9775"}],"wp:term":[{"taxonomy":"category","embeddable":true,"href":"https:\/\/www.safinel.fr\/de\/wp-json\/wp\/v2\/categories?post=9775"},{"taxonomy":"post_tag","embeddable":true,"href":"https:\/\/www.safinel.fr\/de\/wp-json\/wp\/v2\/tags?post=9775"}],"curies":[{"name":"wp","href":"https:\/\/api.w.org\/{rel}","templated":true}]}}