{"id":8443,"date":"2023-09-10T18:44:52","date_gmt":"2023-09-10T18:44:52","guid":{"rendered":"https:\/\/www.safinel.fr\/?p=8443"},"modified":"2023-09-10T18:44:54","modified_gmt":"2023-09-10T18:44:54","slug":"ekzem-schwarze-haut","status":"publish","type":"post","link":"https:\/\/www.safinel.fr\/de\/ekzem-schwarze-haut\/","title":{"rendered":"Ekzem schwarze Haut: Diese Hauterkrankung verstehen und behandeln"},"content":{"rendered":"<p>L\u2019<strong>Ekzem schwarze Haut<\/strong>&nbsp;ist eine Hauterkrankung, die h\u00e4ufig bei Menschen mit dunkler Haut auftritt. Sie \u00e4u\u00dfert sich durch&nbsp;<strong>Juckreiz<\/strong>, Es kann zu R\u00f6tungen und trockenen Flecken auf der Haut kommen. In einigen F\u00e4llen kann sie zu einer&nbsp;<strong>Lichenifikation<\/strong>, Das ist eine Verdickung der Haut mit dunkleren Markierungen. Es ist von entscheidender Bedeutung, dass Sie die&nbsp;<strong>Symptome<\/strong>&nbsp;des Ekzems, um es wirksam behandeln zu k\u00f6nnen.<\/p>\n\n\n\n<h2 class=\"wp-block-heading\" id=\"h-les-diff-rents-types-d-ecz-ma-peau-noire\"><strong>Die verschiedenen Arten von Ekzemen schwarze Haut<\/strong><\/h2>\n\n\n\n<p>Es gibt verschiedene Arten von Ekzemen, die bei Menschen mit dunkler Haut auftreten k\u00f6nnen. Zu ihnen geh\u00f6ren :<\/p>\n\n\n\n<ul class=\"wp-block-list\">\n<li><strong>Atopische Dermatitis<\/strong>&nbsp;: Dies ist die h\u00e4ufigste Form des schwarzh\u00e4utigen Ekzems. Es ist durch eine chronische Entz\u00fcndung der Haut gekennzeichnet, die oft mit einer genetischen Veranlagung einhergeht.<\/li>\n\n\n\n<li><strong>Kontaktdermatitis<\/strong>\u00a0: Sie ist das Ergebnis einer allergischen Reaktion oder einer Reizung, die durch den Kontakt der Haut mit einer bestimmten Substanz (Parf\u00fcm, Seife, <strong><a href=\"https:\/\/www.safinel.fr\/de\/product-category-2\/baya-frau\/\">Schmuck<\/a><\/strong>, usw.).<\/li>\n\n\n\n<li><strong>Dyshidrose<\/strong>&nbsp;: Diese Form des Ekzems \u00e4u\u00dfert sich durch kleine, mit Fl\u00fcssigkeit gef\u00fcllte Blasen, die vor allem an den H\u00e4nden und F\u00fc\u00dfen auftreten.<\/li>\n<\/ul>\n\n\n\n<h2 class=\"wp-block-heading\" id=\"h-les-sympt-mes-de-l-ecz-ma-peau-noire\"><strong>Symptome des Ekzems schwarze Haut<\/strong><\/h2>\n\n\n\n<p>Ein schwarzes Hautekzem kann sich auf verschiedene Weise \u00e4u\u00dfern&nbsp;<strong>Symptome<\/strong>, Die Kosten sind je nach Schweregrad der Erkrankung unterschiedlich:<\/p>\n\n\n\n<ul class=\"wp-block-list\">\n<li><strong>Juckreiz<\/strong>&nbsp;: Sie sind oft das erste Anzeichen eines Ekzems. Der Juckreiz kann leicht oder stark sein und mit einem brennenden Gef\u00fchl einhergehen.<\/li>\n\n\n\n<li><strong>R\u00f6tung und Entz\u00fcndung<\/strong>&nbsp;: Die Haut wird rot und entz\u00fcndet sich aufgrund von allergischen oder entz\u00fcndlichen Reaktionen, die in den tieferen Hautschichten stattfinden.<\/li>\n\n\n\n<li><strong>Sch\u00e4len und trockene Stellen<\/strong>&nbsp;: Die Haut trocknet aus und wird rissig, sodass sich trockene, schuppige Stellen bilden.<\/li>\n\n\n\n<li><strong>N\u00e4ssen<\/strong>&nbsp;: In einigen F\u00e4llen kann die Haut eine klare oder gelbliche Fl\u00fcssigkeit austreten. Dieses Ph\u00e4nomen tritt h\u00e4ufiger bei Kontaktdermatitis oder Dyshidrose auf.<\/li>\n\n\n\n<li><strong>Lichenifikation<\/strong>&nbsp;: Die Verdickung der Haut und das Auftreten von dunkleren Markierungen sind Anzeichen f\u00fcr Lichenifikation, die durch chronisches Kratzen der betroffenen Stelle entsteht.<\/li>\n<\/ul>\n\n\n\n<h3 class=\"wp-block-heading\" id=\"h-la-couleur-de-l-ecz-ma-sur-les-peaux-fonc-es\"><strong>Die Farbe des Ekzems bei dunkler Haut<\/strong><\/h3>\n\n\n\n<p>Bei dunkler Haut k\u00f6nnen die Ekzemflecken st\u00e4rker auftreten.&nbsp;<strong>dunkel als die normale Hautfarbe<\/strong>. Dieser Farbunterschied kann die Diagnose erschweren, insbesondere wenn die Erkrankung mit anderen Hautproblemen wie Psoriasis oder Pilzinfektionen vermischt wird. Daher ist es wichtig, einen Hautarzt aufzusuchen, um eine genaue Diagnose und eine angemessene Behandlung zu erhalten.<\/p>\n\n\n\n<h2 class=\"wp-block-heading\" id=\"h-traitement-de-l-ecz-ma-peau-noire\"><strong>Behandlung von Ekzemen schwarze Haut<\/strong><\/h2>\n\n\n\n<p>Die Behandlung des Ekzems schwarze Haut beruht auf mehreren Schritten:<\/p>\n\n\n\n<ol class=\"wp-block-list\">\n<li><strong>Feuchtigkeitsversorgung der Haut<\/strong>&nbsp;: Verwenden Sie Weichmacher und Feuchtigkeitscremes, um die Hautbarriere wiederherzustellen und den Juckreiz zu lindern.<\/li>\n\n\n\n<li><strong>Entz\u00fcndungshemmende Mittel<\/strong>&nbsp;: Topische Kortikosteroide werden h\u00e4ufig verschrieben, um die Entz\u00fcndung und den Juckreiz zu reduzieren, die durch das Ekzem verursacht werden.<\/li>\n\n\n\n<li><strong>Behandlung von Infektionen<\/strong>&nbsp;: Wenn eine bakterielle oder Pilzinfektion vorliegt, sind Antibiotika oder Antimykotika erforderlich, um die Infektion zu behandeln.<\/li>\n\n\n\n<li><strong>Vermeidung von Allergenen<\/strong>&nbsp;: Substanzen, die Ekzemausbr\u00fcche ausl\u00f6sen, identifizieren und meiden (Parf\u00fcm, Seife, Schmuck usw.).<\/li>\n\n\n\n<li><strong>Erg\u00e4nzende Therapien<\/strong>&nbsp;: Zus\u00e4tzliche Behandlungen wie Lichttherapie oder Antihistaminika k\u00f6nnen in einigen F\u00e4llen empfohlen werden, um bei der Kontrolle der Ekzemsymptome zu helfen.<\/li>\n<\/ol>\n\n\n\n<h3 class=\"wp-block-heading\" id=\"h-pr-vention-et-conseils-en-2023\"><strong>Pr\u00e4vention und Beratung im Jahr 2023<\/strong><\/h3>\n\n\n\n<p>Um Ekzemausbr\u00fcchen vorzubeugen und besser mit dieser Hauterkrankung umzugehen, gibt es einige Tipps:<\/p>\n\n\n\n<ul class=\"wp-block-list\">\n<li><strong>Geeignete Produkte ausw\u00e4hlen<\/strong>&nbsp;: Bevorzugen Sie parf\u00fcmfreie, hypoallergene Seifen und Lotionen, die speziell f\u00fcr empfindliche Haut formuliert wurden.<\/li>\n\n\n\n<li><strong>Die Haut regelm\u00e4\u00dfig mit Feuchtigkeit versorgen<\/strong>&nbsp;: Tragen Sie t\u00e4glich eine Feuchtigkeitscreme auf den ganzen K\u00f6rper auf und achten Sie dabei besonders auf trockene und gereizte Stellen.<\/li>\n\n\n\n<li><strong>Vermeidung von Allergenen<\/strong>&nbsp;: Identifizieren Sie die Substanzen, die den Juckreiz ausl\u00f6sen, und vermeiden Sie sie so weit wie m\u00f6glich (z. B. tragen Sie beim Umgang mit Haushaltsprodukten Handschuhe).<\/li>\n\n\n\n<li><strong>Hei\u00dfe B\u00e4der einschr\u00e4nken<\/strong>\u00a0: Ziehen Sie lauwarme Duschen hei\u00dfen B\u00e4dern vor. Sie k\u00f6nnen den Juckreiz verschlimmern und die Haut noch mehr austrocknen.<\/li>\n\n\n\n<li><strong>Mit Stress umgehen<\/strong>\u00a0Stress: Stress kann die Symptome eines Ekzems verschlimmern. \u00dcben Sie Entspannungstechniken.<\/li>\n<\/ul>\n\n\n\n<p>Wenn Sie diese Ratschl\u00e4ge befolgen und mit einem Gesundheitsexperten zusammenarbeiten, k\u00f6nnen Sie das schwarzh\u00e4utige Ekzem besser in den Griff bekommen und die Lebensqualit\u00e4t von Menschen mit dieser Hauterkrankung verbessern.<\/p>","protected":false},"excerpt":{"rendered":"<p>Das schwarzh\u00e4utige Ekzem ist eine Hauterkrankung, die bei Menschen mit dunkler Haut h\u00e4ufig auftritt. Sie \u00e4u\u00dfert sich durch Juckreiz, R\u00f6tungen und trockene Flecken auf der Haut. In manchen F\u00e4llen kann es zu einer Lichenifikation f\u00fchren, d. h. einer Verdickung der Haut mit dunkleren Markierungen. Die Symptome eines Ekzems zu erkennen, ist von entscheidender Bedeutung, um [...].","protected":false},"author":156,"featured_media":8444,"comment_status":"closed","ping_status":"closed","sticky":false,"template":"","format":"standard","meta":{"footnotes":""},"categories":[1],"tags":[],"class_list":["post-8443","post","type-post","status-publish","format-standard","has-post-thumbnail","hentry","category-divers"],"yoast_head":"<!-- This site is optimized with the Yoast SEO plugin v26.6 - https:\/\/yoast.com\/wordpress\/plugins\/seo\/ -->\n<title>Ecz\u00e9ma peau noire | Le guide pratique \u00e0 conna\u00eetre en 2023<\/title>\n<meta name=\"description\" content=\"L&#039;ecz\u00e9ma peau noire\u00a0est une affection cutan\u00e9e courante chez les personnes \u00e0 la peau fonc\u00e9e. D\u00e9couvrez-en davantage dans cet article !\" \/>\n<meta name=\"robots\" content=\"index, follow, max-snippet:-1, max-image-preview:large, max-video-preview:-1\" \/>\n<link rel=\"canonical\" href=\"https:\/\/www.safinel.fr\/de\/ekzem-schwarze-haut\/\" \/>\n<meta property=\"og:locale\" content=\"de_DE\" \/>\n<meta property=\"og:type\" content=\"article\" \/>\n<meta property=\"og:title\" content=\"Ecz\u00e9ma peau noire | Le guide pratique \u00e0 conna\u00eetre en 2023\" \/>\n<meta property=\"og:description\" content=\"L&#039;ecz\u00e9ma peau noire\u00a0est une affection cutan\u00e9e courante chez les personnes \u00e0 la peau fonc\u00e9e. D\u00e9couvrez-en davantage dans cet article !\" \/>\n<meta property=\"og:url\" content=\"https:\/\/www.safinel.fr\/de\/ekzem-schwarze-haut\/\" \/>\n<meta property=\"og:site_name\" content=\"Safinel\" \/>\n<meta property=\"article:published_time\" content=\"2023-09-10T18:44:52+00:00\" \/>\n<meta property=\"article:modified_time\" content=\"2023-09-10T18:44:54+00:00\" \/>\n<meta property=\"og:image\" content=\"https:\/\/www.safinel.fr\/wp-content\/uploads\/2023\/09\/Eczema-peau-noire.jpg\" \/>\n\t<meta property=\"og:image:width\" content=\"1100\" \/>\n\t<meta property=\"og:image:height\" content=\"578\" \/>\n\t<meta property=\"og:image:type\" content=\"image\/jpeg\" \/>\n<meta name=\"author\" content=\"Naj\" \/>\n<meta name=\"twitter:card\" content=\"summary_large_image\" \/>\n<meta name=\"twitter:label1\" content=\"Verfasst von\" \/>\n\t<meta name=\"twitter:data1\" content=\"Naj\" \/>\n\t<meta name=\"twitter:label2\" content=\"Gesch\u00e4tzte Lesezeit\" \/>\n\t<meta name=\"twitter:data2\" content=\"4\u00a0Minuten\" \/>\n<script type=\"application\/ld+json\" class=\"yoast-schema-graph\">{\"@context\":\"https:\/\/schema.org\",\"@graph\":[{\"@type\":\"Article\",\"@id\":\"https:\/\/www.safinel.fr\/eczema-peau-noire\/#article\",\"isPartOf\":{\"@id\":\"https:\/\/www.safinel.fr\/eczema-peau-noire\/\"},\"author\":{\"name\":\"Naj\",\"@id\":\"https:\/\/www.safinel.fr\/#\/schema\/person\/47f7357f8aa8a41a796811d3f8a3e055\"},\"headline\":\"Ecz\u00e9ma peau noire\u00a0: comprendre et traiter cette affection cutan\u00e9e\",\"datePublished\":\"2023-09-10T18:44:52+00:00\",\"dateModified\":\"2023-09-10T18:44:54+00:00\",\"mainEntityOfPage\":{\"@id\":\"https:\/\/www.safinel.fr\/eczema-peau-noire\/\"},\"wordCount\":833,\"publisher\":{\"@id\":\"https:\/\/www.safinel.fr\/#organization\"},\"image\":{\"@id\":\"https:\/\/www.safinel.fr\/eczema-peau-noire\/#primaryimage\"},\"thumbnailUrl\":\"https:\/\/www.safinel.fr\/wp-content\/uploads\/2023\/09\/Eczema-peau-noire.jpg\",\"articleSection\":[\"Divers\"],\"inLanguage\":\"de\"},{\"@type\":\"WebPage\",\"@id\":\"https:\/\/www.safinel.fr\/eczema-peau-noire\/\",\"url\":\"https:\/\/www.safinel.fr\/eczema-peau-noire\/\",\"name\":\"Ecz\u00e9ma peau noire | Le guide pratique \u00e0 conna\u00eetre en 2023\",\"isPartOf\":{\"@id\":\"https:\/\/www.safinel.fr\/#website\"},\"primaryImageOfPage\":{\"@id\":\"https:\/\/www.safinel.fr\/eczema-peau-noire\/#primaryimage\"},\"image\":{\"@id\":\"https:\/\/www.safinel.fr\/eczema-peau-noire\/#primaryimage\"},\"thumbnailUrl\":\"https:\/\/www.safinel.fr\/wp-content\/uploads\/2023\/09\/Eczema-peau-noire.jpg\",\"datePublished\":\"2023-09-10T18:44:52+00:00\",\"dateModified\":\"2023-09-10T18:44:54+00:00\",\"description\":\"L'ecz\u00e9ma peau noire\u00a0est une affection cutan\u00e9e courante chez les personnes \u00e0 la peau fonc\u00e9e. D\u00e9couvrez-en davantage dans cet article !\",\"breadcrumb\":{\"@id\":\"https:\/\/www.safinel.fr\/eczema-peau-noire\/#breadcrumb\"},\"inLanguage\":\"de\",\"potentialAction\":[{\"@type\":\"ReadAction\",\"target\":[\"https:\/\/www.safinel.fr\/eczema-peau-noire\/\"]}]},{\"@type\":\"ImageObject\",\"inLanguage\":\"de\",\"@id\":\"https:\/\/www.safinel.fr\/eczema-peau-noire\/#primaryimage\",\"url\":\"https:\/\/www.safinel.fr\/wp-content\/uploads\/2023\/09\/Eczema-peau-noire.jpg\",\"contentUrl\":\"https:\/\/www.safinel.fr\/wp-content\/uploads\/2023\/09\/Eczema-peau-noire.jpg\",\"width\":1100,\"height\":578,\"caption\":\"Ecz\u00e9ma peau noire\"},{\"@type\":\"BreadcrumbList\",\"@id\":\"https:\/\/www.safinel.fr\/eczema-peau-noire\/#breadcrumb\",\"itemListElement\":[{\"@type\":\"ListItem\",\"position\":1,\"name\":\"Accueil\",\"item\":\"https:\/\/www.safinel.fr\/\"},{\"@type\":\"ListItem\",\"position\":2,\"name\":\"Ecz\u00e9ma peau noire\u00a0: comprendre et traiter cette affection cutan\u00e9e\"}]},{\"@type\":\"WebSite\",\"@id\":\"https:\/\/www.safinel.fr\/#website\",\"url\":\"https:\/\/www.safinel.fr\/\",\"name\":\"Safinel\",\"description\":\"\",\"publisher\":{\"@id\":\"https:\/\/www.safinel.fr\/#organization\"},\"potentialAction\":[{\"@type\":\"SearchAction\",\"target\":{\"@type\":\"EntryPoint\",\"urlTemplate\":\"https:\/\/www.safinel.fr\/?s={search_term_string}\"},\"query-input\":{\"@type\":\"PropertyValueSpecification\",\"valueRequired\":true,\"valueName\":\"search_term_string\"}}],\"inLanguage\":\"de\"},{\"@type\":\"Organization\",\"@id\":\"https:\/\/www.safinel.fr\/#organization\",\"name\":\"Safinel\",\"url\":\"https:\/\/www.safinel.fr\/\",\"logo\":{\"@type\":\"ImageObject\",\"inLanguage\":\"de\",\"@id\":\"https:\/\/www.safinel.fr\/#\/schema\/logo\/image\/\",\"url\":\"https:\/\/www.safinel.fr\/wp-content\/uploads\/2021\/05\/boutique-cosmetique.png\",\"contentUrl\":\"https:\/\/www.safinel.fr\/wp-content\/uploads\/2021\/05\/boutique-cosmetique.png\",\"width\":800,\"height\":200,\"caption\":\"Safinel\"},\"image\":{\"@id\":\"https:\/\/www.safinel.fr\/#\/schema\/logo\/image\/\"}},{\"@type\":\"Person\",\"@id\":\"https:\/\/www.safinel.fr\/#\/schema\/person\/47f7357f8aa8a41a796811d3f8a3e055\",\"name\":\"Naj\",\"image\":{\"@type\":\"ImageObject\",\"inLanguage\":\"de\",\"@id\":\"https:\/\/www.safinel.fr\/#\/schema\/person\/image\/\",\"url\":\"https:\/\/secure.gravatar.com\/avatar\/5c0fa4f0bce748d4964b7d68e4b0ee1d8e3120edba58a55893ced967bd2093b5?s=96&d=mm&r=g\",\"contentUrl\":\"https:\/\/secure.gravatar.com\/avatar\/5c0fa4f0bce748d4964b7d68e4b0ee1d8e3120edba58a55893ced967bd2093b5?s=96&d=mm&r=g\",\"caption\":\"Naj\"},\"url\":\"https:\/\/www.safinel.fr\/de\/author\/naj\/\"}]}<\/script>\n<!-- \/ Yoast SEO plugin. -->","yoast_head_json":{"title":"Ekzem schwarze Haut | Der praktische Leitfaden, den man 2023 kennen sollte","description":"Das schwarzh\u00e4utige Ekzem ist eine h\u00e4ufige Hauterkrankung bei Menschen mit dunkler Haut. Erfahren Sie in diesem Artikel mehr dar\u00fcber!","robots":{"index":"index","follow":"follow","max-snippet":"max-snippet:-1","max-image-preview":"max-image-preview:large","max-video-preview":"max-video-preview:-1"},"canonical":"https:\/\/www.safinel.fr\/de\/ekzem-schwarze-haut\/","og_locale":"de_DE","og_type":"article","og_title":"Ecz\u00e9ma peau noire | Le guide pratique \u00e0 conna\u00eetre en 2023","og_description":"L'ecz\u00e9ma peau noire\u00a0est une affection cutan\u00e9e courante chez les personnes \u00e0 la peau fonc\u00e9e. D\u00e9couvrez-en davantage dans cet article !","og_url":"https:\/\/www.safinel.fr\/de\/ekzem-schwarze-haut\/","og_site_name":"Safinel","article_published_time":"2023-09-10T18:44:52+00:00","article_modified_time":"2023-09-10T18:44:54+00:00","og_image":[{"width":1100,"height":578,"url":"https:\/\/www.safinel.fr\/wp-content\/uploads\/2023\/09\/Eczema-peau-noire.jpg","type":"image\/jpeg"}],"author":"Naj","twitter_card":"summary_large_image","twitter_misc":{"Verfasst von":"Naj","Gesch\u00e4tzte Lesezeit":"4\u00a0Minuten"},"schema":{"@context":"https:\/\/schema.org","@graph":[{"@type":"Article","@id":"https:\/\/www.safinel.fr\/eczema-peau-noire\/#article","isPartOf":{"@id":"https:\/\/www.safinel.fr\/eczema-peau-noire\/"},"author":{"name":"Naj","@id":"https:\/\/www.safinel.fr\/#\/schema\/person\/47f7357f8aa8a41a796811d3f8a3e055"},"headline":"Ecz\u00e9ma peau noire\u00a0: comprendre et traiter cette affection cutan\u00e9e","datePublished":"2023-09-10T18:44:52+00:00","dateModified":"2023-09-10T18:44:54+00:00","mainEntityOfPage":{"@id":"https:\/\/www.safinel.fr\/eczema-peau-noire\/"},"wordCount":833,"publisher":{"@id":"https:\/\/www.safinel.fr\/#organization"},"image":{"@id":"https:\/\/www.safinel.fr\/eczema-peau-noire\/#primaryimage"},"thumbnailUrl":"https:\/\/www.safinel.fr\/wp-content\/uploads\/2023\/09\/Eczema-peau-noire.jpg","articleSection":["Divers"],"inLanguage":"de"},{"@type":"WebPage","@id":"https:\/\/www.safinel.fr\/eczema-peau-noire\/","url":"https:\/\/www.safinel.fr\/eczema-peau-noire\/","name":"Ekzem schwarze Haut | Der praktische Leitfaden, den man 2023 kennen sollte","isPartOf":{"@id":"https:\/\/www.safinel.fr\/#website"},"primaryImageOfPage":{"@id":"https:\/\/www.safinel.fr\/eczema-peau-noire\/#primaryimage"},"image":{"@id":"https:\/\/www.safinel.fr\/eczema-peau-noire\/#primaryimage"},"thumbnailUrl":"https:\/\/www.safinel.fr\/wp-content\/uploads\/2023\/09\/Eczema-peau-noire.jpg","datePublished":"2023-09-10T18:44:52+00:00","dateModified":"2023-09-10T18:44:54+00:00","description":"Das schwarzh\u00e4utige Ekzem ist eine h\u00e4ufige Hauterkrankung bei Menschen mit dunkler Haut. Erfahren Sie in diesem Artikel mehr dar\u00fcber!","breadcrumb":{"@id":"https:\/\/www.safinel.fr\/eczema-peau-noire\/#breadcrumb"},"inLanguage":"de","potentialAction":[{"@type":"ReadAction","target":["https:\/\/www.safinel.fr\/eczema-peau-noire\/"]}]},{"@type":"ImageObject","inLanguage":"de","@id":"https:\/\/www.safinel.fr\/eczema-peau-noire\/#primaryimage","url":"https:\/\/www.safinel.fr\/wp-content\/uploads\/2023\/09\/Eczema-peau-noire.jpg","contentUrl":"https:\/\/www.safinel.fr\/wp-content\/uploads\/2023\/09\/Eczema-peau-noire.jpg","width":1100,"height":578,"caption":"Ecz\u00e9ma peau noire"},{"@type":"BreadcrumbList","@id":"https:\/\/www.safinel.fr\/eczema-peau-noire\/#breadcrumb","itemListElement":[{"@type":"ListItem","position":1,"name":"Accueil","item":"https:\/\/www.safinel.fr\/"},{"@type":"ListItem","position":2,"name":"Ecz\u00e9ma peau noire\u00a0: comprendre et traiter cette affection cutan\u00e9e"}]},{"@type":"WebSite","@id":"https:\/\/www.safinel.fr\/#website","url":"https:\/\/www.safinel.fr\/","name":"Safinel","description":"","publisher":{"@id":"https:\/\/www.safinel.fr\/#organization"},"potentialAction":[{"@type":"SearchAction","target":{"@type":"EntryPoint","urlTemplate":"https:\/\/www.safinel.fr\/?s={search_term_string}"},"query-input":{"@type":"PropertyValueSpecification","valueRequired":true,"valueName":"search_term_string"}}],"inLanguage":"de"},{"@type":"Organization","@id":"https:\/\/www.safinel.fr\/#organization","name":"Safinel","url":"https:\/\/www.safinel.fr\/","logo":{"@type":"ImageObject","inLanguage":"de","@id":"https:\/\/www.safinel.fr\/#\/schema\/logo\/image\/","url":"https:\/\/www.safinel.fr\/wp-content\/uploads\/2021\/05\/boutique-cosmetique.png","contentUrl":"https:\/\/www.safinel.fr\/wp-content\/uploads\/2021\/05\/boutique-cosmetique.png","width":800,"height":200,"caption":"Safinel"},"image":{"@id":"https:\/\/www.safinel.fr\/#\/schema\/logo\/image\/"}},{"@type":"Person","@id":"https:\/\/www.safinel.fr\/#\/schema\/person\/47f7357f8aa8a41a796811d3f8a3e055","name":"Naj","image":{"@type":"ImageObject","inLanguage":"de","@id":"https:\/\/www.safinel.fr\/#\/schema\/person\/image\/","url":"https:\/\/secure.gravatar.com\/avatar\/5c0fa4f0bce748d4964b7d68e4b0ee1d8e3120edba58a55893ced967bd2093b5?s=96&d=mm&r=g","contentUrl":"https:\/\/secure.gravatar.com\/avatar\/5c0fa4f0bce748d4964b7d68e4b0ee1d8e3120edba58a55893ced967bd2093b5?s=96&d=mm&r=g","caption":"Naj"},"url":"https:\/\/www.safinel.fr\/de\/author\/naj\/"}]}},"_links":{"self":[{"href":"https:\/\/www.safinel.fr\/de\/wp-json\/wp\/v2\/posts\/8443","targetHints":{"allow":["GET"]}}],"collection":[{"href":"https:\/\/www.safinel.fr\/de\/wp-json\/wp\/v2\/posts"}],"about":[{"href":"https:\/\/www.safinel.fr\/de\/wp-json\/wp\/v2\/types\/post"}],"author":[{"embeddable":true,"href":"https:\/\/www.safinel.fr\/de\/wp-json\/wp\/v2\/users\/156"}],"replies":[{"embeddable":true,"href":"https:\/\/www.safinel.fr\/de\/wp-json\/wp\/v2\/comments?post=8443"}],"version-history":[{"count":1,"href":"https:\/\/www.safinel.fr\/de\/wp-json\/wp\/v2\/posts\/8443\/revisions"}],"predecessor-version":[{"id":8445,"href":"https:\/\/www.safinel.fr\/de\/wp-json\/wp\/v2\/posts\/8443\/revisions\/8445"}],"wp:featuredmedia":[{"embeddable":true,"href":"https:\/\/www.safinel.fr\/de\/wp-json\/wp\/v2\/media\/8444"}],"wp:attachment":[{"href":"https:\/\/www.safinel.fr\/de\/wp-json\/wp\/v2\/media?parent=8443"}],"wp:term":[{"taxonomy":"category","embeddable":true,"href":"https:\/\/www.safinel.fr\/de\/wp-json\/wp\/v2\/categories?post=8443"},{"taxonomy":"post_tag","embeddable":true,"href":"https:\/\/www.safinel.fr\/de\/wp-json\/wp\/v2\/tags?post=8443"}],"curies":[{"name":"wp","href":"https:\/\/api.w.org\/{rel}","templated":true}]}}