{"id":8406,"date":"2023-09-08T14:33:07","date_gmt":"2023-09-08T14:33:07","guid":{"rendered":"https:\/\/www.safinel.fr\/?p=8406"},"modified":"2023-09-08T14:33:09","modified_gmt":"2023-09-08T14:33:09","slug":"keratosis-pilaris-schwarze-haut","status":"publish","type":"post","link":"https:\/\/www.safinel.fr\/de\/keratosis-pilaris-schwarze-haut\/","title":{"rendered":"Keratosis pilaris bei schwarzer Haut verstehen und behandeln"},"content":{"rendered":"<p>Die&nbsp;<strong>Haarkeratose<\/strong>&nbsp;ist eine h\u00e4ufige Hauterkrankung, die sich durch kleine, raue Beulen auf der Haut bemerkbar macht, die oft mit G\u00e4nsehaut verglichen werden. Obwohl dieser Zustand jeden betreffen kann, ist er besonders h\u00e4ufig bei Menschen mit einer&nbsp;<strong>schwarze Haut<\/strong>. In diesem Artikel erkunden wir die Ursachen der Keratosis pilaris, wie sie speziell Menschen mit dunkler Haut betrifft, und einige Tipps zum Umgang mit den Symptomen und zu ihrer Linderung.<\/p>\n\n\n\n<h2 class=\"wp-block-heading\" id=\"h-causes-de-la-k-ratose-pilaire-peau-noire\"><strong>Ursachen von Keratosis pilaris schwarze Haut<\/strong><\/h2>\n\n\n\n<p>Die Keratosis pilaris wird durch eine Ansammlung von Keratin, einem Protein, das in der Haut vorkommt, um die Haarfollikel herum verursacht. Diese Ansammlung bildet eine Art Pfropfen, der dazu f\u00fchrt, dass auf der Hautoberfl\u00e4che kleine Beulen entstehen. Zu den Faktoren, die zu dieser Ansammlung beitragen k\u00f6nnen, geh\u00f6ren :<\/p>\n\n\n\n<ul class=\"wp-block-list\">\n<li>Eine erh\u00f6hte Aktivit\u00e4t der Talgdr\u00fcsen<\/li>\n\n\n\n<li>Vererbung (Keratosis pilaris tritt h\u00e4ufiger bei Menschen auf, bei denen ein Familienmitglied ebenfalls betroffen ist)<\/li>\n\n\n\n<li>Die klimatischen Bedingungen, insbesondere die niedrigen&nbsp;<strong>Feuchtigkeitsgehalt<\/strong>&nbsp;und K\u00e4lte in&nbsp;<strong>Winter<\/strong><\/li>\n\n\n\n<li>Bestimmte Hautkrankheiten oder -leiden wie Ekzeme oder Schuppenflechte<\/li>\n<\/ul>\n\n\n\n<h2 class=\"wp-block-heading\" id=\"h-la-k-ratose-pilaire-et-la-peau-noire\"><strong>Keratosis pilaris und schwarze Haut<\/strong><\/h2>\n\n\n\n<p>Menschen mit schwarzer Haut sind aufgrund der einzigartigen Struktur ihrer Haut oft st\u00e4rker von Keratosis pilaris betroffen. Schwarze Haut neigt dazu, dicker zu sein und enth\u00e4lt mehr <strong><a href=\"https:\/\/www.safinel.fr\/de\/melanin\/\">Melanin<\/a><\/strong>. Dies kann zu einer vermehrten Ansammlung von Keratin um die Haarfollikel herum beitragen.<\/p>\n\n\n\n<ul class=\"wp-block-list\">\n<li><strong>Aussehen auf schwarzer Haut<\/strong><\/li>\n<\/ul>\n\n\n\n<p>Bei schwarzer Haut zeigt sich die Keratosis pilaris h\u00e4ufig in Form von kleinen Beulen, die hautfarben oder etwas dunkler als die nat\u00fcrliche Hautfarbe sind. Diese Beulen k\u00f6nnen an verschiedenen K\u00f6rperstellen auftreten, u. a. an den Armen, den Oberschenkeln, dem Ges\u00e4\u00df und im Gesicht.<\/p>\n\n\n\n<ul class=\"wp-block-list\">\n<li><strong>Psychologische Auswirkungen<\/strong><\/li>\n<\/ul>\n\n\n\n<p>Neben den k\u00f6rperlichen Symptomen ist es wichtig, die psychologischen Auswirkungen zu erkennen, die Keratosis pilaris auf Menschen mit dunkler Hautfarbe haben kann. Angesichts der heutigen Sch\u00f6nheitsnormen, die h\u00e4ufig eine glatte und makellose Haut bevorzugen, ist dies ein wichtiger Faktor. Das Leben mit dieser Hauterkrankung kann zu Gef\u00fchlen der Unsicherheit und Verlegenheit f\u00fchren.<\/p>\n\n\n\n<h2 class=\"wp-block-heading\" id=\"h-g-rer-et-att-nuer-les-sympt-mes-de-la-k-ratose-pilaire\"><strong>Die Symptome von Keratosis pilaris verwalten und lindern<\/strong><\/h2>\n\n\n\n<p>Obwohl es derzeit keine endg\u00fcltige Heilung f\u00fcr Keratosis pilaris gibt, gibt es einige Ma\u00dfnahmen, die Sie ergreifen k\u00f6nnen, um die Symptome in den Griff zu bekommen und zu lindern. Hier sind einige Tipps, die Sie ausprobieren k\u00f6nnen:<\/p>\n\n\n\n<ul class=\"wp-block-list\">\n<li><strong>Regelm\u00e4\u00dfiges Peeling<\/strong><\/li>\n<\/ul>\n\n\n\n<p>Ein sanftes Peeling der Haut kann dabei helfen, \u00fcbersch\u00fcssiges Keratin zu entfernen, das sich um die Haarfollikel herum angesammelt hat. Verwenden Sie ein sanftes Peeling, wie eine B\u00fcrste mit Naturborsten oder einen Waschhandschuh aus Naturfasern, um die feuchte Haut beim Baden oder Duschen sanft zu massieren. Vermeiden Sie die Verwendung von Produkten mit Mikroplastikperlen, da diese f\u00fcr empfindliche Haut zu abrasiv sein k\u00f6nnen.<\/p>\n\n\n\n<ul class=\"wp-block-list\">\n<li><strong>T\u00e4glich mit Feuchtigkeit versorgen<\/strong><\/li>\n<\/ul>\n\n\n\n<p>Eine ausreichende Feuchtigkeitsversorgung ist wichtig, um die Gesundheit der Haut zu erhalten und den Aufbau von Keratin zu verhindern. Tragen Sie direkt nach dem Baden oder Duschen, wenn die Haut noch leicht feucht ist, eine dickfl\u00fcssige, unparf\u00fcmierte Feuchtigkeitscreme auf. Dies hilft, die Feuchtigkeit zu versiegeln und die Haut geschmeidig zu halten.<\/p>\n\n\n\n<ul class=\"wp-block-list\">\n<li><strong>Verwenden Sie Produkte, die f\u00fcr Ihren Hauttyp geeignet sind<\/strong><\/li>\n<\/ul>\n\n\n\n<p>Es ist wichtig, Hautpflegeprodukte zu w\u00e4hlen, die speziell f\u00fcr Ihren Hauttyp formuliert sind. Menschen mit dunkler Haut sollten auf alkoholfreie, parf\u00fcmfreie und nicht komedogene Produkte achten, um das Risiko von Irritationen und verstopften Poren zu minimieren.<\/p>\n\n\n\n<ul class=\"wp-block-list\">\n<li><strong>Einen Dermatologen aufsuchen<\/strong><\/li>\n<\/ul>\n\n\n\n<p>Wenn Sie sich Sorgen um Ihre Keratosis pilaris machen oder wenn sich die Symptome trotz Ihrer Bem\u00fchungen, sie zu lindern, verschlimmern. Es kann hilfreich sein, einen\u00a0<strong>Dermatologe<\/strong>. <\/p>\n\n\n\n<p>Ein Gesundheitsexperte kann Ihre Situation einsch\u00e4tzen und Ihnen spezifischere Behandlungsm\u00f6glichkeiten vorschlagen. <\/p>\n\n\n\n<p>Wie Cremes mit Alpha-Hydroxys\u00e4ure (AHA) oder andere topische Medikamente, die helfen, die Haut zu peelen und mit Feuchtigkeit zu versorgen.<\/p>\n\n\n\n<h3 class=\"wp-block-heading\" id=\"h-en-r-sum\">Zusammenfassend<\/h3>\n\n\n\n<p>Keratosis pilaris ist eine h\u00e4ufige Hauterkrankung, von der besonders dunkelh\u00e4utige Menschen aufgrund ihrer einzigartigen Hautstruktur betroffen sind. <\/p>\n\n\n\n<p>Obwohl es keine endg\u00fcltige Heilung gibt, k\u00f6nnen einige Ma\u00dfnahmen ergriffen werden, um die Symptome in den Griff zu bekommen und zu lindern. Dazu geh\u00f6ren regelm\u00e4\u00dfiges Peeling, t\u00e4gliche Feuchtigkeitszufuhr und ggf. der Besuch eines Dermatologen. <\/p>\n\n\n\n<p>Indem Sie Ihre Haut pflegen und auf die Anzeichen und Symptome dieser\u00a0<strong>Dermatose<\/strong>. Sie k\u00f6nnen dazu beitragen, dass Sie sich wohler f\u00fchlen und Ihr Selbstvertrauen st\u00e4rken.<\/p>","protected":false},"excerpt":{"rendered":"<p>Keratosis pilaris ist eine h\u00e4ufige Hauterkrankung, die sich durch kleine, raue Beulen auf der Haut bemerkbar macht, die oft mit G\u00e4nsehaut verglichen werden. Obwohl dieser Zustand jeden betreffen kann, ist er bei Menschen mit dunkler Hautfarbe besonders h\u00e4ufig. In diesem Artikel werden wir die Ursachen der Keratosis pilaris erkunden, wie [...].","protected":false},"author":156,"featured_media":8407,"comment_status":"closed","ping_status":"closed","sticky":false,"template":"","format":"standard","meta":{"footnotes":""},"categories":[1],"tags":[],"class_list":["post-8406","post","type-post","status-publish","format-standard","has-post-thumbnail","hentry","category-divers"],"yoast_head":"<!-- This site is optimized with the Yoast SEO plugin v26.6 - https:\/\/yoast.com\/wordpress\/plugins\/seo\/ -->\n<title>K\u00e9ratose pilaire peau noire | Le guide pratique \u00e0 conna\u00eetre<\/title>\n<meta name=\"description\" content=\"Ici, nous explorerons les causes de la k\u00e9ratose pilaire peau noire, comment elle affecte sp\u00e9cifiquement les personnes \u00e0 la peau noire.\" \/>\n<meta name=\"robots\" content=\"index, follow, max-snippet:-1, max-image-preview:large, max-video-preview:-1\" \/>\n<link rel=\"canonical\" href=\"https:\/\/www.safinel.fr\/de\/keratosis-pilaris-schwarze-haut\/\" \/>\n<meta property=\"og:locale\" content=\"de_DE\" \/>\n<meta property=\"og:type\" content=\"article\" \/>\n<meta property=\"og:title\" content=\"K\u00e9ratose pilaire peau noire | Le guide pratique \u00e0 conna\u00eetre\" \/>\n<meta property=\"og:description\" content=\"Ici, nous explorerons les causes de la k\u00e9ratose pilaire peau noire, comment elle affecte sp\u00e9cifiquement les personnes \u00e0 la peau noire.\" \/>\n<meta property=\"og:url\" content=\"https:\/\/www.safinel.fr\/de\/keratosis-pilaris-schwarze-haut\/\" \/>\n<meta property=\"og:site_name\" content=\"Safinel\" \/>\n<meta property=\"article:published_time\" content=\"2023-09-08T14:33:07+00:00\" \/>\n<meta property=\"article:modified_time\" content=\"2023-09-08T14:33:09+00:00\" \/>\n<meta property=\"og:image\" content=\"https:\/\/www.safinel.fr\/wp-content\/uploads\/2023\/09\/La-keratose-pilaire-sur-les-peaux-noires.jpg\" \/>\n\t<meta property=\"og:image:width\" content=\"1100\" \/>\n\t<meta property=\"og:image:height\" content=\"578\" \/>\n\t<meta property=\"og:image:type\" content=\"image\/jpeg\" \/>\n<meta name=\"author\" content=\"Naj\" \/>\n<meta name=\"twitter:card\" content=\"summary_large_image\" \/>\n<meta name=\"twitter:label1\" content=\"Verfasst von\" \/>\n\t<meta name=\"twitter:data1\" content=\"Naj\" \/>\n\t<meta name=\"twitter:label2\" content=\"Gesch\u00e4tzte Lesezeit\" \/>\n\t<meta name=\"twitter:data2\" content=\"4\u00a0Minuten\" \/>\n<script type=\"application\/ld+json\" class=\"yoast-schema-graph\">{\"@context\":\"https:\/\/schema.org\",\"@graph\":[{\"@type\":\"Article\",\"@id\":\"https:\/\/www.safinel.fr\/keratose-pilaire-peau-noire\/#article\",\"isPartOf\":{\"@id\":\"https:\/\/www.safinel.fr\/keratose-pilaire-peau-noire\/\"},\"author\":{\"name\":\"Naj\",\"@id\":\"https:\/\/www.safinel.fr\/#\/schema\/person\/47f7357f8aa8a41a796811d3f8a3e055\"},\"headline\":\"Comprendre et g\u00e9rer la k\u00e9ratose pilaire sur les peaux noires\",\"datePublished\":\"2023-09-08T14:33:07+00:00\",\"dateModified\":\"2023-09-08T14:33:09+00:00\",\"mainEntityOfPage\":{\"@id\":\"https:\/\/www.safinel.fr\/keratose-pilaire-peau-noire\/\"},\"wordCount\":839,\"publisher\":{\"@id\":\"https:\/\/www.safinel.fr\/#organization\"},\"image\":{\"@id\":\"https:\/\/www.safinel.fr\/keratose-pilaire-peau-noire\/#primaryimage\"},\"thumbnailUrl\":\"https:\/\/www.safinel.fr\/wp-content\/uploads\/2023\/09\/La-keratose-pilaire-sur-les-peaux-noires.jpg\",\"articleSection\":[\"Divers\"],\"inLanguage\":\"de\"},{\"@type\":\"WebPage\",\"@id\":\"https:\/\/www.safinel.fr\/keratose-pilaire-peau-noire\/\",\"url\":\"https:\/\/www.safinel.fr\/keratose-pilaire-peau-noire\/\",\"name\":\"K\u00e9ratose pilaire peau noire | Le guide pratique \u00e0 conna\u00eetre\",\"isPartOf\":{\"@id\":\"https:\/\/www.safinel.fr\/#website\"},\"primaryImageOfPage\":{\"@id\":\"https:\/\/www.safinel.fr\/keratose-pilaire-peau-noire\/#primaryimage\"},\"image\":{\"@id\":\"https:\/\/www.safinel.fr\/keratose-pilaire-peau-noire\/#primaryimage\"},\"thumbnailUrl\":\"https:\/\/www.safinel.fr\/wp-content\/uploads\/2023\/09\/La-keratose-pilaire-sur-les-peaux-noires.jpg\",\"datePublished\":\"2023-09-08T14:33:07+00:00\",\"dateModified\":\"2023-09-08T14:33:09+00:00\",\"description\":\"Ici, nous explorerons les causes de la k\u00e9ratose pilaire peau noire, comment elle affecte sp\u00e9cifiquement les personnes \u00e0 la peau noire.\",\"breadcrumb\":{\"@id\":\"https:\/\/www.safinel.fr\/keratose-pilaire-peau-noire\/#breadcrumb\"},\"inLanguage\":\"de\",\"potentialAction\":[{\"@type\":\"ReadAction\",\"target\":[\"https:\/\/www.safinel.fr\/keratose-pilaire-peau-noire\/\"]}]},{\"@type\":\"ImageObject\",\"inLanguage\":\"de\",\"@id\":\"https:\/\/www.safinel.fr\/keratose-pilaire-peau-noire\/#primaryimage\",\"url\":\"https:\/\/www.safinel.fr\/wp-content\/uploads\/2023\/09\/La-keratose-pilaire-sur-les-peaux-noires.jpg\",\"contentUrl\":\"https:\/\/www.safinel.fr\/wp-content\/uploads\/2023\/09\/La-keratose-pilaire-sur-les-peaux-noires.jpg\",\"width\":1100,\"height\":578,\"caption\":\"K\u00e9ratose pilaire peau noire\"},{\"@type\":\"BreadcrumbList\",\"@id\":\"https:\/\/www.safinel.fr\/keratose-pilaire-peau-noire\/#breadcrumb\",\"itemListElement\":[{\"@type\":\"ListItem\",\"position\":1,\"name\":\"Accueil\",\"item\":\"https:\/\/www.safinel.fr\/\"},{\"@type\":\"ListItem\",\"position\":2,\"name\":\"Comprendre et g\u00e9rer la k\u00e9ratose pilaire sur les peaux noires\"}]},{\"@type\":\"WebSite\",\"@id\":\"https:\/\/www.safinel.fr\/#website\",\"url\":\"https:\/\/www.safinel.fr\/\",\"name\":\"Safinel\",\"description\":\"\",\"publisher\":{\"@id\":\"https:\/\/www.safinel.fr\/#organization\"},\"potentialAction\":[{\"@type\":\"SearchAction\",\"target\":{\"@type\":\"EntryPoint\",\"urlTemplate\":\"https:\/\/www.safinel.fr\/?s={search_term_string}\"},\"query-input\":{\"@type\":\"PropertyValueSpecification\",\"valueRequired\":true,\"valueName\":\"search_term_string\"}}],\"inLanguage\":\"de\"},{\"@type\":\"Organization\",\"@id\":\"https:\/\/www.safinel.fr\/#organization\",\"name\":\"Safinel\",\"url\":\"https:\/\/www.safinel.fr\/\",\"logo\":{\"@type\":\"ImageObject\",\"inLanguage\":\"de\",\"@id\":\"https:\/\/www.safinel.fr\/#\/schema\/logo\/image\/\",\"url\":\"https:\/\/www.safinel.fr\/wp-content\/uploads\/2021\/05\/boutique-cosmetique.png\",\"contentUrl\":\"https:\/\/www.safinel.fr\/wp-content\/uploads\/2021\/05\/boutique-cosmetique.png\",\"width\":800,\"height\":200,\"caption\":\"Safinel\"},\"image\":{\"@id\":\"https:\/\/www.safinel.fr\/#\/schema\/logo\/image\/\"}},{\"@type\":\"Person\",\"@id\":\"https:\/\/www.safinel.fr\/#\/schema\/person\/47f7357f8aa8a41a796811d3f8a3e055\",\"name\":\"Naj\",\"image\":{\"@type\":\"ImageObject\",\"inLanguage\":\"de\",\"@id\":\"https:\/\/www.safinel.fr\/#\/schema\/person\/image\/\",\"url\":\"https:\/\/secure.gravatar.com\/avatar\/5c0fa4f0bce748d4964b7d68e4b0ee1d8e3120edba58a55893ced967bd2093b5?s=96&d=mm&r=g\",\"contentUrl\":\"https:\/\/secure.gravatar.com\/avatar\/5c0fa4f0bce748d4964b7d68e4b0ee1d8e3120edba58a55893ced967bd2093b5?s=96&d=mm&r=g\",\"caption\":\"Naj\"},\"url\":\"https:\/\/www.safinel.fr\/de\/author\/naj\/\"}]}<\/script>\n<!-- \/ Yoast SEO plugin. -->","yoast_head_json":{"title":"Keratosis pilaris schwarze Haut | Der praktische Ratgeber, den Sie kennen sollten","description":"Hier werden wir die Ursachen der schwarzh\u00e4utigen Keratosis pilaris erforschen, wie sie speziell Menschen mit dunkler Haut betrifft.","robots":{"index":"index","follow":"follow","max-snippet":"max-snippet:-1","max-image-preview":"max-image-preview:large","max-video-preview":"max-video-preview:-1"},"canonical":"https:\/\/www.safinel.fr\/de\/keratosis-pilaris-schwarze-haut\/","og_locale":"de_DE","og_type":"article","og_title":"K\u00e9ratose pilaire peau noire | Le guide pratique \u00e0 conna\u00eetre","og_description":"Ici, nous explorerons les causes de la k\u00e9ratose pilaire peau noire, comment elle affecte sp\u00e9cifiquement les personnes \u00e0 la peau noire.","og_url":"https:\/\/www.safinel.fr\/de\/keratosis-pilaris-schwarze-haut\/","og_site_name":"Safinel","article_published_time":"2023-09-08T14:33:07+00:00","article_modified_time":"2023-09-08T14:33:09+00:00","og_image":[{"width":1100,"height":578,"url":"https:\/\/www.safinel.fr\/wp-content\/uploads\/2023\/09\/La-keratose-pilaire-sur-les-peaux-noires.jpg","type":"image\/jpeg"}],"author":"Naj","twitter_card":"summary_large_image","twitter_misc":{"Verfasst von":"Naj","Gesch\u00e4tzte Lesezeit":"4\u00a0Minuten"},"schema":{"@context":"https:\/\/schema.org","@graph":[{"@type":"Article","@id":"https:\/\/www.safinel.fr\/keratose-pilaire-peau-noire\/#article","isPartOf":{"@id":"https:\/\/www.safinel.fr\/keratose-pilaire-peau-noire\/"},"author":{"name":"Naj","@id":"https:\/\/www.safinel.fr\/#\/schema\/person\/47f7357f8aa8a41a796811d3f8a3e055"},"headline":"Comprendre et g\u00e9rer la k\u00e9ratose pilaire sur les peaux noires","datePublished":"2023-09-08T14:33:07+00:00","dateModified":"2023-09-08T14:33:09+00:00","mainEntityOfPage":{"@id":"https:\/\/www.safinel.fr\/keratose-pilaire-peau-noire\/"},"wordCount":839,"publisher":{"@id":"https:\/\/www.safinel.fr\/#organization"},"image":{"@id":"https:\/\/www.safinel.fr\/keratose-pilaire-peau-noire\/#primaryimage"},"thumbnailUrl":"https:\/\/www.safinel.fr\/wp-content\/uploads\/2023\/09\/La-keratose-pilaire-sur-les-peaux-noires.jpg","articleSection":["Divers"],"inLanguage":"de"},{"@type":"WebPage","@id":"https:\/\/www.safinel.fr\/keratose-pilaire-peau-noire\/","url":"https:\/\/www.safinel.fr\/keratose-pilaire-peau-noire\/","name":"Keratosis pilaris schwarze Haut | Der praktische Ratgeber, den Sie kennen sollten","isPartOf":{"@id":"https:\/\/www.safinel.fr\/#website"},"primaryImageOfPage":{"@id":"https:\/\/www.safinel.fr\/keratose-pilaire-peau-noire\/#primaryimage"},"image":{"@id":"https:\/\/www.safinel.fr\/keratose-pilaire-peau-noire\/#primaryimage"},"thumbnailUrl":"https:\/\/www.safinel.fr\/wp-content\/uploads\/2023\/09\/La-keratose-pilaire-sur-les-peaux-noires.jpg","datePublished":"2023-09-08T14:33:07+00:00","dateModified":"2023-09-08T14:33:09+00:00","description":"Hier werden wir die Ursachen der schwarzh\u00e4utigen Keratosis pilaris erforschen, wie sie speziell Menschen mit dunkler Haut betrifft.","breadcrumb":{"@id":"https:\/\/www.safinel.fr\/keratose-pilaire-peau-noire\/#breadcrumb"},"inLanguage":"de","potentialAction":[{"@type":"ReadAction","target":["https:\/\/www.safinel.fr\/keratose-pilaire-peau-noire\/"]}]},{"@type":"ImageObject","inLanguage":"de","@id":"https:\/\/www.safinel.fr\/keratose-pilaire-peau-noire\/#primaryimage","url":"https:\/\/www.safinel.fr\/wp-content\/uploads\/2023\/09\/La-keratose-pilaire-sur-les-peaux-noires.jpg","contentUrl":"https:\/\/www.safinel.fr\/wp-content\/uploads\/2023\/09\/La-keratose-pilaire-sur-les-peaux-noires.jpg","width":1100,"height":578,"caption":"K\u00e9ratose pilaire peau noire"},{"@type":"BreadcrumbList","@id":"https:\/\/www.safinel.fr\/keratose-pilaire-peau-noire\/#breadcrumb","itemListElement":[{"@type":"ListItem","position":1,"name":"Accueil","item":"https:\/\/www.safinel.fr\/"},{"@type":"ListItem","position":2,"name":"Comprendre et g\u00e9rer la k\u00e9ratose pilaire sur les peaux noires"}]},{"@type":"WebSite","@id":"https:\/\/www.safinel.fr\/#website","url":"https:\/\/www.safinel.fr\/","name":"Safinel","description":"","publisher":{"@id":"https:\/\/www.safinel.fr\/#organization"},"potentialAction":[{"@type":"SearchAction","target":{"@type":"EntryPoint","urlTemplate":"https:\/\/www.safinel.fr\/?s={search_term_string}"},"query-input":{"@type":"PropertyValueSpecification","valueRequired":true,"valueName":"search_term_string"}}],"inLanguage":"de"},{"@type":"Organization","@id":"https:\/\/www.safinel.fr\/#organization","name":"Safinel","url":"https:\/\/www.safinel.fr\/","logo":{"@type":"ImageObject","inLanguage":"de","@id":"https:\/\/www.safinel.fr\/#\/schema\/logo\/image\/","url":"https:\/\/www.safinel.fr\/wp-content\/uploads\/2021\/05\/boutique-cosmetique.png","contentUrl":"https:\/\/www.safinel.fr\/wp-content\/uploads\/2021\/05\/boutique-cosmetique.png","width":800,"height":200,"caption":"Safinel"},"image":{"@id":"https:\/\/www.safinel.fr\/#\/schema\/logo\/image\/"}},{"@type":"Person","@id":"https:\/\/www.safinel.fr\/#\/schema\/person\/47f7357f8aa8a41a796811d3f8a3e055","name":"Naj","image":{"@type":"ImageObject","inLanguage":"de","@id":"https:\/\/www.safinel.fr\/#\/schema\/person\/image\/","url":"https:\/\/secure.gravatar.com\/avatar\/5c0fa4f0bce748d4964b7d68e4b0ee1d8e3120edba58a55893ced967bd2093b5?s=96&d=mm&r=g","contentUrl":"https:\/\/secure.gravatar.com\/avatar\/5c0fa4f0bce748d4964b7d68e4b0ee1d8e3120edba58a55893ced967bd2093b5?s=96&d=mm&r=g","caption":"Naj"},"url":"https:\/\/www.safinel.fr\/de\/author\/naj\/"}]}},"_links":{"self":[{"href":"https:\/\/www.safinel.fr\/de\/wp-json\/wp\/v2\/posts\/8406","targetHints":{"allow":["GET"]}}],"collection":[{"href":"https:\/\/www.safinel.fr\/de\/wp-json\/wp\/v2\/posts"}],"about":[{"href":"https:\/\/www.safinel.fr\/de\/wp-json\/wp\/v2\/types\/post"}],"author":[{"embeddable":true,"href":"https:\/\/www.safinel.fr\/de\/wp-json\/wp\/v2\/users\/156"}],"replies":[{"embeddable":true,"href":"https:\/\/www.safinel.fr\/de\/wp-json\/wp\/v2\/comments?post=8406"}],"version-history":[{"count":1,"href":"https:\/\/www.safinel.fr\/de\/wp-json\/wp\/v2\/posts\/8406\/revisions"}],"predecessor-version":[{"id":8408,"href":"https:\/\/www.safinel.fr\/de\/wp-json\/wp\/v2\/posts\/8406\/revisions\/8408"}],"wp:featuredmedia":[{"embeddable":true,"href":"https:\/\/www.safinel.fr\/de\/wp-json\/wp\/v2\/media\/8407"}],"wp:attachment":[{"href":"https:\/\/www.safinel.fr\/de\/wp-json\/wp\/v2\/media?parent=8406"}],"wp:term":[{"taxonomy":"category","embeddable":true,"href":"https:\/\/www.safinel.fr\/de\/wp-json\/wp\/v2\/categories?post=8406"},{"taxonomy":"post_tag","embeddable":true,"href":"https:\/\/www.safinel.fr\/de\/wp-json\/wp\/v2\/tags?post=8406"}],"curies":[{"name":"wp","href":"https:\/\/api.w.org\/{rel}","templated":true}]}}