{"id":8191,"date":"2023-08-31T18:42:06","date_gmt":"2023-08-31T18:42:06","guid":{"rendered":"https:\/\/www.safinel.fr\/?p=8191"},"modified":"2023-08-31T18:42:07","modified_gmt":"2023-08-31T18:42:07","slug":"mikrozystische-akne-auf-schwarzer-haut","status":"publish","type":"post","link":"https:\/\/www.safinel.fr\/de\/mikrozystische-akne-auf-schwarzer-haut\/","title":{"rendered":"Mikrozystische Akne bei schwarzer Haut verstehen und behandeln"},"content":{"rendered":"<p>L\u2019<strong>mikrozystische Akne<\/strong>&nbsp;ist ein h\u00e4ufiges Hautproblem, das alle Menschen unabh\u00e4ngig von ihrer Hautfarbe betreffen kann. Allerdings sind einige Besonderheiten zu beachten, wenn es um die&nbsp;<strong>schwarze Haut<\/strong>. In diesem Artikel befassen wir uns mit den Besonderheiten der mikrozystischen Akne bei schwarzer Haut sowie mit Behandlungs- und Vorbeugungsm\u00f6glichkeiten.<\/p>\n\n\n\n<h2 class=\"wp-block-heading\" id=\"h-qu-est-ce-que-l-acn-microkystique\"><strong>Was ist mikrozystische Akne?<\/strong><\/h2>\n\n\n\n<p>Mikrozystische Akne zeichnet sich aus durch&nbsp;<strong>Mikrozysten<\/strong>, Das sind kleine L\u00e4sionen, die mit Talg und abgestorbenen Hautzellen gef\u00fcllt sind. Diese Mikrozysten befinden sich unter der Haut, was sie von Mitessern und anderen Pickeln unterscheidet. Mikrozysten k\u00f6nnen auch als&nbsp;<em>K\u00f6rner, Milium oder Granulate<\/em>.<\/p>\n\n\n\n<h3 class=\"wp-block-heading\" id=\"h-causes-de-l-acn-microkystique-sur-les-peaux-noires\"><strong>Ursachen der mikrozystischen Akne bei schwarzer Haut<\/strong><\/h3>\n\n\n\n<p>Es gibt mehrere Faktoren, die zur Entstehung von mikrozystischer Akne beitragen k\u00f6nnen, darunter :<\/p>\n\n\n\n<ul class=\"wp-block-list\">\n<li>eine \u00fcberm\u00e4\u00dfige Talgproduktion (Hyperseborrhoe)<\/li>\n\n\n\n<li>eine schlechte Entfernung von abgestorbenen Hautzellen<\/li>\n\n\n\n<li>das Vorhandensein von Bakterien in den Haarfollikeln<\/li>\n\n\n\n<li>hormonelle Ungleichgewichte (insbesondere in der Pubert\u00e4t, w\u00e4hrend des Menstruationszyklus oder bei der Anwendung hormoneller Verh\u00fctungsmittel)<\/li>\n\n\n\n<li>Stress<\/li>\n\n\n\n<li>eine unausgewogene Ern\u00e4hrung (reich an Zucker und Fetten)<\/li>\n<\/ul>\n\n\n\n<h2 class=\"wp-block-heading\" id=\"h-les-sp-cificit-s-de-l-acn-microkystique-sur-les-peaux-noires\"><strong>Die Besonderheiten der mikrozystischen Akne bei schwarzer Haut<\/strong><\/h2>\n\n\n\n<p>Bei der Behandlung von mikrozystischer Akne m\u00fcssen unbedingt einige Besonderheiten schwarzer Haut beachtet werden. Schwarze Haut neigt dazu, dicker zu sein. Mit einer h\u00f6heren Talgproduktion und einer langsameren Zellerneuerung als bei heller Haut. Diese Eigenschaften k\u00f6nnen dazu f\u00fchren, dass schwarze Haut anf\u00e4lliger f\u00fcr Akneprobleme ist.<\/p>\n\n\n\n<h3 class=\"wp-block-heading\" id=\"h-les-risques-de-cicatrices-et-d-hyperpigmentation\"><strong>Das Risiko von Narbenbildung und Hyperpigmentierung<\/strong><\/h3>\n\n\n\n<p>Schwarze Haut ist auch anf\u00e4lliger f\u00fcr die Entwicklung von\u00a0<strong>Narben und Pigmentflecken<\/strong>\u00a0als Folge von Aknepickeln. Schwarze Haut produziert n\u00e4mlich mehr <strong><a href=\"https:\/\/www.safinel.fr\/de\/melanin\/\">Melanin<\/a><\/strong>, Ein Schutzpigment, das f\u00fcr die Farbe der Haut verantwortlich ist. Wenn die Haut durch eine Entz\u00fcndung (wie ein Aknepickel) angegriffen wird, produziert sie noch mehr Melanin, um sich zu sch\u00fctzen, was zu dunkleren Flecken auf der Haut f\u00fchren kann, den sogenannten\u00a0<em>postinflammatorische Hyperpigmentierung<\/em>.<\/p>\n\n\n\n<h2 class=\"wp-block-heading\" id=\"h-traitements-et-pr-vention-de-l-acn-microkystique-sur-les-peaux-noires\"><strong>Behandlung und Vorbeugung von mikrozystischer Akne bei schwarzer Haut<\/strong><\/h2>\n\n\n\n<h3 class=\"wp-block-heading\" id=\"h-nettoyage-et-soins-du-visage-adapt-s-aux-peaux-noires\"><strong>Gesichtsreinigung und -pflege, die f\u00fcr schwarze Haut geeignet sind<\/strong><\/h3>\n\n\n\n<p>Eine gute Reinigungs- und Gesichtspflegeroutine ist wichtig, um mikrozystische Akne bei schwarzer Haut zu verhindern und zu behandeln. Es wird empfohlen, dass Sie&nbsp;<strong>spezielle Produkte f\u00fcr schwarze Haut<\/strong>, Sie sind in der Regel milder und weniger reizend als Produkte f\u00fcr helle Haut. Hier sind einige Tipps, wie Sie Ihre Haut pflegen k\u00f6nnen :<\/p>\n\n\n\n<ul class=\"wp-block-list\">\n<li>Reinigen Sie Ihr Gesicht zweimal t\u00e4glich mit einem milden, seifen- und alkoholfreien Reinigungsmittel.<\/li>\n\n\n\n<li>Peelen Sie Ihre Haut ein- bis zweimal pro Woche, um abgestorbene Hautzellen zu entfernen und die Zellerneuerung anzuregen.<\/li>\n\n\n\n<li>Verwenden Sie Feuchtigkeitspflegeprodukte, die f\u00fcr fettige oder akneanf\u00e4llige Haut geeignet sind (nicht komedogen).<\/li>\n\n\n\n<li><strong><a href=\"https:\/\/www.safinel.fr\/de\/sonnenbrand-schwarze-haut\/\">Sch\u00fctzen Sie Ihre Haut vor der Sonne<\/a><\/strong> mit einer Sonnencreme mit breitem Spektrum und hohem Lichtschutzfaktor, da UV-Strahlen die postinflammatorische Hyperpigmentierung verschlimmern k\u00f6nnen.<\/li>\n<\/ul>\n\n\n\n<h3 class=\"wp-block-heading\" id=\"h-traitements-m-dicaux-et-topiques\"><strong>Medizinische und topische Behandlungen<\/strong><\/h3>\n\n\n\n<p>Bei anhaltender mikrozystischer Akne ist es ratsam, einen&nbsp;<strong>Dermatologe<\/strong>&nbsp;der Ihnen Behandlungsmethoden verschreiben kann, die auf Ihren Hauttyp und den Schweregrad Ihrer Akne abgestimmt sind. Zu den medizinischen Behandlungsm\u00f6glichkeiten geh\u00f6ren :<\/p>\n\n\n\n<ul class=\"wp-block-list\">\n<li>Cremes oder Gele mit Retinoiden (Vitamin-A-Derivaten), um die Talgproduktion zu regulieren und abgestorbene Hautzellen zu entfernen<\/li>\n\n\n\n<li>lokale oder orale Antibiotika zur Bek\u00e4mpfung der bakteriellen Infektion<\/li>\n\n\n\n<li>Hormonbehandlungen (wie die Antibabypille), um das f\u00fcr die Akne verantwortliche hormonelle Ungleichgewicht zu regulieren<\/li>\n<\/ul>\n\n\n\n<p>Bei postentz\u00fcndlicher Hyperpigmentierung k\u00f6nnen vom Dermatologen spezielle Behandlungen verschrieben werden, wie z. B. :<\/p>\n\n\n\n<ul class=\"wp-block-list\">\n<li>der <strong><a href=\"https:\/\/www.safinel.fr\/de\/product-2\/nila-creme\/\">Aufhellungscremes<\/a><\/strong> die Hydrochinon oder Fruchts\u00e4uren (AHA) enthalten<\/li>\n\n\n\n<li>chemische Peelings oder Mikrodermabrasionen, um die Zellerneuerung anzuregen und Pigmentflecken zu verblassen<\/li>\n<\/ul>\n\n\n\n<h3 class=\"wp-block-heading\" id=\"h-compl-ments-alimentaires-et-modifications-du-mode-de-vie\"><strong>Nahrungserg\u00e4nzungsmittel und \u00c4nderungen des Lebensstils<\/strong><\/h3>\n\n\n\n<p>Zus\u00e4tzlich zu medizinischen Behandlungen und Gesichtspflege kann man seine Haut auch durch bestimmte Gewohnheiten verbessern:<\/p>\n\n\n\n<ul class=\"wp-block-list\">\n<li>Nehmen Sie Erg\u00e4nzungen von&nbsp;<strong>Vitamin E<\/strong>, Es hat eine entz\u00fcndungshemmende Wirkung und f\u00f6rdert die Wundheilung der Haut.<\/li>\n\n\n\n<li>Ern\u00e4hren Sie sich ausgewogen, reich an Antioxidantien (Obst und Gem\u00fcse), Omega-3-Fetts\u00e4uren (fetter Fisch, N\u00fcsse) und arm an Zucker und ges\u00e4ttigten Fetten.<\/li>\n\n\n\n<li>Trinken Sie ausreichend Wasser, um den Feuchtigkeitsgehalt der Haut zu erhalten.<\/li>\n\n\n\n<li>Regelm\u00e4\u00dfige Bewegung, um die Durchblutung und die Ausscheidung von Giftstoffen anzuregen.<\/li>\n\n\n\n<li>Versuchen Sie, Stress abzubauen, der die Akne verschlimmern kann, z. B. durch Meditation, Yoga oder Entspannungs\u00fcbungen.<\/li>\n<\/ul>\n\n\n\n<p>Indem Sie diese Ratschl\u00e4ge befolgen und die Behandlungen an Ihren Hauttyp und die Besonderheiten der mikrozystischen Akne bei schwarzer Haut anpassen. <\/p>\n\n\n\n<p>Sie k\u00f6nnen die Qualit\u00e4t Ihrer Haut verbessern und Komplikationen wie Narben und postentz\u00fcndliche Hyperpigmentierung vermeiden.<\/p>","protected":false},"excerpt":{"rendered":"<p>Mikrozystische Akne ist ein h\u00e4ufiges Hautproblem, das alle Menschen unabh\u00e4ngig von ihrer Hautfarbe betreffen kann. Bei schwarzer Haut m\u00fcssen jedoch einige Besonderheiten beachtet werden. In diesem Artikel befassen wir uns mit den Besonderheiten der mikrozystischen Akne bei schwarzer Haut sowie mit Behandlungs- und Vorbeugungsm\u00f6glichkeiten. Was ist [...].","protected":false},"author":156,"featured_media":8192,"comment_status":"closed","ping_status":"closed","sticky":false,"template":"","format":"standard","meta":{"footnotes":""},"categories":[1],"tags":[],"class_list":["post-8191","post","type-post","status-publish","format-standard","has-post-thumbnail","hentry","category-divers"],"yoast_head":"<!-- This site is optimized with the Yoast SEO plugin v26.6 - https:\/\/yoast.com\/wordpress\/plugins\/seo\/ -->\n<title>Acn\u00e9 microkystique sur les peaux noires | Le guide pratique<\/title>\n<meta name=\"description\" content=\"Ici, nous aborderons les sp\u00e9cificit\u00e9s de l&#039;acn\u00e9 microkystique sur les peaux noires, ainsi que les traitements et pr\u00e9ventions possibles.\" \/>\n<meta name=\"robots\" content=\"index, follow, max-snippet:-1, max-image-preview:large, max-video-preview:-1\" \/>\n<link rel=\"canonical\" href=\"https:\/\/www.safinel.fr\/de\/mikrozystische-akne-auf-schwarzer-haut\/\" \/>\n<meta property=\"og:locale\" content=\"de_DE\" \/>\n<meta property=\"og:type\" content=\"article\" \/>\n<meta property=\"og:title\" content=\"Acn\u00e9 microkystique sur les peaux noires | Le guide pratique\" \/>\n<meta property=\"og:description\" content=\"Ici, nous aborderons les sp\u00e9cificit\u00e9s de l&#039;acn\u00e9 microkystique sur les peaux noires, ainsi que les traitements et pr\u00e9ventions possibles.\" \/>\n<meta property=\"og:url\" content=\"https:\/\/www.safinel.fr\/de\/mikrozystische-akne-auf-schwarzer-haut\/\" \/>\n<meta property=\"og:site_name\" content=\"Safinel\" \/>\n<meta property=\"article:published_time\" content=\"2023-08-31T18:42:06+00:00\" \/>\n<meta property=\"article:modified_time\" content=\"2023-08-31T18:42:07+00:00\" \/>\n<meta property=\"og:image\" content=\"https:\/\/www.safinel.fr\/wp-content\/uploads\/2023\/08\/Acne-microkystique-sur-les-peaux-noires-.jpg\" \/>\n\t<meta property=\"og:image:width\" content=\"1100\" \/>\n\t<meta property=\"og:image:height\" content=\"578\" \/>\n\t<meta property=\"og:image:type\" content=\"image\/jpeg\" \/>\n<meta name=\"author\" content=\"Naj\" \/>\n<meta name=\"twitter:card\" content=\"summary_large_image\" \/>\n<meta name=\"twitter:label1\" content=\"Verfasst von\" \/>\n\t<meta name=\"twitter:data1\" content=\"Naj\" \/>\n\t<meta name=\"twitter:label2\" content=\"Gesch\u00e4tzte Lesezeit\" \/>\n\t<meta name=\"twitter:data2\" content=\"4\u00a0Minuten\" \/>\n<script type=\"application\/ld+json\" class=\"yoast-schema-graph\">{\"@context\":\"https:\/\/schema.org\",\"@graph\":[{\"@type\":\"Article\",\"@id\":\"https:\/\/www.safinel.fr\/acne-microkystique-sur-les-peaux-noires\/#article\",\"isPartOf\":{\"@id\":\"https:\/\/www.safinel.fr\/acne-microkystique-sur-les-peaux-noires\/\"},\"author\":{\"name\":\"Naj\",\"@id\":\"https:\/\/www.safinel.fr\/#\/schema\/person\/47f7357f8aa8a41a796811d3f8a3e055\"},\"headline\":\"Comprendre et traiter l&rsquo;acn\u00e9 microkystique sur les peaux noires\",\"datePublished\":\"2023-08-31T18:42:06+00:00\",\"dateModified\":\"2023-08-31T18:42:07+00:00\",\"mainEntityOfPage\":{\"@id\":\"https:\/\/www.safinel.fr\/acne-microkystique-sur-les-peaux-noires\/\"},\"wordCount\":885,\"publisher\":{\"@id\":\"https:\/\/www.safinel.fr\/#organization\"},\"image\":{\"@id\":\"https:\/\/www.safinel.fr\/acne-microkystique-sur-les-peaux-noires\/#primaryimage\"},\"thumbnailUrl\":\"https:\/\/www.safinel.fr\/wp-content\/uploads\/2023\/08\/Acne-microkystique-sur-les-peaux-noires-.jpg\",\"articleSection\":[\"Divers\"],\"inLanguage\":\"de\"},{\"@type\":\"WebPage\",\"@id\":\"https:\/\/www.safinel.fr\/acne-microkystique-sur-les-peaux-noires\/\",\"url\":\"https:\/\/www.safinel.fr\/acne-microkystique-sur-les-peaux-noires\/\",\"name\":\"Acn\u00e9 microkystique sur les peaux noires | Le guide pratique\",\"isPartOf\":{\"@id\":\"https:\/\/www.safinel.fr\/#website\"},\"primaryImageOfPage\":{\"@id\":\"https:\/\/www.safinel.fr\/acne-microkystique-sur-les-peaux-noires\/#primaryimage\"},\"image\":{\"@id\":\"https:\/\/www.safinel.fr\/acne-microkystique-sur-les-peaux-noires\/#primaryimage\"},\"thumbnailUrl\":\"https:\/\/www.safinel.fr\/wp-content\/uploads\/2023\/08\/Acne-microkystique-sur-les-peaux-noires-.jpg\",\"datePublished\":\"2023-08-31T18:42:06+00:00\",\"dateModified\":\"2023-08-31T18:42:07+00:00\",\"description\":\"Ici, nous aborderons les sp\u00e9cificit\u00e9s de l'acn\u00e9 microkystique sur les peaux noires, ainsi que les traitements et pr\u00e9ventions possibles.\",\"breadcrumb\":{\"@id\":\"https:\/\/www.safinel.fr\/acne-microkystique-sur-les-peaux-noires\/#breadcrumb\"},\"inLanguage\":\"de\",\"potentialAction\":[{\"@type\":\"ReadAction\",\"target\":[\"https:\/\/www.safinel.fr\/acne-microkystique-sur-les-peaux-noires\/\"]}]},{\"@type\":\"ImageObject\",\"inLanguage\":\"de\",\"@id\":\"https:\/\/www.safinel.fr\/acne-microkystique-sur-les-peaux-noires\/#primaryimage\",\"url\":\"https:\/\/www.safinel.fr\/wp-content\/uploads\/2023\/08\/Acne-microkystique-sur-les-peaux-noires-.jpg\",\"contentUrl\":\"https:\/\/www.safinel.fr\/wp-content\/uploads\/2023\/08\/Acne-microkystique-sur-les-peaux-noires-.jpg\",\"width\":1100,\"height\":578,\"caption\":\"acn\u00e9 microkystique sur les peaux noires\"},{\"@type\":\"BreadcrumbList\",\"@id\":\"https:\/\/www.safinel.fr\/acne-microkystique-sur-les-peaux-noires\/#breadcrumb\",\"itemListElement\":[{\"@type\":\"ListItem\",\"position\":1,\"name\":\"Accueil\",\"item\":\"https:\/\/www.safinel.fr\/\"},{\"@type\":\"ListItem\",\"position\":2,\"name\":\"Comprendre et traiter l&#8217;acn\u00e9 microkystique sur les peaux noires\"}]},{\"@type\":\"WebSite\",\"@id\":\"https:\/\/www.safinel.fr\/#website\",\"url\":\"https:\/\/www.safinel.fr\/\",\"name\":\"Safinel\",\"description\":\"\",\"publisher\":{\"@id\":\"https:\/\/www.safinel.fr\/#organization\"},\"potentialAction\":[{\"@type\":\"SearchAction\",\"target\":{\"@type\":\"EntryPoint\",\"urlTemplate\":\"https:\/\/www.safinel.fr\/?s={search_term_string}\"},\"query-input\":{\"@type\":\"PropertyValueSpecification\",\"valueRequired\":true,\"valueName\":\"search_term_string\"}}],\"inLanguage\":\"de\"},{\"@type\":\"Organization\",\"@id\":\"https:\/\/www.safinel.fr\/#organization\",\"name\":\"Safinel\",\"url\":\"https:\/\/www.safinel.fr\/\",\"logo\":{\"@type\":\"ImageObject\",\"inLanguage\":\"de\",\"@id\":\"https:\/\/www.safinel.fr\/#\/schema\/logo\/image\/\",\"url\":\"https:\/\/www.safinel.fr\/wp-content\/uploads\/2021\/05\/boutique-cosmetique.png\",\"contentUrl\":\"https:\/\/www.safinel.fr\/wp-content\/uploads\/2021\/05\/boutique-cosmetique.png\",\"width\":800,\"height\":200,\"caption\":\"Safinel\"},\"image\":{\"@id\":\"https:\/\/www.safinel.fr\/#\/schema\/logo\/image\/\"}},{\"@type\":\"Person\",\"@id\":\"https:\/\/www.safinel.fr\/#\/schema\/person\/47f7357f8aa8a41a796811d3f8a3e055\",\"name\":\"Naj\",\"image\":{\"@type\":\"ImageObject\",\"inLanguage\":\"de\",\"@id\":\"https:\/\/www.safinel.fr\/#\/schema\/person\/image\/\",\"url\":\"https:\/\/secure.gravatar.com\/avatar\/5c0fa4f0bce748d4964b7d68e4b0ee1d8e3120edba58a55893ced967bd2093b5?s=96&d=mm&r=g\",\"contentUrl\":\"https:\/\/secure.gravatar.com\/avatar\/5c0fa4f0bce748d4964b7d68e4b0ee1d8e3120edba58a55893ced967bd2093b5?s=96&d=mm&r=g\",\"caption\":\"Naj\"},\"url\":\"https:\/\/www.safinel.fr\/de\/author\/naj\/\"}]}<\/script>\n<!-- \/ Yoast SEO plugin. -->","yoast_head_json":{"title":"Mikrozystische Akne bei schwarzer Haut | Der praktische Leitfaden","description":"Hier gehen wir auf die Besonderheiten der mikrozystischen Akne bei schwarzer Haut sowie auf Behandlungs- und Vorbeugungsm\u00f6glichkeiten ein.","robots":{"index":"index","follow":"follow","max-snippet":"max-snippet:-1","max-image-preview":"max-image-preview:large","max-video-preview":"max-video-preview:-1"},"canonical":"https:\/\/www.safinel.fr\/de\/mikrozystische-akne-auf-schwarzer-haut\/","og_locale":"de_DE","og_type":"article","og_title":"Acn\u00e9 microkystique sur les peaux noires | Le guide pratique","og_description":"Ici, nous aborderons les sp\u00e9cificit\u00e9s de l'acn\u00e9 microkystique sur les peaux noires, ainsi que les traitements et pr\u00e9ventions possibles.","og_url":"https:\/\/www.safinel.fr\/de\/mikrozystische-akne-auf-schwarzer-haut\/","og_site_name":"Safinel","article_published_time":"2023-08-31T18:42:06+00:00","article_modified_time":"2023-08-31T18:42:07+00:00","og_image":[{"width":1100,"height":578,"url":"https:\/\/www.safinel.fr\/wp-content\/uploads\/2023\/08\/Acne-microkystique-sur-les-peaux-noires-.jpg","type":"image\/jpeg"}],"author":"Naj","twitter_card":"summary_large_image","twitter_misc":{"Verfasst von":"Naj","Gesch\u00e4tzte Lesezeit":"4\u00a0Minuten"},"schema":{"@context":"https:\/\/schema.org","@graph":[{"@type":"Article","@id":"https:\/\/www.safinel.fr\/acne-microkystique-sur-les-peaux-noires\/#article","isPartOf":{"@id":"https:\/\/www.safinel.fr\/acne-microkystique-sur-les-peaux-noires\/"},"author":{"name":"Naj","@id":"https:\/\/www.safinel.fr\/#\/schema\/person\/47f7357f8aa8a41a796811d3f8a3e055"},"headline":"Comprendre et traiter l&rsquo;acn\u00e9 microkystique sur les peaux noires","datePublished":"2023-08-31T18:42:06+00:00","dateModified":"2023-08-31T18:42:07+00:00","mainEntityOfPage":{"@id":"https:\/\/www.safinel.fr\/acne-microkystique-sur-les-peaux-noires\/"},"wordCount":885,"publisher":{"@id":"https:\/\/www.safinel.fr\/#organization"},"image":{"@id":"https:\/\/www.safinel.fr\/acne-microkystique-sur-les-peaux-noires\/#primaryimage"},"thumbnailUrl":"https:\/\/www.safinel.fr\/wp-content\/uploads\/2023\/08\/Acne-microkystique-sur-les-peaux-noires-.jpg","articleSection":["Divers"],"inLanguage":"de"},{"@type":"WebPage","@id":"https:\/\/www.safinel.fr\/acne-microkystique-sur-les-peaux-noires\/","url":"https:\/\/www.safinel.fr\/acne-microkystique-sur-les-peaux-noires\/","name":"Mikrozystische Akne bei schwarzer Haut | Der praktische Leitfaden","isPartOf":{"@id":"https:\/\/www.safinel.fr\/#website"},"primaryImageOfPage":{"@id":"https:\/\/www.safinel.fr\/acne-microkystique-sur-les-peaux-noires\/#primaryimage"},"image":{"@id":"https:\/\/www.safinel.fr\/acne-microkystique-sur-les-peaux-noires\/#primaryimage"},"thumbnailUrl":"https:\/\/www.safinel.fr\/wp-content\/uploads\/2023\/08\/Acne-microkystique-sur-les-peaux-noires-.jpg","datePublished":"2023-08-31T18:42:06+00:00","dateModified":"2023-08-31T18:42:07+00:00","description":"Hier gehen wir auf die Besonderheiten der mikrozystischen Akne bei schwarzer Haut sowie auf Behandlungs- und Vorbeugungsm\u00f6glichkeiten ein.","breadcrumb":{"@id":"https:\/\/www.safinel.fr\/acne-microkystique-sur-les-peaux-noires\/#breadcrumb"},"inLanguage":"de","potentialAction":[{"@type":"ReadAction","target":["https:\/\/www.safinel.fr\/acne-microkystique-sur-les-peaux-noires\/"]}]},{"@type":"ImageObject","inLanguage":"de","@id":"https:\/\/www.safinel.fr\/acne-microkystique-sur-les-peaux-noires\/#primaryimage","url":"https:\/\/www.safinel.fr\/wp-content\/uploads\/2023\/08\/Acne-microkystique-sur-les-peaux-noires-.jpg","contentUrl":"https:\/\/www.safinel.fr\/wp-content\/uploads\/2023\/08\/Acne-microkystique-sur-les-peaux-noires-.jpg","width":1100,"height":578,"caption":"acn\u00e9 microkystique sur les peaux noires"},{"@type":"BreadcrumbList","@id":"https:\/\/www.safinel.fr\/acne-microkystique-sur-les-peaux-noires\/#breadcrumb","itemListElement":[{"@type":"ListItem","position":1,"name":"Accueil","item":"https:\/\/www.safinel.fr\/"},{"@type":"ListItem","position":2,"name":"Comprendre et traiter l&#8217;acn\u00e9 microkystique sur les peaux noires"}]},{"@type":"WebSite","@id":"https:\/\/www.safinel.fr\/#website","url":"https:\/\/www.safinel.fr\/","name":"Safinel","description":"","publisher":{"@id":"https:\/\/www.safinel.fr\/#organization"},"potentialAction":[{"@type":"SearchAction","target":{"@type":"EntryPoint","urlTemplate":"https:\/\/www.safinel.fr\/?s={search_term_string}"},"query-input":{"@type":"PropertyValueSpecification","valueRequired":true,"valueName":"search_term_string"}}],"inLanguage":"de"},{"@type":"Organization","@id":"https:\/\/www.safinel.fr\/#organization","name":"Safinel","url":"https:\/\/www.safinel.fr\/","logo":{"@type":"ImageObject","inLanguage":"de","@id":"https:\/\/www.safinel.fr\/#\/schema\/logo\/image\/","url":"https:\/\/www.safinel.fr\/wp-content\/uploads\/2021\/05\/boutique-cosmetique.png","contentUrl":"https:\/\/www.safinel.fr\/wp-content\/uploads\/2021\/05\/boutique-cosmetique.png","width":800,"height":200,"caption":"Safinel"},"image":{"@id":"https:\/\/www.safinel.fr\/#\/schema\/logo\/image\/"}},{"@type":"Person","@id":"https:\/\/www.safinel.fr\/#\/schema\/person\/47f7357f8aa8a41a796811d3f8a3e055","name":"Naj","image":{"@type":"ImageObject","inLanguage":"de","@id":"https:\/\/www.safinel.fr\/#\/schema\/person\/image\/","url":"https:\/\/secure.gravatar.com\/avatar\/5c0fa4f0bce748d4964b7d68e4b0ee1d8e3120edba58a55893ced967bd2093b5?s=96&d=mm&r=g","contentUrl":"https:\/\/secure.gravatar.com\/avatar\/5c0fa4f0bce748d4964b7d68e4b0ee1d8e3120edba58a55893ced967bd2093b5?s=96&d=mm&r=g","caption":"Naj"},"url":"https:\/\/www.safinel.fr\/de\/author\/naj\/"}]}},"_links":{"self":[{"href":"https:\/\/www.safinel.fr\/de\/wp-json\/wp\/v2\/posts\/8191","targetHints":{"allow":["GET"]}}],"collection":[{"href":"https:\/\/www.safinel.fr\/de\/wp-json\/wp\/v2\/posts"}],"about":[{"href":"https:\/\/www.safinel.fr\/de\/wp-json\/wp\/v2\/types\/post"}],"author":[{"embeddable":true,"href":"https:\/\/www.safinel.fr\/de\/wp-json\/wp\/v2\/users\/156"}],"replies":[{"embeddable":true,"href":"https:\/\/www.safinel.fr\/de\/wp-json\/wp\/v2\/comments?post=8191"}],"version-history":[{"count":1,"href":"https:\/\/www.safinel.fr\/de\/wp-json\/wp\/v2\/posts\/8191\/revisions"}],"predecessor-version":[{"id":8193,"href":"https:\/\/www.safinel.fr\/de\/wp-json\/wp\/v2\/posts\/8191\/revisions\/8193"}],"wp:featuredmedia":[{"embeddable":true,"href":"https:\/\/www.safinel.fr\/de\/wp-json\/wp\/v2\/media\/8192"}],"wp:attachment":[{"href":"https:\/\/www.safinel.fr\/de\/wp-json\/wp\/v2\/media?parent=8191"}],"wp:term":[{"taxonomy":"category","embeddable":true,"href":"https:\/\/www.safinel.fr\/de\/wp-json\/wp\/v2\/categories?post=8191"},{"taxonomy":"post_tag","embeddable":true,"href":"https:\/\/www.safinel.fr\/de\/wp-json\/wp\/v2\/tags?post=8191"}],"curies":[{"name":"wp","href":"https:\/\/api.w.org\/{rel}","templated":true}]}}