{"id":8104,"date":"2023-08-27T16:59:36","date_gmt":"2023-08-27T16:59:36","guid":{"rendered":"https:\/\/www.safinel.fr\/?p=8104"},"modified":"2023-08-27T16:59:38","modified_gmt":"2023-08-27T16:59:38","slug":"dehnungsstreifen-auf-schwarzer-haut","status":"publish","type":"post","link":"https:\/\/www.safinel.fr\/de\/dehnungsstreifen-auf-schwarzer-haut\/","title":{"rendered":"Dehnungsstreifen auf schwarzer Haut: Ursachen, L\u00f6sungen und Vorbeugung"},"content":{"rendered":"<p>Die&nbsp;<strong>Dehnungsstreifen<\/strong>&nbsp;sind Hautver\u00e4nderungen, die alle Menschen unabh\u00e4ngig von ihrer Hautfarbe betreffen k\u00f6nnen. Allerdings sind sie bei Frauen oft auff\u00e4lliger bei der&nbsp;<strong>schwarze Haut<\/strong>. In diesem Artikel werden wir die Ursachen f\u00fcr Dehnungsstreifen auf schwarzer Haut sowie die verf\u00fcgbaren Behandlungs- und Pr\u00e4ventionsmethoden untersuchen.<\/p>\n\n\n\n<h2 class=\"wp-block-heading\" id=\"h-causes-des-vergetures-sur-la-peau-noire\"><strong>Ursachen f\u00fcr Dehnungsstreifen auf schwarzer Haut<\/strong><\/h2>\n\n\n\n<p>Dehnungsstreifen werden durch eine schnelle Dehnung der Haut verursacht, meist aufgrund von schnellem Wachstum oder starker Gewichtszunahme. Sie entstehen, wenn die elastischen und kollagenen Fasern der Haut unter Spannung rei\u00dfen und dadurch lineare Streifen auf der Hautoberfl\u00e4che entstehen. Die folgenden Faktoren k\u00f6nnen das Risiko, Dehnungsstreifen zu entwickeln, erh\u00f6hen:<\/p>\n\n\n\n<ul class=\"wp-block-list\">\n<li><strong>Genetik<\/strong>\u00a0: Manche Menschen haben eine genetische Veranlagung f\u00fcr Dehnungsstreifen.<\/li>\n\n\n\n<li><strong>Hormonelle Schwankungen<\/strong>\u00a0Hormonelle Ver\u00e4nderungen in der Pubert\u00e4t, w\u00e4hrend der Schwangerschaft oder aufgrund bestimmter Medikamente k\u00f6nnen die Produktion von Kollagen und Elastin beeintr\u00e4chtigen, wodurch die Haut anf\u00e4lliger f\u00fcr Dehnungsstreifen wird.<\/li>\n\n\n\n<li><strong>Alter<\/strong>\u00a0: Die Haut wird mit zunehmendem Alter weniger elastisch, was das Risiko von Dehnungsstreifen erh\u00f6ht.<\/li>\n<\/ul>\n\n\n\n<p>Bei Menschen mit dunkler Hautfarbe k\u00f6nnen Dehnungsstreifen deutlicher sichtbar sein, weil die&nbsp;<strong>Kontrastfarbe<\/strong>&nbsp;Hautverletzungen im Vergleich zu ihrem nat\u00fcrlichen Hautton. Dehnungsstreifen neigen n\u00e4mlich dazu, anfangs rosa oder violett zu sein und verblassen dann allm\u00e4hlich zu einem wei\u00dfen oder silbrigen Farbton.<\/p>\n\n\n\n<h2 class=\"wp-block-heading\" id=\"h-traitements-pour-att-nuer\"><strong>Behandlungen zur Abschw\u00e4chung<\/strong><\/h2>\n\n\n\n<p>Obwohl Dehnungsstreifen nie ganz verschwinden, gibt es Behandlungen, die helfen k\u00f6nnen, sie weniger sichtbar zu machen und das Aussehen der Haut zu verbessern. Dazu geh\u00f6ren unter anderem:<\/p>\n\n\n\n<ul class=\"wp-block-list\">\n<li><strong>Feuchtigkeitscremes und -lotionen<\/strong><\/li>\n<\/ul>\n\n\n\n<p>Produkte, die Retinol, Alpha-Hydroxys\u00e4uren (AHA) oder Vitamin C enthalten, k\u00f6nnen die Kollagen- und Elastinproduktion anregen und so das Aussehen der Dehnungsstreifen verbessern. Dar\u00fcber hinaus kann die regelm\u00e4\u00dfige Verwendung einer Feuchtigkeitslotion dazu beitragen, die Haut geschmeidig und elastisch zu halten, wodurch das Risiko neuer Dehnungsstreifen verringert wird.<\/p>\n\n\n\n<ul class=\"wp-block-list\">\n<li><strong>Laserbehandlungen<\/strong><\/li>\n<\/ul>\n\n\n\n<p>Laserbehandlungen k\u00f6nnen helfen, die Sichtbarkeit von Dehnungsstreifen zu verringern, indem sie die Kollagenproduktion anregen und das Wachstum neuer Hautzellen f\u00f6rdern. Diese Behandlungen k\u00f6nnen teuer sein und mehrere Sitzungen erfordern, sind aber in der Regel bei frischen, farbigen Dehnungsstreifen wirksamer als bei alten, wei\u00dfen Dehnungsstreifen.<\/p>\n\n\n\n<ul class=\"wp-block-list\">\n<li><strong>Die Mikrodermabrasion<\/strong><\/li>\n<\/ul>\n\n\n\n<p>Bei der Mikrodermabrasion wird die Hautoberfl\u00e4che mithilfe von Mikrokristallen gepeelt, um abgestorbene Hautzellen zu entfernen und die Hautregeneration zu f\u00f6rdern. Diese Methode kann zum Verblassen von Dehnungsstreifen beitragen, insbesondere wenn sie mit topischen Behandlungen wie Cremes mit Retinol oder <strong><a href=\"https:\/\/www.safinel.fr\/de\/vitamin-c-schwarze-haut\/\">Vitamin C<\/a><\/strong>.<\/p>\n\n\n\n<h3 class=\"wp-block-heading\" id=\"h-pr-vention-des-vergetures-sur-la-peau-noire\"><strong>Vorbeugung von Dehnungsstreifen bei schwarzer Haut<\/strong><\/h3>\n\n\n\n<p>Auch wenn es schwierig sein kann, Dehnungsstreifen ganz zu vermeiden, gibt es Ma\u00dfnahmen, die Sie ergreifen k\u00f6nnen, um die Wahrscheinlichkeit ihres Auftretens zu verringern:<\/p>\n\n\n\n<ul class=\"wp-block-list\">\n<li>Aufrechterhaltung einer ausgewogenen Ern\u00e4hrung, die reich an Vitaminen und Mineralien ist, insbesondere an Vitamin C, Zink und Silizium, die f\u00fcr die Produktion von Kollagen und Elastin unerl\u00e4sslich sind.<\/li>\n\n\n\n<li>Trinken Sie ausreichend Wasser, um die Haut mit Feuchtigkeit zu versorgen und ihre Elastizit\u00e4t zu erhalten.<\/li>\n\n\n\n<li>Regelm\u00e4\u00dfige Bewegung, um eine gute Durchblutung aufrechtzuerhalten und die Kollagenproduktion anzuregen.<\/li>\n\n\n\n<li>Verwenden Sie Feuchtigkeitspflegeprodukte, die f\u00fcr Ihren Hauttyp geeignet sind, und tragen Sie nat\u00fcrliche \u00d6le oder Butter (wie Kokos\u00f6l oder Sheabutter) auf, um die Haut zu n\u00e4hren und sie geschmeidig zu halten.<\/li>\n\n\n\n<li>Vermeiden Sie nach M\u00f6glichkeit gro\u00dfe und schnelle Gewichtsschwankungen.<\/li>\n<\/ul>\n\n\n\n<p><strong>Zusammenfassend l\u00e4sst sich sagen, dass Dehnungsstreifen auf schwarzer Haut aufgrund ihrer kontrastierenden Farbe im Vergleich zum nat\u00fcrlichen Hautton auff\u00e4lliger sein k\u00f6nnen. Es gibt Behandlungsm\u00f6glichkeiten, um ihr Erscheinungsbild zu mildern, sowie vorbeugende Ma\u00dfnahmen, um das Risiko des Auftretens zu verringern. Ein gesunder Lebensstil, eine ausgewogene Ern\u00e4hrung und eine sorgf\u00e4ltige Hautpflege sind bei allen Hauttypen entscheidend, um die Auswirkungen von Dehnungsstreifen zu begrenzen.<\/strong><\/p>","protected":false},"excerpt":{"rendered":"<p>Dehnungsstreifen sind Hautverletzungen, die alle Menschen unabh\u00e4ngig von ihrer Hautfarbe betreffen k\u00f6nnen. Bei Frauen mit dunkler Hautfarbe sind sie jedoch h\u00e4ufig auff\u00e4lliger. In diesem Artikel befassen wir uns mit den Ursachen von Dehnungsstreifen bei schwarzer Haut sowie mit den verf\u00fcgbaren Behandlungs- und Pr\u00e4ventionsmethoden. Ursachen von Dehnungsstreifen auf [...].","protected":false},"author":156,"featured_media":8105,"comment_status":"closed","ping_status":"closed","sticky":false,"template":"","format":"standard","meta":{"footnotes":""},"categories":[1],"tags":[],"class_list":["post-8104","post","type-post","status-publish","format-standard","has-post-thumbnail","hentry","category-divers"],"yoast_head":"<!-- This site is optimized with the Yoast SEO plugin v26.6 - https:\/\/yoast.com\/wordpress\/plugins\/seo\/ -->\n<title>Vergetures sur la peau noire | D\u00e9couvrez comment s&#039;en pr\u00e9munir<\/title>\n<meta name=\"description\" content=\"Dans cet article, nous examinerons les causes des vergetures sur la peau noire, ainsi que les traitements disponibles.\" \/>\n<meta name=\"robots\" content=\"index, follow, max-snippet:-1, max-image-preview:large, max-video-preview:-1\" \/>\n<link rel=\"canonical\" href=\"https:\/\/www.safinel.fr\/de\/dehnungsstreifen-auf-schwarzer-haut\/\" \/>\n<meta property=\"og:locale\" content=\"de_DE\" \/>\n<meta property=\"og:type\" content=\"article\" \/>\n<meta property=\"og:title\" content=\"Vergetures sur la peau noire | D\u00e9couvrez comment s&#039;en pr\u00e9munir\" \/>\n<meta property=\"og:description\" content=\"Dans cet article, nous examinerons les causes des vergetures sur la peau noire, ainsi que les traitements disponibles.\" \/>\n<meta property=\"og:url\" content=\"https:\/\/www.safinel.fr\/de\/dehnungsstreifen-auf-schwarzer-haut\/\" \/>\n<meta property=\"og:site_name\" content=\"Safinel\" \/>\n<meta property=\"article:published_time\" content=\"2023-08-27T16:59:36+00:00\" \/>\n<meta property=\"article:modified_time\" content=\"2023-08-27T16:59:38+00:00\" \/>\n<meta property=\"og:image\" content=\"https:\/\/www.safinel.fr\/wp-content\/uploads\/2023\/08\/Les-vergetures-sur-la-peau-noire.jpg\" \/>\n\t<meta property=\"og:image:width\" content=\"1100\" \/>\n\t<meta property=\"og:image:height\" content=\"578\" \/>\n\t<meta property=\"og:image:type\" content=\"image\/jpeg\" \/>\n<meta name=\"author\" content=\"Naj\" \/>\n<meta name=\"twitter:card\" content=\"summary_large_image\" \/>\n<meta name=\"twitter:label1\" content=\"Verfasst von\" \/>\n\t<meta name=\"twitter:data1\" content=\"Naj\" \/>\n\t<meta name=\"twitter:label2\" content=\"Gesch\u00e4tzte Lesezeit\" \/>\n\t<meta name=\"twitter:data2\" content=\"4\u00a0Minuten\" \/>\n<script type=\"application\/ld+json\" class=\"yoast-schema-graph\">{\"@context\":\"https:\/\/schema.org\",\"@graph\":[{\"@type\":\"Article\",\"@id\":\"https:\/\/www.safinel.fr\/vergetures-sur-la-peau-noire\/#article\",\"isPartOf\":{\"@id\":\"https:\/\/www.safinel.fr\/vergetures-sur-la-peau-noire\/\"},\"author\":{\"name\":\"Naj\",\"@id\":\"https:\/\/www.safinel.fr\/#\/schema\/person\/47f7357f8aa8a41a796811d3f8a3e055\"},\"headline\":\"Les vergetures sur la peau noire\u00a0: causes, solutions et pr\u00e9vention\",\"datePublished\":\"2023-08-27T16:59:36+00:00\",\"dateModified\":\"2023-08-27T16:59:38+00:00\",\"mainEntityOfPage\":{\"@id\":\"https:\/\/www.safinel.fr\/vergetures-sur-la-peau-noire\/\"},\"wordCount\":739,\"publisher\":{\"@id\":\"https:\/\/www.safinel.fr\/#organization\"},\"image\":{\"@id\":\"https:\/\/www.safinel.fr\/vergetures-sur-la-peau-noire\/#primaryimage\"},\"thumbnailUrl\":\"https:\/\/www.safinel.fr\/wp-content\/uploads\/2023\/08\/Les-vergetures-sur-la-peau-noire.jpg\",\"articleSection\":[\"Divers\"],\"inLanguage\":\"de\"},{\"@type\":\"WebPage\",\"@id\":\"https:\/\/www.safinel.fr\/vergetures-sur-la-peau-noire\/\",\"url\":\"https:\/\/www.safinel.fr\/vergetures-sur-la-peau-noire\/\",\"name\":\"Vergetures sur la peau noire | D\u00e9couvrez comment s'en pr\u00e9munir\",\"isPartOf\":{\"@id\":\"https:\/\/www.safinel.fr\/#website\"},\"primaryImageOfPage\":{\"@id\":\"https:\/\/www.safinel.fr\/vergetures-sur-la-peau-noire\/#primaryimage\"},\"image\":{\"@id\":\"https:\/\/www.safinel.fr\/vergetures-sur-la-peau-noire\/#primaryimage\"},\"thumbnailUrl\":\"https:\/\/www.safinel.fr\/wp-content\/uploads\/2023\/08\/Les-vergetures-sur-la-peau-noire.jpg\",\"datePublished\":\"2023-08-27T16:59:36+00:00\",\"dateModified\":\"2023-08-27T16:59:38+00:00\",\"description\":\"Dans cet article, nous examinerons les causes des vergetures sur la peau noire, ainsi que les traitements disponibles.\",\"breadcrumb\":{\"@id\":\"https:\/\/www.safinel.fr\/vergetures-sur-la-peau-noire\/#breadcrumb\"},\"inLanguage\":\"de\",\"potentialAction\":[{\"@type\":\"ReadAction\",\"target\":[\"https:\/\/www.safinel.fr\/vergetures-sur-la-peau-noire\/\"]}]},{\"@type\":\"ImageObject\",\"inLanguage\":\"de\",\"@id\":\"https:\/\/www.safinel.fr\/vergetures-sur-la-peau-noire\/#primaryimage\",\"url\":\"https:\/\/www.safinel.fr\/wp-content\/uploads\/2023\/08\/Les-vergetures-sur-la-peau-noire.jpg\",\"contentUrl\":\"https:\/\/www.safinel.fr\/wp-content\/uploads\/2023\/08\/Les-vergetures-sur-la-peau-noire.jpg\",\"width\":1100,\"height\":578,\"caption\":\"vergetures sur la peau noire\"},{\"@type\":\"BreadcrumbList\",\"@id\":\"https:\/\/www.safinel.fr\/vergetures-sur-la-peau-noire\/#breadcrumb\",\"itemListElement\":[{\"@type\":\"ListItem\",\"position\":1,\"name\":\"Accueil\",\"item\":\"https:\/\/www.safinel.fr\/\"},{\"@type\":\"ListItem\",\"position\":2,\"name\":\"Les vergetures sur la peau noire\u00a0: causes, solutions et pr\u00e9vention\"}]},{\"@type\":\"WebSite\",\"@id\":\"https:\/\/www.safinel.fr\/#website\",\"url\":\"https:\/\/www.safinel.fr\/\",\"name\":\"Safinel\",\"description\":\"\",\"publisher\":{\"@id\":\"https:\/\/www.safinel.fr\/#organization\"},\"potentialAction\":[{\"@type\":\"SearchAction\",\"target\":{\"@type\":\"EntryPoint\",\"urlTemplate\":\"https:\/\/www.safinel.fr\/?s={search_term_string}\"},\"query-input\":{\"@type\":\"PropertyValueSpecification\",\"valueRequired\":true,\"valueName\":\"search_term_string\"}}],\"inLanguage\":\"de\"},{\"@type\":\"Organization\",\"@id\":\"https:\/\/www.safinel.fr\/#organization\",\"name\":\"Safinel\",\"url\":\"https:\/\/www.safinel.fr\/\",\"logo\":{\"@type\":\"ImageObject\",\"inLanguage\":\"de\",\"@id\":\"https:\/\/www.safinel.fr\/#\/schema\/logo\/image\/\",\"url\":\"https:\/\/www.safinel.fr\/wp-content\/uploads\/2021\/05\/boutique-cosmetique.png\",\"contentUrl\":\"https:\/\/www.safinel.fr\/wp-content\/uploads\/2021\/05\/boutique-cosmetique.png\",\"width\":800,\"height\":200,\"caption\":\"Safinel\"},\"image\":{\"@id\":\"https:\/\/www.safinel.fr\/#\/schema\/logo\/image\/\"}},{\"@type\":\"Person\",\"@id\":\"https:\/\/www.safinel.fr\/#\/schema\/person\/47f7357f8aa8a41a796811d3f8a3e055\",\"name\":\"Naj\",\"image\":{\"@type\":\"ImageObject\",\"inLanguage\":\"de\",\"@id\":\"https:\/\/www.safinel.fr\/#\/schema\/person\/image\/\",\"url\":\"https:\/\/secure.gravatar.com\/avatar\/5c0fa4f0bce748d4964b7d68e4b0ee1d8e3120edba58a55893ced967bd2093b5?s=96&d=mm&r=g\",\"contentUrl\":\"https:\/\/secure.gravatar.com\/avatar\/5c0fa4f0bce748d4964b7d68e4b0ee1d8e3120edba58a55893ced967bd2093b5?s=96&d=mm&r=g\",\"caption\":\"Naj\"},\"url\":\"https:\/\/www.safinel.fr\/de\/author\/naj\/\"}]}<\/script>\n<!-- \/ Yoast SEO plugin. -->","yoast_head_json":{"title":"Dehnungsstreifen auf schwarzer Haut | Erfahren Sie, wie Sie sich davor sch\u00fctzen k\u00f6nnen","description":"In diesem Artikel werden wir die Ursachen f\u00fcr Dehnungsstreifen auf schwarzer Haut und die verf\u00fcgbaren Behandlungsmethoden untersuchen.","robots":{"index":"index","follow":"follow","max-snippet":"max-snippet:-1","max-image-preview":"max-image-preview:large","max-video-preview":"max-video-preview:-1"},"canonical":"https:\/\/www.safinel.fr\/de\/dehnungsstreifen-auf-schwarzer-haut\/","og_locale":"de_DE","og_type":"article","og_title":"Vergetures sur la peau noire | D\u00e9couvrez comment s'en pr\u00e9munir","og_description":"Dans cet article, nous examinerons les causes des vergetures sur la peau noire, ainsi que les traitements disponibles.","og_url":"https:\/\/www.safinel.fr\/de\/dehnungsstreifen-auf-schwarzer-haut\/","og_site_name":"Safinel","article_published_time":"2023-08-27T16:59:36+00:00","article_modified_time":"2023-08-27T16:59:38+00:00","og_image":[{"width":1100,"height":578,"url":"https:\/\/www.safinel.fr\/wp-content\/uploads\/2023\/08\/Les-vergetures-sur-la-peau-noire.jpg","type":"image\/jpeg"}],"author":"Naj","twitter_card":"summary_large_image","twitter_misc":{"Verfasst von":"Naj","Gesch\u00e4tzte Lesezeit":"4\u00a0Minuten"},"schema":{"@context":"https:\/\/schema.org","@graph":[{"@type":"Article","@id":"https:\/\/www.safinel.fr\/vergetures-sur-la-peau-noire\/#article","isPartOf":{"@id":"https:\/\/www.safinel.fr\/vergetures-sur-la-peau-noire\/"},"author":{"name":"Naj","@id":"https:\/\/www.safinel.fr\/#\/schema\/person\/47f7357f8aa8a41a796811d3f8a3e055"},"headline":"Les vergetures sur la peau noire\u00a0: causes, solutions et pr\u00e9vention","datePublished":"2023-08-27T16:59:36+00:00","dateModified":"2023-08-27T16:59:38+00:00","mainEntityOfPage":{"@id":"https:\/\/www.safinel.fr\/vergetures-sur-la-peau-noire\/"},"wordCount":739,"publisher":{"@id":"https:\/\/www.safinel.fr\/#organization"},"image":{"@id":"https:\/\/www.safinel.fr\/vergetures-sur-la-peau-noire\/#primaryimage"},"thumbnailUrl":"https:\/\/www.safinel.fr\/wp-content\/uploads\/2023\/08\/Les-vergetures-sur-la-peau-noire.jpg","articleSection":["Divers"],"inLanguage":"de"},{"@type":"WebPage","@id":"https:\/\/www.safinel.fr\/vergetures-sur-la-peau-noire\/","url":"https:\/\/www.safinel.fr\/vergetures-sur-la-peau-noire\/","name":"Dehnungsstreifen auf schwarzer Haut | Erfahren Sie, wie Sie sich davor sch\u00fctzen k\u00f6nnen","isPartOf":{"@id":"https:\/\/www.safinel.fr\/#website"},"primaryImageOfPage":{"@id":"https:\/\/www.safinel.fr\/vergetures-sur-la-peau-noire\/#primaryimage"},"image":{"@id":"https:\/\/www.safinel.fr\/vergetures-sur-la-peau-noire\/#primaryimage"},"thumbnailUrl":"https:\/\/www.safinel.fr\/wp-content\/uploads\/2023\/08\/Les-vergetures-sur-la-peau-noire.jpg","datePublished":"2023-08-27T16:59:36+00:00","dateModified":"2023-08-27T16:59:38+00:00","description":"In diesem Artikel werden wir die Ursachen f\u00fcr Dehnungsstreifen auf schwarzer Haut und die verf\u00fcgbaren Behandlungsmethoden untersuchen.","breadcrumb":{"@id":"https:\/\/www.safinel.fr\/vergetures-sur-la-peau-noire\/#breadcrumb"},"inLanguage":"de","potentialAction":[{"@type":"ReadAction","target":["https:\/\/www.safinel.fr\/vergetures-sur-la-peau-noire\/"]}]},{"@type":"ImageObject","inLanguage":"de","@id":"https:\/\/www.safinel.fr\/vergetures-sur-la-peau-noire\/#primaryimage","url":"https:\/\/www.safinel.fr\/wp-content\/uploads\/2023\/08\/Les-vergetures-sur-la-peau-noire.jpg","contentUrl":"https:\/\/www.safinel.fr\/wp-content\/uploads\/2023\/08\/Les-vergetures-sur-la-peau-noire.jpg","width":1100,"height":578,"caption":"vergetures sur la peau noire"},{"@type":"BreadcrumbList","@id":"https:\/\/www.safinel.fr\/vergetures-sur-la-peau-noire\/#breadcrumb","itemListElement":[{"@type":"ListItem","position":1,"name":"Accueil","item":"https:\/\/www.safinel.fr\/"},{"@type":"ListItem","position":2,"name":"Les vergetures sur la peau noire\u00a0: causes, solutions et pr\u00e9vention"}]},{"@type":"WebSite","@id":"https:\/\/www.safinel.fr\/#website","url":"https:\/\/www.safinel.fr\/","name":"Safinel","description":"","publisher":{"@id":"https:\/\/www.safinel.fr\/#organization"},"potentialAction":[{"@type":"SearchAction","target":{"@type":"EntryPoint","urlTemplate":"https:\/\/www.safinel.fr\/?s={search_term_string}"},"query-input":{"@type":"PropertyValueSpecification","valueRequired":true,"valueName":"search_term_string"}}],"inLanguage":"de"},{"@type":"Organization","@id":"https:\/\/www.safinel.fr\/#organization","name":"Safinel","url":"https:\/\/www.safinel.fr\/","logo":{"@type":"ImageObject","inLanguage":"de","@id":"https:\/\/www.safinel.fr\/#\/schema\/logo\/image\/","url":"https:\/\/www.safinel.fr\/wp-content\/uploads\/2021\/05\/boutique-cosmetique.png","contentUrl":"https:\/\/www.safinel.fr\/wp-content\/uploads\/2021\/05\/boutique-cosmetique.png","width":800,"height":200,"caption":"Safinel"},"image":{"@id":"https:\/\/www.safinel.fr\/#\/schema\/logo\/image\/"}},{"@type":"Person","@id":"https:\/\/www.safinel.fr\/#\/schema\/person\/47f7357f8aa8a41a796811d3f8a3e055","name":"Naj","image":{"@type":"ImageObject","inLanguage":"de","@id":"https:\/\/www.safinel.fr\/#\/schema\/person\/image\/","url":"https:\/\/secure.gravatar.com\/avatar\/5c0fa4f0bce748d4964b7d68e4b0ee1d8e3120edba58a55893ced967bd2093b5?s=96&d=mm&r=g","contentUrl":"https:\/\/secure.gravatar.com\/avatar\/5c0fa4f0bce748d4964b7d68e4b0ee1d8e3120edba58a55893ced967bd2093b5?s=96&d=mm&r=g","caption":"Naj"},"url":"https:\/\/www.safinel.fr\/de\/author\/naj\/"}]}},"_links":{"self":[{"href":"https:\/\/www.safinel.fr\/de\/wp-json\/wp\/v2\/posts\/8104","targetHints":{"allow":["GET"]}}],"collection":[{"href":"https:\/\/www.safinel.fr\/de\/wp-json\/wp\/v2\/posts"}],"about":[{"href":"https:\/\/www.safinel.fr\/de\/wp-json\/wp\/v2\/types\/post"}],"author":[{"embeddable":true,"href":"https:\/\/www.safinel.fr\/de\/wp-json\/wp\/v2\/users\/156"}],"replies":[{"embeddable":true,"href":"https:\/\/www.safinel.fr\/de\/wp-json\/wp\/v2\/comments?post=8104"}],"version-history":[{"count":1,"href":"https:\/\/www.safinel.fr\/de\/wp-json\/wp\/v2\/posts\/8104\/revisions"}],"predecessor-version":[{"id":8111,"href":"https:\/\/www.safinel.fr\/de\/wp-json\/wp\/v2\/posts\/8104\/revisions\/8111"}],"wp:featuredmedia":[{"embeddable":true,"href":"https:\/\/www.safinel.fr\/de\/wp-json\/wp\/v2\/media\/8105"}],"wp:attachment":[{"href":"https:\/\/www.safinel.fr\/de\/wp-json\/wp\/v2\/media?parent=8104"}],"wp:term":[{"taxonomy":"category","embeddable":true,"href":"https:\/\/www.safinel.fr\/de\/wp-json\/wp\/v2\/categories?post=8104"},{"taxonomy":"post_tag","embeddable":true,"href":"https:\/\/www.safinel.fr\/de\/wp-json\/wp\/v2\/tags?post=8104"}],"curies":[{"name":"wp","href":"https:\/\/api.w.org\/{rel}","templated":true}]}}