{"id":8090,"date":"2023-08-26T18:42:17","date_gmt":"2023-08-26T18:42:17","guid":{"rendered":"https:\/\/www.safinel.fr\/?p=8090"},"modified":"2023-08-28T13:39:46","modified_gmt":"2023-08-28T13:39:46","slug":"sonnenbrand-schwarze-haut","status":"publish","type":"post","link":"https:\/\/www.safinel.fr\/de\/sonnenbrand-schwarze-haut\/","title":{"rendered":"Wie man schwarze Haut vor Sonnenbrand sch\u00fctzt"},"content":{"rendered":"<p>Entgegen der Meinung vieler sind Menschen mit dunkler Hautfarbe nicht immun gegen&nbsp;<strong>Sonnenbrand schwarze Haut<\/strong>. Obwohl sie einen h\u00f6heren Anteil an Melanin besitzt, einem Pigment, das f\u00fcr die Hautfarbe verantwortlich ist und einen nat\u00fcrlichen Schutz vor den sch\u00e4dlichen Auswirkungen der Sonne bietet, ist schwarze Haut immer noch anf\u00e4llig f\u00fcr Sonnenbrand. In diesem Artikel erfahren Sie, wie Sie einen Sonnenbrand vermeiden und Ihre Haut vor der Sonne sch\u00fctzen k\u00f6nnen.<\/p>\n\n\n\n<h2 class=\"wp-block-heading\" id=\"h-comprendre-le-fonctionnement-de-la-m-lanine-pour-pr-venir-les-br-lures-solaires-sur-les-peaux-noires\"><strong>Die Funktionsweise von Melanin verstehen, um Sonnenbrand bei schwarzer Haut vorzubeugen<\/strong><\/h2>\n\n\n\n<p><strong><a href=\"https:\/\/www.safinel.fr\/de\/melanin\/\">Melanin<\/a><\/strong> ist ein Pigment in der Haut, das ihre Farbe bestimmt und eine wesentliche Rolle beim Schutz vor den UV-Strahlen der Sonne spielt. Schwarze Haut hat eine h\u00f6here Konzentration an Melanin als helle Haut und ist daher widerstandsf\u00e4higer gegen die sch\u00e4dlichen Auswirkungen der Sonne. Das bedeutet jedoch nicht, dass sie v\u00f6llig immun gegen Sonnenbrand oder die\u00a0<strong>Brennen schwarze Haut<\/strong>.<\/p>\n\n\n\n<p>Denn obwohl Melanin einen Teil der UV-Strahlen absorbiert und so die Sch\u00e4den an der DNA der Hautzellen begrenzt, kann es keinen vollst\u00e4ndigen Schutz bieten. <\/p>\n\n\n\n<p>Daher ist es wichtig, sich vor einem Sonnenbrand schwarze Haut zu sch\u00fctzen. Denn \u00fcberm\u00e4\u00dfige Sonneneinstrahlung kann zu Hautsch\u00e4den f\u00fchren und das Risiko von Hautkrebs erh\u00f6hen.<\/p>\n\n\n\n<h3 class=\"wp-block-heading\" id=\"h-les-cons-quences-d-une-exposition-prolong-e-au-soleil-sur-les-peaux-noires\"><strong>Die Folgen langer Sonneneinstrahlung f\u00fcr schwarze Haut<\/strong><\/h3>\n\n\n\n<p>Obwohl schwarze Haut weniger anf\u00e4llig f\u00fcr Sonnenbrand ist als helle Haut, gibt es dennoch eine Reihe von Risiken, die mit einem l\u00e4ngeren Aufenthalt in der Sonne verbunden sind:<\/p>\n\n\n\n<ul class=\"wp-block-list\">\n<li><strong>Vorzeitige Hautalterung<\/strong>&nbsp;Sonneneinstrahlung beschleunigt den Alterungsprozess der Haut. Die Haut erschlafft, verliert an Elastizit\u00e4t und bildet feine Linien und Falten.<\/li>\n\n\n\n<li><strong>Pigmentflecken<\/strong>&nbsp;: UV-Strahlen k\u00f6nnen die Produktion von Melanin anregen. Verursacht das Auftreten von Pigmentflecken wie Sommersprossen oder braune Flecken.<\/li>\n\n\n\n<li><strong>Hautkrebs<\/strong>&nbsp;: obwohl es bei Menschen mit dunkler Hautfarbe seltener vorkommt. \u00dcberm\u00e4\u00dfige Sonneneinstrahlung erh\u00f6ht das Risiko, an einem malignen Melanom zu erkranken. Eine aggressive Form von Hautkrebs.<\/li>\n<\/ul>\n\n\n\n<h2 class=\"wp-block-heading\" id=\"h-comment-viter-les-coups-de-soleil-peau-noire-lors-d-une-exposition-au-soleil\"><strong>Wie man beim Sonnenbaden einen Sonnenbrand der schwarzen Haut vermeiden kann<\/strong><\/h2>\n\n\n\n<p>Um Ihre Haut vor den sch\u00e4dlichen Auswirkungen der Sonne zu sch\u00fctzen und Sonnenbrand schwarzer Haut vorzubeugen. <\/p>\n\n\n\n<h3 class=\"wp-block-heading\"><strong>Hier sind einige Tipps, die Sie beachten sollten:<\/strong><\/h3>\n\n\n\n<ul class=\"wp-block-list\">\n<li><strong>Den richtigen Sonnenschutz w\u00e4hlen<\/strong><\/li>\n<\/ul>\n\n\n\n<p>Es ist wichtig, dass Sie ein Sonnenschutzmittel mit einem f\u00fcr Ihren Hauttyp geeigneten Lichtschutzfaktor (LSF) verwenden. Menschen mit dunkler Hautfarbe sollten sich f\u00fcr ein Sonnenschutzmittel mit mindestens LSF 30 entscheiden. Vergessen Sie nicht, darauf zu achten, dass das Produkt einen Breitbandschutz bietet, der sowohl UVA- als auch UVB-Strahlen abdeckt.<\/p>\n\n\n\n<ul class=\"wp-block-list\">\n<li><strong>Sonnenschutzmittel regelm\u00e4\u00dfig erneuern<\/strong><\/li>\n<\/ul>\n\n\n\n<p>Um einen optimalen Schutz zu gew\u00e4hrleisten, ist es wichtig, den Sonnenschutz gro\u00dfz\u00fcgig auf alle freiliegenden Hautstellen aufzutragen und die Anwendung alle zwei Stunden zu wiederholen, insbesondere nach dem Schwimmen oder Schwitzen.<\/p>\n\n\n\n<ul class=\"wp-block-list\">\n<li><strong>Schutzkleidung anziehen<\/strong><\/li>\n<\/ul>\n\n\n\n<p>Es ist auch von entscheidender Bedeutung, dass <strong><a href=\"https:\/\/www.safinel.fr\/de\/afrikanischer-bubu-mann\/\">sich angemessen kleiden <\/a><\/strong>beim Aufenthalt in der Sonne. Bevorzugen Sie Kleidung aus Naturfasern wie Baumwolle oder Leinen, da diese einen besseren Schutz vor UV-Strahlen bieten. Tragen Sie ruhig einen Hut mit breiter Krempe, um Ihr Gesicht und Ihre Augen vor den Sonnenstrahlen zu sch\u00fctzen.<\/p>\n\n\n\n<h2 class=\"wp-block-heading\" id=\"h-prendre-soin-de-sa-peau-apr-s-une-exposition-au-soleil\"><strong>Die Pflege der Haut nach einem Sonnenbad<\/strong><\/h2>\n\n\n\n<p>Nach einem Tag in der Sonne ist es wichtig, die Haut zu pflegen, um die durch UV-Strahlen verursachten Sch\u00e4den zu reparieren und der Hautalterung vorzubeugen. <\/p>\n\n\n\n<h3 class=\"wp-block-heading\"><strong>Hier sind einige einfache Verhaltensweisen, die Sie anwenden k\u00f6nnen:<\/strong><\/h3>\n\n\n\n<ul class=\"wp-block-list\">\n<li><strong>Die Haut mit Feuchtigkeit versorgen<\/strong><\/li>\n<\/ul>\n\n\n\n<p>Sonneneinstrahlung kann die Haut austrocknen und die Hautbarriere sch\u00e4digen. Daher ist es entscheidend, dass Sie Ihre Haut nach einem Tag in der Sonne gut mit Feuchtigkeit versorgen, indem Sie eine geeignete Feuchtigkeitspflege auf den gesamten K\u00f6rper und das Gesicht auftragen.<\/p>\n\n\n\n<ul class=\"wp-block-list\">\n<li><strong>M\u00f6gliche R\u00f6tungen und Reizungen lindern<\/strong><\/li>\n<\/ul>\n\n\n\n<p>Wenn Sie einen schwarzh\u00e4utigen Sonnenbrand erlitten haben oder Ihre Haut nach einem Sonnenbad ger\u00f6tet ist oder sich unangenehm anf\u00fchlt, tragen Sie eine beruhigende Pflege wie eine Aloe-vera-Lotion auf, um die Reizungen zu lindern und die Heilung der Haut zu f\u00f6rdern.<\/p>\n\n\n\n<ul class=\"wp-block-list\">\n<li><strong>Durch UV-Strahlung verursachte Sch\u00e4den reparieren<\/strong><\/li>\n<\/ul>\n\n\n\n<p>Schlie\u00dflich ist es wichtig, die Haut mit reparierenden Produkten zu pflegen, die speziell entwickelt wurden, um gegen die sch\u00e4dlichen Auswirkungen von UV-Strahlen zu wirken, wie z. B. antioxidative Seren oder <strong><a href=\"https:\/\/www.safinel.fr\/de\/product-2\/nila-creme\/\">reparierende Nachtcremes<\/a><\/strong>.<\/p>\n\n\n\n<p>Wenn Sie diese Tipps befolgen, k\u00f6nnen Sie die Vorteile der Sonne voll aussch\u00f6pfen und gleichzeitig Ihre Haut wirksam vor Sonnenbrand schwarzer Haut und den sch\u00e4dlichen Auswirkungen von UV-Strahlen sch\u00fctzen.<\/p>","protected":false},"excerpt":{"rendered":"<p>Im Gegensatz zu dem, was viele denken, sind Menschen mit dunkler Haut nicht immun gegen Sonnenbrand schwarze Haut. Obwohl sie eine gr\u00f6\u00dfere Menge des Pigments Melanin besitzen, das f\u00fcr die Hautfarbe verantwortlich ist und einen nat\u00fcrlichen Schutz vor den sch\u00e4dlichen Auswirkungen der Sonne bietet, bleibt schwarze Haut anf\u00e4llig [...].","protected":false},"author":156,"featured_media":8091,"comment_status":"closed","ping_status":"closed","sticky":false,"template":"","format":"standard","meta":{"footnotes":""},"categories":[1],"tags":[],"class_list":["post-8090","post","type-post","status-publish","format-standard","has-post-thumbnail","hentry","category-divers"],"yoast_head":"<!-- This site is optimized with the Yoast SEO plugin v26.6 - https:\/\/yoast.com\/wordpress\/plugins\/seo\/ -->\n<title>Coup de soleil peau noire | Br\u00fblure peau noire | Le guide pratique<\/title>\n<meta name=\"description\" content=\"Contrairement \u00e0 ce que beaucoup pensent, les personnes \u00e0 la peau noire ne sont pas \u00e0 l&#039;abri des coup de soleil peau noire.\" \/>\n<meta name=\"robots\" content=\"index, follow, max-snippet:-1, max-image-preview:large, max-video-preview:-1\" \/>\n<link rel=\"canonical\" href=\"https:\/\/www.safinel.fr\/de\/sonnenbrand-schwarze-haut\/\" \/>\n<meta property=\"og:locale\" content=\"de_DE\" \/>\n<meta property=\"og:type\" content=\"article\" \/>\n<meta property=\"og:title\" content=\"Coup de soleil peau noire | Br\u00fblure peau noire | Le guide pratique\" \/>\n<meta property=\"og:description\" content=\"Contrairement \u00e0 ce que beaucoup pensent, les personnes \u00e0 la peau noire ne sont pas \u00e0 l&#039;abri des coup de soleil peau noire.\" \/>\n<meta property=\"og:url\" content=\"https:\/\/www.safinel.fr\/de\/sonnenbrand-schwarze-haut\/\" \/>\n<meta property=\"og:site_name\" content=\"Safinel\" \/>\n<meta property=\"article:published_time\" content=\"2023-08-26T18:42:17+00:00\" \/>\n<meta property=\"article:modified_time\" content=\"2023-08-28T13:39:46+00:00\" \/>\n<meta property=\"og:image\" content=\"https:\/\/www.safinel.fr\/wp-content\/uploads\/2023\/08\/Coup-de-soleil-peau-noire.jpg\" \/>\n\t<meta property=\"og:image:width\" content=\"1100\" \/>\n\t<meta property=\"og:image:height\" content=\"578\" \/>\n\t<meta property=\"og:image:type\" content=\"image\/jpeg\" \/>\n<meta name=\"author\" content=\"Naj\" \/>\n<meta name=\"twitter:card\" content=\"summary_large_image\" \/>\n<meta name=\"twitter:label1\" content=\"Verfasst von\" \/>\n\t<meta name=\"twitter:data1\" content=\"Naj\" \/>\n\t<meta name=\"twitter:label2\" content=\"Gesch\u00e4tzte Lesezeit\" \/>\n\t<meta name=\"twitter:data2\" content=\"4\u00a0Minuten\" \/>\n<script type=\"application\/ld+json\" class=\"yoast-schema-graph\">{\"@context\":\"https:\/\/schema.org\",\"@graph\":[{\"@type\":\"Article\",\"@id\":\"https:\/\/www.safinel.fr\/coup-de-soleil-peau-noire\/#article\",\"isPartOf\":{\"@id\":\"https:\/\/www.safinel.fr\/coup-de-soleil-peau-noire\/\"},\"author\":{\"name\":\"Naj\",\"@id\":\"https:\/\/www.safinel.fr\/#\/schema\/person\/47f7357f8aa8a41a796811d3f8a3e055\"},\"headline\":\"Comment prot\u00e9ger la peau noire contre les coups de soleil\",\"datePublished\":\"2023-08-26T18:42:17+00:00\",\"dateModified\":\"2023-08-28T13:39:46+00:00\",\"mainEntityOfPage\":{\"@id\":\"https:\/\/www.safinel.fr\/coup-de-soleil-peau-noire\/\"},\"wordCount\":891,\"publisher\":{\"@id\":\"https:\/\/www.safinel.fr\/#organization\"},\"image\":{\"@id\":\"https:\/\/www.safinel.fr\/coup-de-soleil-peau-noire\/#primaryimage\"},\"thumbnailUrl\":\"https:\/\/www.safinel.fr\/wp-content\/uploads\/2023\/08\/Coup-de-soleil-peau-noire.jpg\",\"articleSection\":[\"Divers\"],\"inLanguage\":\"de\"},{\"@type\":\"WebPage\",\"@id\":\"https:\/\/www.safinel.fr\/coup-de-soleil-peau-noire\/\",\"url\":\"https:\/\/www.safinel.fr\/coup-de-soleil-peau-noire\/\",\"name\":\"Coup de soleil peau noire | Br\u00fblure peau noire | Le guide pratique\",\"isPartOf\":{\"@id\":\"https:\/\/www.safinel.fr\/#website\"},\"primaryImageOfPage\":{\"@id\":\"https:\/\/www.safinel.fr\/coup-de-soleil-peau-noire\/#primaryimage\"},\"image\":{\"@id\":\"https:\/\/www.safinel.fr\/coup-de-soleil-peau-noire\/#primaryimage\"},\"thumbnailUrl\":\"https:\/\/www.safinel.fr\/wp-content\/uploads\/2023\/08\/Coup-de-soleil-peau-noire.jpg\",\"datePublished\":\"2023-08-26T18:42:17+00:00\",\"dateModified\":\"2023-08-28T13:39:46+00:00\",\"description\":\"Contrairement \u00e0 ce que beaucoup pensent, les personnes \u00e0 la peau noire ne sont pas \u00e0 l'abri des coup de soleil peau noire.\",\"breadcrumb\":{\"@id\":\"https:\/\/www.safinel.fr\/coup-de-soleil-peau-noire\/#breadcrumb\"},\"inLanguage\":\"de\",\"potentialAction\":[{\"@type\":\"ReadAction\",\"target\":[\"https:\/\/www.safinel.fr\/coup-de-soleil-peau-noire\/\"]}]},{\"@type\":\"ImageObject\",\"inLanguage\":\"de\",\"@id\":\"https:\/\/www.safinel.fr\/coup-de-soleil-peau-noire\/#primaryimage\",\"url\":\"https:\/\/www.safinel.fr\/wp-content\/uploads\/2023\/08\/Coup-de-soleil-peau-noire.jpg\",\"contentUrl\":\"https:\/\/www.safinel.fr\/wp-content\/uploads\/2023\/08\/Coup-de-soleil-peau-noire.jpg\",\"width\":1100,\"height\":578,\"caption\":\"Coup de soleil peau noire\"},{\"@type\":\"BreadcrumbList\",\"@id\":\"https:\/\/www.safinel.fr\/coup-de-soleil-peau-noire\/#breadcrumb\",\"itemListElement\":[{\"@type\":\"ListItem\",\"position\":1,\"name\":\"Accueil\",\"item\":\"https:\/\/www.safinel.fr\/\"},{\"@type\":\"ListItem\",\"position\":2,\"name\":\"Comment prot\u00e9ger la peau noire contre les coups de soleil\"}]},{\"@type\":\"WebSite\",\"@id\":\"https:\/\/www.safinel.fr\/#website\",\"url\":\"https:\/\/www.safinel.fr\/\",\"name\":\"Safinel\",\"description\":\"\",\"publisher\":{\"@id\":\"https:\/\/www.safinel.fr\/#organization\"},\"potentialAction\":[{\"@type\":\"SearchAction\",\"target\":{\"@type\":\"EntryPoint\",\"urlTemplate\":\"https:\/\/www.safinel.fr\/?s={search_term_string}\"},\"query-input\":{\"@type\":\"PropertyValueSpecification\",\"valueRequired\":true,\"valueName\":\"search_term_string\"}}],\"inLanguage\":\"de\"},{\"@type\":\"Organization\",\"@id\":\"https:\/\/www.safinel.fr\/#organization\",\"name\":\"Safinel\",\"url\":\"https:\/\/www.safinel.fr\/\",\"logo\":{\"@type\":\"ImageObject\",\"inLanguage\":\"de\",\"@id\":\"https:\/\/www.safinel.fr\/#\/schema\/logo\/image\/\",\"url\":\"https:\/\/www.safinel.fr\/wp-content\/uploads\/2021\/05\/boutique-cosmetique.png\",\"contentUrl\":\"https:\/\/www.safinel.fr\/wp-content\/uploads\/2021\/05\/boutique-cosmetique.png\",\"width\":800,\"height\":200,\"caption\":\"Safinel\"},\"image\":{\"@id\":\"https:\/\/www.safinel.fr\/#\/schema\/logo\/image\/\"}},{\"@type\":\"Person\",\"@id\":\"https:\/\/www.safinel.fr\/#\/schema\/person\/47f7357f8aa8a41a796811d3f8a3e055\",\"name\":\"Naj\",\"image\":{\"@type\":\"ImageObject\",\"inLanguage\":\"de\",\"@id\":\"https:\/\/www.safinel.fr\/#\/schema\/person\/image\/\",\"url\":\"https:\/\/secure.gravatar.com\/avatar\/5c0fa4f0bce748d4964b7d68e4b0ee1d8e3120edba58a55893ced967bd2093b5?s=96&d=mm&r=g\",\"contentUrl\":\"https:\/\/secure.gravatar.com\/avatar\/5c0fa4f0bce748d4964b7d68e4b0ee1d8e3120edba58a55893ced967bd2093b5?s=96&d=mm&r=g\",\"caption\":\"Naj\"},\"url\":\"https:\/\/www.safinel.fr\/de\/author\/naj\/\"}]}<\/script>\n<!-- \/ Yoast SEO plugin. -->","yoast_head_json":{"title":"Sonnenbrand schwarze Haut | Verbrennung schwarze Haut | Der praktische Leitfaden","description":"Entgegen der Meinung vieler sind Menschen mit dunkler Haut nicht vor Sonnenbrand gesch\u00fctzt.","robots":{"index":"index","follow":"follow","max-snippet":"max-snippet:-1","max-image-preview":"max-image-preview:large","max-video-preview":"max-video-preview:-1"},"canonical":"https:\/\/www.safinel.fr\/de\/sonnenbrand-schwarze-haut\/","og_locale":"de_DE","og_type":"article","og_title":"Coup de soleil peau noire | Br\u00fblure peau noire | Le guide pratique","og_description":"Contrairement \u00e0 ce que beaucoup pensent, les personnes \u00e0 la peau noire ne sont pas \u00e0 l'abri des coup de soleil peau noire.","og_url":"https:\/\/www.safinel.fr\/de\/sonnenbrand-schwarze-haut\/","og_site_name":"Safinel","article_published_time":"2023-08-26T18:42:17+00:00","article_modified_time":"2023-08-28T13:39:46+00:00","og_image":[{"width":1100,"height":578,"url":"https:\/\/www.safinel.fr\/wp-content\/uploads\/2023\/08\/Coup-de-soleil-peau-noire.jpg","type":"image\/jpeg"}],"author":"Naj","twitter_card":"summary_large_image","twitter_misc":{"Verfasst von":"Naj","Gesch\u00e4tzte Lesezeit":"4\u00a0Minuten"},"schema":{"@context":"https:\/\/schema.org","@graph":[{"@type":"Article","@id":"https:\/\/www.safinel.fr\/coup-de-soleil-peau-noire\/#article","isPartOf":{"@id":"https:\/\/www.safinel.fr\/coup-de-soleil-peau-noire\/"},"author":{"name":"Naj","@id":"https:\/\/www.safinel.fr\/#\/schema\/person\/47f7357f8aa8a41a796811d3f8a3e055"},"headline":"Comment prot\u00e9ger la peau noire contre les coups de soleil","datePublished":"2023-08-26T18:42:17+00:00","dateModified":"2023-08-28T13:39:46+00:00","mainEntityOfPage":{"@id":"https:\/\/www.safinel.fr\/coup-de-soleil-peau-noire\/"},"wordCount":891,"publisher":{"@id":"https:\/\/www.safinel.fr\/#organization"},"image":{"@id":"https:\/\/www.safinel.fr\/coup-de-soleil-peau-noire\/#primaryimage"},"thumbnailUrl":"https:\/\/www.safinel.fr\/wp-content\/uploads\/2023\/08\/Coup-de-soleil-peau-noire.jpg","articleSection":["Divers"],"inLanguage":"de"},{"@type":"WebPage","@id":"https:\/\/www.safinel.fr\/coup-de-soleil-peau-noire\/","url":"https:\/\/www.safinel.fr\/coup-de-soleil-peau-noire\/","name":"Sonnenbrand schwarze Haut | Verbrennung schwarze Haut | Der praktische Leitfaden","isPartOf":{"@id":"https:\/\/www.safinel.fr\/#website"},"primaryImageOfPage":{"@id":"https:\/\/www.safinel.fr\/coup-de-soleil-peau-noire\/#primaryimage"},"image":{"@id":"https:\/\/www.safinel.fr\/coup-de-soleil-peau-noire\/#primaryimage"},"thumbnailUrl":"https:\/\/www.safinel.fr\/wp-content\/uploads\/2023\/08\/Coup-de-soleil-peau-noire.jpg","datePublished":"2023-08-26T18:42:17+00:00","dateModified":"2023-08-28T13:39:46+00:00","description":"Entgegen der Meinung vieler sind Menschen mit dunkler Haut nicht vor Sonnenbrand gesch\u00fctzt.","breadcrumb":{"@id":"https:\/\/www.safinel.fr\/coup-de-soleil-peau-noire\/#breadcrumb"},"inLanguage":"de","potentialAction":[{"@type":"ReadAction","target":["https:\/\/www.safinel.fr\/coup-de-soleil-peau-noire\/"]}]},{"@type":"ImageObject","inLanguage":"de","@id":"https:\/\/www.safinel.fr\/coup-de-soleil-peau-noire\/#primaryimage","url":"https:\/\/www.safinel.fr\/wp-content\/uploads\/2023\/08\/Coup-de-soleil-peau-noire.jpg","contentUrl":"https:\/\/www.safinel.fr\/wp-content\/uploads\/2023\/08\/Coup-de-soleil-peau-noire.jpg","width":1100,"height":578,"caption":"Coup de soleil peau noire"},{"@type":"BreadcrumbList","@id":"https:\/\/www.safinel.fr\/coup-de-soleil-peau-noire\/#breadcrumb","itemListElement":[{"@type":"ListItem","position":1,"name":"Accueil","item":"https:\/\/www.safinel.fr\/"},{"@type":"ListItem","position":2,"name":"Comment prot\u00e9ger la peau noire contre les coups de soleil"}]},{"@type":"WebSite","@id":"https:\/\/www.safinel.fr\/#website","url":"https:\/\/www.safinel.fr\/","name":"Safinel","description":"","publisher":{"@id":"https:\/\/www.safinel.fr\/#organization"},"potentialAction":[{"@type":"SearchAction","target":{"@type":"EntryPoint","urlTemplate":"https:\/\/www.safinel.fr\/?s={search_term_string}"},"query-input":{"@type":"PropertyValueSpecification","valueRequired":true,"valueName":"search_term_string"}}],"inLanguage":"de"},{"@type":"Organization","@id":"https:\/\/www.safinel.fr\/#organization","name":"Safinel","url":"https:\/\/www.safinel.fr\/","logo":{"@type":"ImageObject","inLanguage":"de","@id":"https:\/\/www.safinel.fr\/#\/schema\/logo\/image\/","url":"https:\/\/www.safinel.fr\/wp-content\/uploads\/2021\/05\/boutique-cosmetique.png","contentUrl":"https:\/\/www.safinel.fr\/wp-content\/uploads\/2021\/05\/boutique-cosmetique.png","width":800,"height":200,"caption":"Safinel"},"image":{"@id":"https:\/\/www.safinel.fr\/#\/schema\/logo\/image\/"}},{"@type":"Person","@id":"https:\/\/www.safinel.fr\/#\/schema\/person\/47f7357f8aa8a41a796811d3f8a3e055","name":"Naj","image":{"@type":"ImageObject","inLanguage":"de","@id":"https:\/\/www.safinel.fr\/#\/schema\/person\/image\/","url":"https:\/\/secure.gravatar.com\/avatar\/5c0fa4f0bce748d4964b7d68e4b0ee1d8e3120edba58a55893ced967bd2093b5?s=96&d=mm&r=g","contentUrl":"https:\/\/secure.gravatar.com\/avatar\/5c0fa4f0bce748d4964b7d68e4b0ee1d8e3120edba58a55893ced967bd2093b5?s=96&d=mm&r=g","caption":"Naj"},"url":"https:\/\/www.safinel.fr\/de\/author\/naj\/"}]}},"_links":{"self":[{"href":"https:\/\/www.safinel.fr\/de\/wp-json\/wp\/v2\/posts\/8090","targetHints":{"allow":["GET"]}}],"collection":[{"href":"https:\/\/www.safinel.fr\/de\/wp-json\/wp\/v2\/posts"}],"about":[{"href":"https:\/\/www.safinel.fr\/de\/wp-json\/wp\/v2\/types\/post"}],"author":[{"embeddable":true,"href":"https:\/\/www.safinel.fr\/de\/wp-json\/wp\/v2\/users\/156"}],"replies":[{"embeddable":true,"href":"https:\/\/www.safinel.fr\/de\/wp-json\/wp\/v2\/comments?post=8090"}],"version-history":[{"count":2,"href":"https:\/\/www.safinel.fr\/de\/wp-json\/wp\/v2\/posts\/8090\/revisions"}],"predecessor-version":[{"id":8133,"href":"https:\/\/www.safinel.fr\/de\/wp-json\/wp\/v2\/posts\/8090\/revisions\/8133"}],"wp:featuredmedia":[{"embeddable":true,"href":"https:\/\/www.safinel.fr\/de\/wp-json\/wp\/v2\/media\/8091"}],"wp:attachment":[{"href":"https:\/\/www.safinel.fr\/de\/wp-json\/wp\/v2\/media?parent=8090"}],"wp:term":[{"taxonomy":"category","embeddable":true,"href":"https:\/\/www.safinel.fr\/de\/wp-json\/wp\/v2\/categories?post=8090"},{"taxonomy":"post_tag","embeddable":true,"href":"https:\/\/www.safinel.fr\/de\/wp-json\/wp\/v2\/tags?post=8090"}],"curies":[{"name":"wp","href":"https:\/\/api.w.org\/{rel}","templated":true}]}}