{"id":8048,"date":"2023-08-24T11:31:30","date_gmt":"2023-08-24T11:31:30","guid":{"rendered":"https:\/\/www.safinel.fr\/?p=8048"},"modified":"2023-08-24T11:31:32","modified_gmt":"2023-08-24T11:31:32","slug":"schwarze-haut","status":"publish","type":"post","link":"https:\/\/www.safinel.fr\/de\/schwarze-haut\/","title":{"rendered":"Wie pflegt man seine schwarze Haut im Alltag?"},"content":{"rendered":"<p>Au\u00dferhalb des tropischen Klimas ist schwarze Haut anf\u00e4llig f\u00fcr mehrere Anf\u00e4lligkeiten. Zwischen schnellem Feuchtigkeitsverlust, der Ansammlung von abgestorbenen Hautzellen und der Talgproduktion braucht schwarze Haut eine abgestimmte Pflege, um ihren Charme und ihre Klarheit zu erhalten. Um dies zu erreichen, sind hier einige Pflegetipps aufgef\u00fchrt.<\/p>\n\n\n\n<h2 class=\"wp-block-heading\" id=\"h-conna-tre-son-type-de-peau\"><strong>Den eigenen Hauttyp kennen<\/strong><\/h2>\n\n\n\n<p>Die morphologische Konstitution unterscheidet sich von Mensch zu Mensch. Daher hat jeder Mensch eine eigene epidermale Struktur. Daher ist es wichtig, dass eine Person ihren Hauttyp bestimmt, damit sie die richtige Hautpflege anwenden kann. Am einfachsten und zuverl\u00e4ssigsten ist es, sich an einen Dermatologen zu wenden.<\/p>\n\n\n\n<p>Es gibt jedoch ein paar Tricks, mit denen Sie herausfinden k\u00f6nnen, ob Ihre schwarze Haut normal, gemischt, fettig oder trocken ist. Nachdem Sie Ihr Gesicht mit lauwarmem Wasser abgesp\u00fclt und sanft abgetrocknet haben, k\u00f6nnen Sie n\u00e4mlich etwa eine Stunde warten, um zu sehen, wie Ihre Haut reagiert, wenn Sie keine Lotion oder Creme auftragen. Nach der Stunde k\u00f6nnen Sie sich mit einem Papierhandtuch abtrocknen. Die Spuren, die Sie dort finden werden, k\u00f6nnen Ihren Hauttyp bestimmen.<\/p>\n\n\n\n<h2 class=\"wp-block-heading\" id=\"h-les-principaux-soins-la-peau-noire\"><strong>Die wichtigsten Pflegeprodukte f\u00fcr schwarze Haut<\/strong><\/h2>\n\n\n\n<p>Im Allgemeinen\u00a0<a href=\"https:\/\/nubiance.fr\/\" target=\"_blank\" rel=\"noreferrer noopener\"><strong>pflege f\u00fcr schwarze haut<\/strong><\/a>\u00a0verteilen sich auf drei Haupt :<\/p>\n\n\n\n<ul class=\"wp-block-list\">\n<li>Feuchtigkeitsversorgung ;<\/li>\n\n\n\n<li>die Regulierung des Teints ;<\/li>\n\n\n\n<li>und die Verhinderung von Pigmentflecken.<\/li>\n<\/ul>\n\n\n\n<h3 class=\"wp-block-heading\" id=\"h-le-choix-de-la-bonne-hydratation-pour-votre-peau-noire\"><strong>Die Wahl der richtigen Hydratation<\/strong> f\u00fcr Ihre schwarze Haut<\/h3>\n\n\n\n<p>Sch\u00f6ne schwarze Haut muss mithilfe von Feuchtigkeitscremes gepflegt werden. Butter wie Rizinus- oder Sheabutter sind keine Feuchtigkeitsspender. Sie \u00f6len zwar den K\u00f6rper, aber sie haben nicht den n\u00f6tigen Wassergehalt, um die Haut mit Feuchtigkeit zu versorgen. Sie k\u00f6nnen sowohl morgens als auch abends auf feuchtigkeitsspendende Lotionen oder Cremes zur\u00fcckgreifen. Die Haut hat die ganze Nacht Zeit, sich mithilfe der Wirkung von Feuchtigkeitscremes zu regenerieren.<\/p>\n\n\n\n<h3 class=\"wp-block-heading\" id=\"h-la-r-gulation-du-teint\"><strong>Die Regulierung des Teints<\/strong><\/h3>\n\n\n\n<p>Schwarze Haut ist widerstandsf\u00e4higer gegen klimatische und jahreszeitliche Ver\u00e4nderungen, weil der K\u00f6rper Melanin produziert, das daf\u00fcr zust\u00e4ndig ist, die Epidermis in ihrem nat\u00fcrlichen Schwarz zu f\u00e4rben. Es kommt jedoch vor, dass das Melanin aus dem Gleichgewicht ger\u00e4t und einen Teil mehr f\u00e4rbt als einen anderen. Dann kommt es zu Farbunterschieden zwischen verschiedenen K\u00f6rperteilen.<\/p>\n\n\n\n<p>Diese Unregelm\u00e4\u00dfigkeit wird durch \u00e4u\u00dfere Faktoren verursacht, denen Sie am besten vorbeugen sollten. Tats\u00e4chlich k\u00f6nnen Sie Unregelm\u00e4\u00dfigkeiten auf der Haut vorbeugen, indem Sie vor dem Sonnenbaden keine alkoholhaltigen Produkte verwenden.<\/p>\n\n\n\n<p>Sie k\u00f6nnen auch milde Waschmittel und Feuchtigkeitscremes verwenden, um die Qualit\u00e4t Ihrer Haut zu erhalten. Unregelm\u00e4\u00dfigkeiten des K\u00f6rpers k\u00f6nnen auch durch Faktoren wie die hormonellen Ver\u00e4nderungen w\u00e4hrend einer Schwangerschaft verursacht werden. Und in diesem Fall gibt es keine Vorbeugung, sondern Sie sollten auf feuchtigkeitsspendende Cremes und Pflegeprodukte gegen Pigmentflecken zur\u00fcckgreifen, die f\u00fcr einen ebenm\u00e4\u00dfigen Teint sorgen.<\/p>\n\n\n\n<h3 class=\"wp-block-heading\" id=\"h-la-pr-vention-des-taches-pigmentaires\"><strong>Die Verhinderung von Pigmentflecken<\/strong><\/h3>\n\n\n\n<p>Das Auftreten von Flecken <strong><a href=\"https:\/\/www.safinel.fr\/de\/hyperpigmentierung-schwarze-haut\/\">pigmentiert<\/a><\/strong> wird praktisch durch dieselben Faktoren wie Unregelm\u00e4\u00dfigkeiten auf der Haut verursacht. Pigmentflecken k\u00f6nnen aber auch durch geplatzte Aknepickel und Insektenstiche entstehen. Dann ist es wichtig, die Pickel nicht platzen zu lassen und sich bei Insektenstichen nicht zu kratzen. Um die Flecken verschwinden zu lassen, k\u00f6nnen Sie auch auf ein sanftes Peeling, ein Peeling und Make-up zur\u00fcckgreifen.<\/p>","protected":false},"excerpt":{"rendered":"<p>Au\u00dferhalb des tropischen Klimas ist schwarze Haut anf\u00e4llig f\u00fcr mehrere Anf\u00e4lligkeiten. Zwischen schnellem Feuchtigkeitsverlust, der Ansammlung von abgestorbenen Hautzellen und der Talgproduktion braucht schwarze Haut eine abgestimmte Pflege, um ihren Charme und ihre Klarheit zu erhalten. Dazu gibt es hier einige Pflegetipps. Den eigenen Hauttyp kennen Die morphologischen Konstitutionen [...].","protected":false},"author":156,"featured_media":8049,"comment_status":"closed","ping_status":"closed","sticky":false,"template":"","format":"standard","meta":{"footnotes":""},"categories":[1],"tags":[],"class_list":["post-8048","post","type-post","status-publish","format-standard","has-post-thumbnail","hentry","category-divers"],"yoast_head":"<!-- This site is optimized with the Yoast SEO plugin v26.6 - https:\/\/yoast.com\/wordpress\/plugins\/seo\/ -->\n<title>Peau noire | Le guide pratique pour en prendre soin au quotidien<\/title>\n<meta name=\"description\" content=\"La peau noire a besoin d\u2019un soin convenu pour maintenir son charme et sa clart\u00e9. Pour ce faire, voici quelques astuces d\u2019entretien.\" \/>\n<meta name=\"robots\" content=\"index, follow, max-snippet:-1, max-image-preview:large, max-video-preview:-1\" \/>\n<link rel=\"canonical\" href=\"https:\/\/www.safinel.fr\/de\/schwarze-haut\/\" \/>\n<meta property=\"og:locale\" content=\"de_DE\" \/>\n<meta property=\"og:type\" content=\"article\" \/>\n<meta property=\"og:title\" content=\"Peau noire | Le guide pratique pour en prendre soin au quotidien\" \/>\n<meta property=\"og:description\" content=\"La peau noire a besoin d\u2019un soin convenu pour maintenir son charme et sa clart\u00e9. Pour ce faire, voici quelques astuces d\u2019entretien.\" \/>\n<meta property=\"og:url\" content=\"https:\/\/www.safinel.fr\/de\/schwarze-haut\/\" \/>\n<meta property=\"og:site_name\" content=\"Safinel\" \/>\n<meta property=\"article:published_time\" content=\"2023-08-24T11:31:30+00:00\" \/>\n<meta property=\"article:modified_time\" content=\"2023-08-24T11:31:32+00:00\" \/>\n<meta property=\"og:image\" content=\"https:\/\/www.safinel.fr\/wp-content\/uploads\/2023\/08\/Comment-prendre-soin-de-sa-peau-noire.jpg\" \/>\n\t<meta property=\"og:image:width\" content=\"1100\" \/>\n\t<meta property=\"og:image:height\" content=\"578\" \/>\n\t<meta property=\"og:image:type\" content=\"image\/jpeg\" \/>\n<meta name=\"author\" content=\"Naj\" \/>\n<meta name=\"twitter:card\" content=\"summary_large_image\" \/>\n<meta name=\"twitter:label1\" content=\"Verfasst von\" \/>\n\t<meta name=\"twitter:data1\" content=\"Naj\" \/>\n\t<meta name=\"twitter:label2\" content=\"Gesch\u00e4tzte Lesezeit\" \/>\n\t<meta name=\"twitter:data2\" content=\"3\u00a0Minuten\" \/>\n<script type=\"application\/ld+json\" class=\"yoast-schema-graph\">{\"@context\":\"https:\/\/schema.org\",\"@graph\":[{\"@type\":\"Article\",\"@id\":\"https:\/\/www.safinel.fr\/peau-noire\/#article\",\"isPartOf\":{\"@id\":\"https:\/\/www.safinel.fr\/peau-noire\/\"},\"author\":{\"name\":\"Naj\",\"@id\":\"https:\/\/www.safinel.fr\/#\/schema\/person\/47f7357f8aa8a41a796811d3f8a3e055\"},\"headline\":\"Comment prendre soin de sa peau noire au quotidien\u2009?\",\"datePublished\":\"2023-08-24T11:31:30+00:00\",\"dateModified\":\"2023-08-24T11:31:32+00:00\",\"mainEntityOfPage\":{\"@id\":\"https:\/\/www.safinel.fr\/peau-noire\/\"},\"wordCount\":637,\"publisher\":{\"@id\":\"https:\/\/www.safinel.fr\/#organization\"},\"image\":{\"@id\":\"https:\/\/www.safinel.fr\/peau-noire\/#primaryimage\"},\"thumbnailUrl\":\"https:\/\/www.safinel.fr\/wp-content\/uploads\/2023\/08\/Comment-prendre-soin-de-sa-peau-noire.jpg\",\"articleSection\":[\"Divers\"],\"inLanguage\":\"de\"},{\"@type\":\"WebPage\",\"@id\":\"https:\/\/www.safinel.fr\/peau-noire\/\",\"url\":\"https:\/\/www.safinel.fr\/peau-noire\/\",\"name\":\"Peau noire | Le guide pratique pour en prendre soin au quotidien\",\"isPartOf\":{\"@id\":\"https:\/\/www.safinel.fr\/#website\"},\"primaryImageOfPage\":{\"@id\":\"https:\/\/www.safinel.fr\/peau-noire\/#primaryimage\"},\"image\":{\"@id\":\"https:\/\/www.safinel.fr\/peau-noire\/#primaryimage\"},\"thumbnailUrl\":\"https:\/\/www.safinel.fr\/wp-content\/uploads\/2023\/08\/Comment-prendre-soin-de-sa-peau-noire.jpg\",\"datePublished\":\"2023-08-24T11:31:30+00:00\",\"dateModified\":\"2023-08-24T11:31:32+00:00\",\"description\":\"La peau noire a besoin d\u2019un soin convenu pour maintenir son charme et sa clart\u00e9. Pour ce faire, voici quelques astuces d\u2019entretien.\",\"breadcrumb\":{\"@id\":\"https:\/\/www.safinel.fr\/peau-noire\/#breadcrumb\"},\"inLanguage\":\"de\",\"potentialAction\":[{\"@type\":\"ReadAction\",\"target\":[\"https:\/\/www.safinel.fr\/peau-noire\/\"]}]},{\"@type\":\"ImageObject\",\"inLanguage\":\"de\",\"@id\":\"https:\/\/www.safinel.fr\/peau-noire\/#primaryimage\",\"url\":\"https:\/\/www.safinel.fr\/wp-content\/uploads\/2023\/08\/Comment-prendre-soin-de-sa-peau-noire.jpg\",\"contentUrl\":\"https:\/\/www.safinel.fr\/wp-content\/uploads\/2023\/08\/Comment-prendre-soin-de-sa-peau-noire.jpg\",\"width\":1100,\"height\":578,\"caption\":\"Comment prendre soin de sa peau noire au quotidien\u2009?\"},{\"@type\":\"BreadcrumbList\",\"@id\":\"https:\/\/www.safinel.fr\/peau-noire\/#breadcrumb\",\"itemListElement\":[{\"@type\":\"ListItem\",\"position\":1,\"name\":\"Accueil\",\"item\":\"https:\/\/www.safinel.fr\/\"},{\"@type\":\"ListItem\",\"position\":2,\"name\":\"Comment prendre soin de sa peau noire au quotidien\u2009?\"}]},{\"@type\":\"WebSite\",\"@id\":\"https:\/\/www.safinel.fr\/#website\",\"url\":\"https:\/\/www.safinel.fr\/\",\"name\":\"Safinel\",\"description\":\"\",\"publisher\":{\"@id\":\"https:\/\/www.safinel.fr\/#organization\"},\"potentialAction\":[{\"@type\":\"SearchAction\",\"target\":{\"@type\":\"EntryPoint\",\"urlTemplate\":\"https:\/\/www.safinel.fr\/?s={search_term_string}\"},\"query-input\":{\"@type\":\"PropertyValueSpecification\",\"valueRequired\":true,\"valueName\":\"search_term_string\"}}],\"inLanguage\":\"de\"},{\"@type\":\"Organization\",\"@id\":\"https:\/\/www.safinel.fr\/#organization\",\"name\":\"Safinel\",\"url\":\"https:\/\/www.safinel.fr\/\",\"logo\":{\"@type\":\"ImageObject\",\"inLanguage\":\"de\",\"@id\":\"https:\/\/www.safinel.fr\/#\/schema\/logo\/image\/\",\"url\":\"https:\/\/www.safinel.fr\/wp-content\/uploads\/2021\/05\/boutique-cosmetique.png\",\"contentUrl\":\"https:\/\/www.safinel.fr\/wp-content\/uploads\/2021\/05\/boutique-cosmetique.png\",\"width\":800,\"height\":200,\"caption\":\"Safinel\"},\"image\":{\"@id\":\"https:\/\/www.safinel.fr\/#\/schema\/logo\/image\/\"}},{\"@type\":\"Person\",\"@id\":\"https:\/\/www.safinel.fr\/#\/schema\/person\/47f7357f8aa8a41a796811d3f8a3e055\",\"name\":\"Naj\",\"image\":{\"@type\":\"ImageObject\",\"inLanguage\":\"de\",\"@id\":\"https:\/\/www.safinel.fr\/#\/schema\/person\/image\/\",\"url\":\"https:\/\/secure.gravatar.com\/avatar\/5c0fa4f0bce748d4964b7d68e4b0ee1d8e3120edba58a55893ced967bd2093b5?s=96&d=mm&r=g\",\"contentUrl\":\"https:\/\/secure.gravatar.com\/avatar\/5c0fa4f0bce748d4964b7d68e4b0ee1d8e3120edba58a55893ced967bd2093b5?s=96&d=mm&r=g\",\"caption\":\"Naj\"},\"url\":\"https:\/\/www.safinel.fr\/de\/author\/naj\/\"}]}<\/script>\n<!-- \/ Yoast SEO plugin. -->","yoast_head_json":{"title":"Dunkle Haut | Der praktische Leitfaden f\u00fcr die t\u00e4gliche Pflege","description":"Schwarze Haut braucht eine vereinbarte Pflege, um ihren Charme und ihre Klarheit zu erhalten. Dazu gibt es hier einige Pflegetipps.","robots":{"index":"index","follow":"follow","max-snippet":"max-snippet:-1","max-image-preview":"max-image-preview:large","max-video-preview":"max-video-preview:-1"},"canonical":"https:\/\/www.safinel.fr\/de\/schwarze-haut\/","og_locale":"de_DE","og_type":"article","og_title":"Peau noire | Le guide pratique pour en prendre soin au quotidien","og_description":"La peau noire a besoin d\u2019un soin convenu pour maintenir son charme et sa clart\u00e9. Pour ce faire, voici quelques astuces d\u2019entretien.","og_url":"https:\/\/www.safinel.fr\/de\/schwarze-haut\/","og_site_name":"Safinel","article_published_time":"2023-08-24T11:31:30+00:00","article_modified_time":"2023-08-24T11:31:32+00:00","og_image":[{"width":1100,"height":578,"url":"https:\/\/www.safinel.fr\/wp-content\/uploads\/2023\/08\/Comment-prendre-soin-de-sa-peau-noire.jpg","type":"image\/jpeg"}],"author":"Naj","twitter_card":"summary_large_image","twitter_misc":{"Verfasst von":"Naj","Gesch\u00e4tzte Lesezeit":"3\u00a0Minuten"},"schema":{"@context":"https:\/\/schema.org","@graph":[{"@type":"Article","@id":"https:\/\/www.safinel.fr\/peau-noire\/#article","isPartOf":{"@id":"https:\/\/www.safinel.fr\/peau-noire\/"},"author":{"name":"Naj","@id":"https:\/\/www.safinel.fr\/#\/schema\/person\/47f7357f8aa8a41a796811d3f8a3e055"},"headline":"Comment prendre soin de sa peau noire au quotidien\u2009?","datePublished":"2023-08-24T11:31:30+00:00","dateModified":"2023-08-24T11:31:32+00:00","mainEntityOfPage":{"@id":"https:\/\/www.safinel.fr\/peau-noire\/"},"wordCount":637,"publisher":{"@id":"https:\/\/www.safinel.fr\/#organization"},"image":{"@id":"https:\/\/www.safinel.fr\/peau-noire\/#primaryimage"},"thumbnailUrl":"https:\/\/www.safinel.fr\/wp-content\/uploads\/2023\/08\/Comment-prendre-soin-de-sa-peau-noire.jpg","articleSection":["Divers"],"inLanguage":"de"},{"@type":"WebPage","@id":"https:\/\/www.safinel.fr\/peau-noire\/","url":"https:\/\/www.safinel.fr\/peau-noire\/","name":"Dunkle Haut | Der praktische Leitfaden f\u00fcr die t\u00e4gliche Pflege","isPartOf":{"@id":"https:\/\/www.safinel.fr\/#website"},"primaryImageOfPage":{"@id":"https:\/\/www.safinel.fr\/peau-noire\/#primaryimage"},"image":{"@id":"https:\/\/www.safinel.fr\/peau-noire\/#primaryimage"},"thumbnailUrl":"https:\/\/www.safinel.fr\/wp-content\/uploads\/2023\/08\/Comment-prendre-soin-de-sa-peau-noire.jpg","datePublished":"2023-08-24T11:31:30+00:00","dateModified":"2023-08-24T11:31:32+00:00","description":"Schwarze Haut braucht eine vereinbarte Pflege, um ihren Charme und ihre Klarheit zu erhalten. Dazu gibt es hier einige Pflegetipps.","breadcrumb":{"@id":"https:\/\/www.safinel.fr\/peau-noire\/#breadcrumb"},"inLanguage":"de","potentialAction":[{"@type":"ReadAction","target":["https:\/\/www.safinel.fr\/peau-noire\/"]}]},{"@type":"ImageObject","inLanguage":"de","@id":"https:\/\/www.safinel.fr\/peau-noire\/#primaryimage","url":"https:\/\/www.safinel.fr\/wp-content\/uploads\/2023\/08\/Comment-prendre-soin-de-sa-peau-noire.jpg","contentUrl":"https:\/\/www.safinel.fr\/wp-content\/uploads\/2023\/08\/Comment-prendre-soin-de-sa-peau-noire.jpg","width":1100,"height":578,"caption":"Comment prendre soin de sa peau noire au quotidien\u2009?"},{"@type":"BreadcrumbList","@id":"https:\/\/www.safinel.fr\/peau-noire\/#breadcrumb","itemListElement":[{"@type":"ListItem","position":1,"name":"Accueil","item":"https:\/\/www.safinel.fr\/"},{"@type":"ListItem","position":2,"name":"Comment prendre soin de sa peau noire au quotidien\u2009?"}]},{"@type":"WebSite","@id":"https:\/\/www.safinel.fr\/#website","url":"https:\/\/www.safinel.fr\/","name":"Safinel","description":"","publisher":{"@id":"https:\/\/www.safinel.fr\/#organization"},"potentialAction":[{"@type":"SearchAction","target":{"@type":"EntryPoint","urlTemplate":"https:\/\/www.safinel.fr\/?s={search_term_string}"},"query-input":{"@type":"PropertyValueSpecification","valueRequired":true,"valueName":"search_term_string"}}],"inLanguage":"de"},{"@type":"Organization","@id":"https:\/\/www.safinel.fr\/#organization","name":"Safinel","url":"https:\/\/www.safinel.fr\/","logo":{"@type":"ImageObject","inLanguage":"de","@id":"https:\/\/www.safinel.fr\/#\/schema\/logo\/image\/","url":"https:\/\/www.safinel.fr\/wp-content\/uploads\/2021\/05\/boutique-cosmetique.png","contentUrl":"https:\/\/www.safinel.fr\/wp-content\/uploads\/2021\/05\/boutique-cosmetique.png","width":800,"height":200,"caption":"Safinel"},"image":{"@id":"https:\/\/www.safinel.fr\/#\/schema\/logo\/image\/"}},{"@type":"Person","@id":"https:\/\/www.safinel.fr\/#\/schema\/person\/47f7357f8aa8a41a796811d3f8a3e055","name":"Naj","image":{"@type":"ImageObject","inLanguage":"de","@id":"https:\/\/www.safinel.fr\/#\/schema\/person\/image\/","url":"https:\/\/secure.gravatar.com\/avatar\/5c0fa4f0bce748d4964b7d68e4b0ee1d8e3120edba58a55893ced967bd2093b5?s=96&d=mm&r=g","contentUrl":"https:\/\/secure.gravatar.com\/avatar\/5c0fa4f0bce748d4964b7d68e4b0ee1d8e3120edba58a55893ced967bd2093b5?s=96&d=mm&r=g","caption":"Naj"},"url":"https:\/\/www.safinel.fr\/de\/author\/naj\/"}]}},"_links":{"self":[{"href":"https:\/\/www.safinel.fr\/de\/wp-json\/wp\/v2\/posts\/8048","targetHints":{"allow":["GET"]}}],"collection":[{"href":"https:\/\/www.safinel.fr\/de\/wp-json\/wp\/v2\/posts"}],"about":[{"href":"https:\/\/www.safinel.fr\/de\/wp-json\/wp\/v2\/types\/post"}],"author":[{"embeddable":true,"href":"https:\/\/www.safinel.fr\/de\/wp-json\/wp\/v2\/users\/156"}],"replies":[{"embeddable":true,"href":"https:\/\/www.safinel.fr\/de\/wp-json\/wp\/v2\/comments?post=8048"}],"version-history":[{"count":1,"href":"https:\/\/www.safinel.fr\/de\/wp-json\/wp\/v2\/posts\/8048\/revisions"}],"predecessor-version":[{"id":8050,"href":"https:\/\/www.safinel.fr\/de\/wp-json\/wp\/v2\/posts\/8048\/revisions\/8050"}],"wp:featuredmedia":[{"embeddable":true,"href":"https:\/\/www.safinel.fr\/de\/wp-json\/wp\/v2\/media\/8049"}],"wp:attachment":[{"href":"https:\/\/www.safinel.fr\/de\/wp-json\/wp\/v2\/media?parent=8048"}],"wp:term":[{"taxonomy":"category","embeddable":true,"href":"https:\/\/www.safinel.fr\/de\/wp-json\/wp\/v2\/categories?post=8048"},{"taxonomy":"post_tag","embeddable":true,"href":"https:\/\/www.safinel.fr\/de\/wp-json\/wp\/v2\/tags?post=8048"}],"curies":[{"name":"wp","href":"https:\/\/api.w.org\/{rel}","templated":true}]}}