{"id":6069,"date":"2023-05-19T14:09:54","date_gmt":"2023-05-19T14:09:54","guid":{"rendered":"https:\/\/www.safinel.fr\/?p=6069"},"modified":"2023-05-19T14:09:56","modified_gmt":"2023-05-19T14:09:56","slug":"afrikanisches-kopftuch","status":"publish","type":"post","link":"https:\/\/www.safinel.fr\/de\/afrikanisches-kopftuch\/","title":{"rendered":"Das afrikanische Kopftuch: ein trendiges und vielseitiges Accessoire"},"content":{"rendered":"<p>Die&nbsp;<strong>afrikanisches Kopftuch<\/strong>, Die afrikanische Kopfbedeckung ist ein beliebtes Modeaccessoire, das durch seine Originalit\u00e4t, seinen einzigartigen Stil und seine vielf\u00e4ltigen Einsatzm\u00f6glichkeiten besticht. Wir zeigen Ihnen, wie Sie mit diesem ethnischen Must-have einen Hauch von Exotik in Ihr Outfit bringen und Ihr Haar in Szene setzen k\u00f6nnen.<\/p>\n\n\n\n<h2 class=\"wp-block-heading\" id=\"h-les-origines-du-foulard-africain\"><strong>Die Urspr\u00fcnge des afrikanischen Kopftuchs<\/strong><\/h2>\n\n\n\n<p><strong><a href=\"https:\/\/www.hijab-femme.com\" target=\"_blank\" rel=\"noreferrer noopener\">Seit Jahrhunderten von afrikanischen Frauen getragen<\/a><\/strong>, am\u00a0<strong>afrikanisches Kopftuch<\/strong>\u00a0ist in erster Linie ein starkes kulturelles und identit\u00e4tsstiftendes Symbol. Die Muster und Farben, die f\u00fcr die Herstellung verwendet werden, variieren je nach Region und ethnischer Zugeh\u00f6rigkeit und f\u00fchren zu einer Vielzahl unterschiedlicher Stile. Heute hat sich dieses traditionelle Accessoire modernisiert und begeistert ein breites Publikum weit \u00fcber die Grenzen des afrikanischen Kontinents hinaus.<\/p>\n\n\n\n<h2 class=\"wp-block-heading\" id=\"h-les-diff-rentes-fa-ons-de-porter-le-foulard-africain\"><strong>Die verschiedenen Arten, das afrikanische Kopftuch zu tragen<\/strong><\/h2>\n\n\n\n<h3 class=\"wp-block-heading\" id=\"h-dans-les-cheveux\"><strong>In den Haaren<\/strong><\/h3>\n\n\n\n<p>Eine der h\u00e4ufigsten Verwendungen von&nbsp;<strong>afrikanisches Kopftuch<\/strong>&nbsp;ist, ihn um den Kopf zu binden, um das Haar zu sch\u00fctzen und hervorzuheben. Denn mit seinen bunten Texturen und Drucken kann man jede Frisur dynamisch gestalten und ihr einen Hauch von Eleganz und Originalit\u00e4t verleihen.<\/p>\n\n\n\n<p><strong>Um aus Ihrem afrikanischen Kopftuch einen Turban zu machen, k\u00f6nnen Sie :<\/strong><\/p>\n\n\n\n<ul class=\"wp-block-list\">\n<li><strong>Falten<\/strong>&nbsp;das Tuch in der Mitte, sodass ein Dreieck entsteht, und legen Sie die Basis des Dreiecks auf Ihre Stirn.<\/li>\n\n\n\n<li><strong>Kreuzen<\/strong>&nbsp;die beiden Enden am Hinterkopf und f\u00fchren sie nach vorne.<\/li>\n\n\n\n<li><strong>Torsader<\/strong>&nbsp;die beiden Enden umeinander, sodass eine Art Stirnband entsteht.<\/li>\n\n\n\n<li><strong>Weitergeben<\/strong>&nbsp;die Enden unter die Basis des Dreiecks und verknoten sie, um den Turban an Ort und Stelle zu halten.<\/li>\n<\/ul>\n\n\n\n<p>Sie k\u00f6nnen das Tuch auch einfach um Ihren Pferdeschwanz oder Dutt wickeln, um Ihrer Frisur einen Hauch von Farbe und Fantasie zu verleihen.<\/p>\n\n\n\n<h3 class=\"wp-block-heading\" id=\"h-en-guise-d-charpe-ou-de-ch-le\"><strong>Als Schal oder Tuch<\/strong><\/h3>\n\n\n\n<p>Die&nbsp;<strong>afrikanisches Kopftuch<\/strong>&nbsp;kann auch als Schal oder Tuch um den Hals oder die Schultern getragen werden. Durch seine gro\u00dfe Gr\u00f6\u00dfe bietet er einen wirksamen Schutz vor K\u00e4lte und verleiht Ihrem Winteroutfit einen schicken, ethnischen Touch.<\/p>\n\n\n\n<p>Drapieren Sie das Tuch einfach sanft \u00fcber Ihre Schultern oder binden Sie es um Ihren Hals, je nachdem, was Sie bevorzugen und welchen Stil Sie bevorzugen.<\/p>\n\n\n\n<h3 class=\"wp-block-heading\" id=\"h-en-tant-qu-accessoire-de-mode\"><strong>Als modisches Accessoire<\/strong><\/h3>\n\n\n\n<p>Und schlie\u00dflich: Warum nutzen Sie nicht Ihren&nbsp;<strong>afrikanisches Kopftuch<\/strong>&nbsp;als echtes Modeaccessoire betrachten? Sie k\u00f6nnen zum Beispiel :<\/p>\n\n\n\n<ul class=\"wp-block-list\">\n<li><strong>Verknoten<\/strong>&nbsp;das Tuch um Ihre Taille, um einen originellen und farbenfrohen G\u00fcrtel zu kreieren.<\/li>\n\n\n\n<li><strong>Aufrollen<\/strong>&nbsp;das Tuch um Ihr Handgelenk oder Ihren Arm f\u00fcr einen ethnischen Manschetteneffekt.<\/li>\n\n\n\n<li><strong>Anh\u00e4ngen<\/strong>&nbsp;das Tuch an Ihre Handtasche, um ihr einen zus\u00e4tzlichen Hauch von Stil zu verleihen.<\/li>\n<\/ul>\n\n\n\n<p>Lassen Sie Ihrer Fantasie freien Lauf und finden Sie neue, originelle M\u00f6glichkeiten, Ihr afrikanisches Kopftuch zu tragen!<\/p>\n\n\n\n<h3 class=\"wp-block-heading\" id=\"h-comment-choisir-son-foulard-africain\"><strong>Wie w\u00e4hlt man ein afrikanisches Kopftuch aus?<\/strong><\/h3>\n\n\n\n<p>Bei so vielen verschiedenen Mustern, Farben und Stilen kann es schwierig sein, das afrikanische Tuch auszuw\u00e4hlen, das am besten zu Ihrem Geschmack und Ihren Bed\u00fcrfnissen passt. <\/p>\n\n\n\n<p><strong>Hier sind einige Tipps, die Ihnen bei der Auswahl helfen sollen:<\/strong><\/p>\n\n\n\n<ul class=\"wp-block-list\">\n<li><strong>Entscheiden Sie sich f\u00fcr Farben, die Sie hervorheben<\/strong>&nbsp;: W\u00e4hlen Sie Farbt\u00f6ne, die gut zu Ihrem Hautton und Ihrer Kleidung passen, um einen harmonischen und eleganten Look zu erzielen.<\/li>\n\n\n\n<li><strong>W\u00e4hlen Sie Motive, die zu Ihrem Stil passen<\/strong>\u00a0Einige T\u00fccher sind mit geometrischen Mustern bedruckt, die sehr grafisch wirken. Andere wiederum haben romantische Blumenmuster. Entscheiden Sie selbst, welcher Stil Ihnen am besten gef\u00e4llt!<\/li>\n\n\n\n<li><strong><a href=\"https:\/\/www.safinel.fr\/de\/afrikanischer-stoff\/\">Denken Sie an die Qualit\u00e4t des Stoffes<\/a><\/strong>\u00a0: Bevorzugen Sie T\u00fccher, die aus hochwertigen Materialien gefertigt sind. Wie Baumwolle oder <strong>Seide<\/strong>, F\u00fcr mehr Komfort und Haltbarkeit.<\/li>\n\n\n\n<li><strong>Ber\u00fccksichtigen Sie die Gr\u00f6\u00dfe des Kopftuchs<\/strong>&nbsp;: Um verschiedene Frisuren machen zu k\u00f6nnen und einen sch\u00f6nen Fall zu erzielen, sollten Sie sich f\u00fcr ein ausreichend gro\u00dfes Tuch entscheiden (mindestens 1 m x 1 m).<\/li>\n<\/ul>\n\n\n\n<p>Z\u00f6gern Sie nicht, verschiedene Stile afrikanischer T\u00fccher auszuprobieren, bis Sie dasjenige finden, das Ihnen am besten passt. Ein gut gew\u00e4hltes Tuch kann schnell zu einem echten Modetrend werden und Ihren Look bei jeder Gelegenheit betonen.<\/p>","protected":false},"excerpt":{"rendered":"<p>Das afrikanische Tuch, auch afrikanischer Kopfschmuck genannt, ist ein Modeaccessoire, das aufgrund seiner Originalit\u00e4t, seines einzigartigen Stils und seiner vielf\u00e4ltigen Verwendungsm\u00f6glichkeiten sehr beliebt ist. Hier erfahren Sie, wie Sie dieses ethnische Must-have tragen k\u00f6nnen, um Ihren Outfits einen Hauch von Exotik zu verleihen und Ihr Haar zu versch\u00f6nern. Die Urspr\u00fcnge des afrikanischen Kopftuchs Seit Jahrhunderten wird es von afrikanischen Frauen getragen, [...].","protected":false},"author":1,"featured_media":6070,"comment_status":"closed","ping_status":"closed","sticky":false,"template":"","format":"standard","meta":{"footnotes":""},"categories":[1],"tags":[],"class_list":["post-6069","post","type-post","status-publish","format-standard","has-post-thumbnail","hentry","category-divers"],"yoast_head":"<!-- This site is optimized with the Yoast SEO plugin v26.6 - https:\/\/yoast.com\/wordpress\/plugins\/seo\/ -->\n<title>Foulard africain I Zoom sur la coiffe africaine par excellence<\/title>\n<meta name=\"description\" content=\"Le foulard africain, \u00e9galement appel\u00e9 coiffe africaine, est un accessoire de mode tr\u00e8s appr\u00e9ci\u00e9 pour son originalit\u00e9 et son style unique.\" \/>\n<meta name=\"robots\" content=\"index, follow, max-snippet:-1, max-image-preview:large, max-video-preview:-1\" \/>\n<link rel=\"canonical\" href=\"https:\/\/www.safinel.fr\/de\/afrikanisches-kopftuch\/\" \/>\n<meta property=\"og:locale\" content=\"de_DE\" \/>\n<meta property=\"og:type\" content=\"article\" \/>\n<meta property=\"og:title\" content=\"Foulard africain I Zoom sur la coiffe africaine par excellence\" \/>\n<meta property=\"og:description\" content=\"Le foulard africain, \u00e9galement appel\u00e9 coiffe africaine, est un accessoire de mode tr\u00e8s appr\u00e9ci\u00e9 pour son originalit\u00e9 et son style unique.\" \/>\n<meta property=\"og:url\" content=\"https:\/\/www.safinel.fr\/de\/afrikanisches-kopftuch\/\" \/>\n<meta property=\"og:site_name\" content=\"Safinel\" \/>\n<meta property=\"article:published_time\" content=\"2023-05-19T14:09:54+00:00\" \/>\n<meta property=\"article:modified_time\" content=\"2023-05-19T14:09:56+00:00\" \/>\n<meta property=\"og:image\" content=\"https:\/\/www.safinel.fr\/wp-content\/uploads\/2023\/05\/Le-foulard-africain-un-accessoire-tendance-et-polyvalent.jpg\" \/>\n\t<meta property=\"og:image:width\" content=\"1100\" \/>\n\t<meta property=\"og:image:height\" content=\"578\" \/>\n\t<meta property=\"og:image:type\" content=\"image\/jpeg\" \/>\n<meta name=\"author\" content=\"Boutique Safinel\" \/>\n<meta name=\"twitter:card\" content=\"summary_large_image\" \/>\n<meta name=\"twitter:label1\" content=\"Verfasst von\" \/>\n\t<meta name=\"twitter:data1\" content=\"Boutique Safinel\" \/>\n\t<meta name=\"twitter:label2\" content=\"Gesch\u00e4tzte Lesezeit\" \/>\n\t<meta name=\"twitter:data2\" content=\"3\u00a0Minuten\" \/>\n<script type=\"application\/ld+json\" class=\"yoast-schema-graph\">{\"@context\":\"https:\/\/schema.org\",\"@graph\":[{\"@type\":\"Article\",\"@id\":\"https:\/\/www.safinel.fr\/foulard-africain\/#article\",\"isPartOf\":{\"@id\":\"https:\/\/www.safinel.fr\/foulard-africain\/\"},\"author\":{\"name\":\"Boutique Safinel\",\"@id\":\"https:\/\/www.safinel.fr\/#\/schema\/person\/721a83294300152db59954bbb2f0fcc5\"},\"headline\":\"Le foulard africain : un accessoire tendance et polyvalent\",\"datePublished\":\"2023-05-19T14:09:54+00:00\",\"dateModified\":\"2023-05-19T14:09:56+00:00\",\"mainEntityOfPage\":{\"@id\":\"https:\/\/www.safinel.fr\/foulard-africain\/\"},\"wordCount\":715,\"publisher\":{\"@id\":\"https:\/\/www.safinel.fr\/#organization\"},\"image\":{\"@id\":\"https:\/\/www.safinel.fr\/foulard-africain\/#primaryimage\"},\"thumbnailUrl\":\"https:\/\/www.safinel.fr\/wp-content\/uploads\/2023\/05\/Le-foulard-africain-un-accessoire-tendance-et-polyvalent.jpg\",\"articleSection\":[\"Divers\"],\"inLanguage\":\"de\"},{\"@type\":\"WebPage\",\"@id\":\"https:\/\/www.safinel.fr\/foulard-africain\/\",\"url\":\"https:\/\/www.safinel.fr\/foulard-africain\/\",\"name\":\"Foulard africain I Zoom sur la coiffe africaine par excellence\",\"isPartOf\":{\"@id\":\"https:\/\/www.safinel.fr\/#website\"},\"primaryImageOfPage\":{\"@id\":\"https:\/\/www.safinel.fr\/foulard-africain\/#primaryimage\"},\"image\":{\"@id\":\"https:\/\/www.safinel.fr\/foulard-africain\/#primaryimage\"},\"thumbnailUrl\":\"https:\/\/www.safinel.fr\/wp-content\/uploads\/2023\/05\/Le-foulard-africain-un-accessoire-tendance-et-polyvalent.jpg\",\"datePublished\":\"2023-05-19T14:09:54+00:00\",\"dateModified\":\"2023-05-19T14:09:56+00:00\",\"description\":\"Le foulard africain, \u00e9galement appel\u00e9 coiffe africaine, est un accessoire de mode tr\u00e8s appr\u00e9ci\u00e9 pour son originalit\u00e9 et son style unique.\",\"breadcrumb\":{\"@id\":\"https:\/\/www.safinel.fr\/foulard-africain\/#breadcrumb\"},\"inLanguage\":\"de\",\"potentialAction\":[{\"@type\":\"ReadAction\",\"target\":[\"https:\/\/www.safinel.fr\/foulard-africain\/\"]}]},{\"@type\":\"ImageObject\",\"inLanguage\":\"de\",\"@id\":\"https:\/\/www.safinel.fr\/foulard-africain\/#primaryimage\",\"url\":\"https:\/\/www.safinel.fr\/wp-content\/uploads\/2023\/05\/Le-foulard-africain-un-accessoire-tendance-et-polyvalent.jpg\",\"contentUrl\":\"https:\/\/www.safinel.fr\/wp-content\/uploads\/2023\/05\/Le-foulard-africain-un-accessoire-tendance-et-polyvalent.jpg\",\"width\":1100,\"height\":578,\"caption\":\"Le foulard africain : un accessoire tendance et polyvalent\"},{\"@type\":\"BreadcrumbList\",\"@id\":\"https:\/\/www.safinel.fr\/foulard-africain\/#breadcrumb\",\"itemListElement\":[{\"@type\":\"ListItem\",\"position\":1,\"name\":\"Accueil\",\"item\":\"https:\/\/www.safinel.fr\/\"},{\"@type\":\"ListItem\",\"position\":2,\"name\":\"Le foulard africain : un accessoire tendance et polyvalent\"}]},{\"@type\":\"WebSite\",\"@id\":\"https:\/\/www.safinel.fr\/#website\",\"url\":\"https:\/\/www.safinel.fr\/\",\"name\":\"Safinel\",\"description\":\"\",\"publisher\":{\"@id\":\"https:\/\/www.safinel.fr\/#organization\"},\"potentialAction\":[{\"@type\":\"SearchAction\",\"target\":{\"@type\":\"EntryPoint\",\"urlTemplate\":\"https:\/\/www.safinel.fr\/?s={search_term_string}\"},\"query-input\":{\"@type\":\"PropertyValueSpecification\",\"valueRequired\":true,\"valueName\":\"search_term_string\"}}],\"inLanguage\":\"de\"},{\"@type\":\"Organization\",\"@id\":\"https:\/\/www.safinel.fr\/#organization\",\"name\":\"Safinel\",\"url\":\"https:\/\/www.safinel.fr\/\",\"logo\":{\"@type\":\"ImageObject\",\"inLanguage\":\"de\",\"@id\":\"https:\/\/www.safinel.fr\/#\/schema\/logo\/image\/\",\"url\":\"https:\/\/www.safinel.fr\/wp-content\/uploads\/2021\/05\/boutique-cosmetique.png\",\"contentUrl\":\"https:\/\/www.safinel.fr\/wp-content\/uploads\/2021\/05\/boutique-cosmetique.png\",\"width\":800,\"height\":200,\"caption\":\"Safinel\"},\"image\":{\"@id\":\"https:\/\/www.safinel.fr\/#\/schema\/logo\/image\/\"}},{\"@type\":\"Person\",\"@id\":\"https:\/\/www.safinel.fr\/#\/schema\/person\/721a83294300152db59954bbb2f0fcc5\",\"name\":\"Boutique Safinel\",\"image\":{\"@type\":\"ImageObject\",\"inLanguage\":\"de\",\"@id\":\"https:\/\/www.safinel.fr\/#\/schema\/person\/image\/\",\"url\":\"https:\/\/secure.gravatar.com\/avatar\/f68981bb0c0938d0f69d6a4651de60c9260d8f0f22d18b1520c25e25d86b5057?s=96&d=mm&r=g\",\"contentUrl\":\"https:\/\/secure.gravatar.com\/avatar\/f68981bb0c0938d0f69d6a4651de60c9260d8f0f22d18b1520c25e25d86b5057?s=96&d=mm&r=g\",\"caption\":\"Boutique Safinel\"},\"sameAs\":[\"https:\/\/www.safinel.fr\"],\"url\":\"https:\/\/www.safinel.fr\/de\/author\/boutique-safinel\/\"}]}<\/script>\n<!-- \/ Yoast SEO plugin. -->","yoast_head_json":{"title":"Afrikanisches Kopftuch I Zoom auf die afrikanische Kopfbedeckung par excellence","description":"Das afrikanische Kopftuch, auch afrikanische Kopfbedeckung genannt, ist ein Modeaccessoire, das wegen seiner Originalit\u00e4t und seines einzigartigen Stils sehr beliebt ist.","robots":{"index":"index","follow":"follow","max-snippet":"max-snippet:-1","max-image-preview":"max-image-preview:large","max-video-preview":"max-video-preview:-1"},"canonical":"https:\/\/www.safinel.fr\/de\/afrikanisches-kopftuch\/","og_locale":"de_DE","og_type":"article","og_title":"Foulard africain I Zoom sur la coiffe africaine par excellence","og_description":"Le foulard africain, \u00e9galement appel\u00e9 coiffe africaine, est un accessoire de mode tr\u00e8s appr\u00e9ci\u00e9 pour son originalit\u00e9 et son style unique.","og_url":"https:\/\/www.safinel.fr\/de\/afrikanisches-kopftuch\/","og_site_name":"Safinel","article_published_time":"2023-05-19T14:09:54+00:00","article_modified_time":"2023-05-19T14:09:56+00:00","og_image":[{"width":1100,"height":578,"url":"https:\/\/www.safinel.fr\/wp-content\/uploads\/2023\/05\/Le-foulard-africain-un-accessoire-tendance-et-polyvalent.jpg","type":"image\/jpeg"}],"author":"Boutique Safinel","twitter_card":"summary_large_image","twitter_misc":{"Verfasst von":"Boutique Safinel","Gesch\u00e4tzte Lesezeit":"3\u00a0Minuten"},"schema":{"@context":"https:\/\/schema.org","@graph":[{"@type":"Article","@id":"https:\/\/www.safinel.fr\/foulard-africain\/#article","isPartOf":{"@id":"https:\/\/www.safinel.fr\/foulard-africain\/"},"author":{"name":"Boutique Safinel","@id":"https:\/\/www.safinel.fr\/#\/schema\/person\/721a83294300152db59954bbb2f0fcc5"},"headline":"Le foulard africain : un accessoire tendance et polyvalent","datePublished":"2023-05-19T14:09:54+00:00","dateModified":"2023-05-19T14:09:56+00:00","mainEntityOfPage":{"@id":"https:\/\/www.safinel.fr\/foulard-africain\/"},"wordCount":715,"publisher":{"@id":"https:\/\/www.safinel.fr\/#organization"},"image":{"@id":"https:\/\/www.safinel.fr\/foulard-africain\/#primaryimage"},"thumbnailUrl":"https:\/\/www.safinel.fr\/wp-content\/uploads\/2023\/05\/Le-foulard-africain-un-accessoire-tendance-et-polyvalent.jpg","articleSection":["Divers"],"inLanguage":"de"},{"@type":"WebPage","@id":"https:\/\/www.safinel.fr\/foulard-africain\/","url":"https:\/\/www.safinel.fr\/foulard-africain\/","name":"Afrikanisches Kopftuch I Zoom auf die afrikanische Kopfbedeckung par excellence","isPartOf":{"@id":"https:\/\/www.safinel.fr\/#website"},"primaryImageOfPage":{"@id":"https:\/\/www.safinel.fr\/foulard-africain\/#primaryimage"},"image":{"@id":"https:\/\/www.safinel.fr\/foulard-africain\/#primaryimage"},"thumbnailUrl":"https:\/\/www.safinel.fr\/wp-content\/uploads\/2023\/05\/Le-foulard-africain-un-accessoire-tendance-et-polyvalent.jpg","datePublished":"2023-05-19T14:09:54+00:00","dateModified":"2023-05-19T14:09:56+00:00","description":"Das afrikanische Kopftuch, auch afrikanische Kopfbedeckung genannt, ist ein Modeaccessoire, das wegen seiner Originalit\u00e4t und seines einzigartigen Stils sehr beliebt ist.","breadcrumb":{"@id":"https:\/\/www.safinel.fr\/foulard-africain\/#breadcrumb"},"inLanguage":"de","potentialAction":[{"@type":"ReadAction","target":["https:\/\/www.safinel.fr\/foulard-africain\/"]}]},{"@type":"ImageObject","inLanguage":"de","@id":"https:\/\/www.safinel.fr\/foulard-africain\/#primaryimage","url":"https:\/\/www.safinel.fr\/wp-content\/uploads\/2023\/05\/Le-foulard-africain-un-accessoire-tendance-et-polyvalent.jpg","contentUrl":"https:\/\/www.safinel.fr\/wp-content\/uploads\/2023\/05\/Le-foulard-africain-un-accessoire-tendance-et-polyvalent.jpg","width":1100,"height":578,"caption":"Le foulard africain : un accessoire tendance et polyvalent"},{"@type":"BreadcrumbList","@id":"https:\/\/www.safinel.fr\/foulard-africain\/#breadcrumb","itemListElement":[{"@type":"ListItem","position":1,"name":"Accueil","item":"https:\/\/www.safinel.fr\/"},{"@type":"ListItem","position":2,"name":"Le foulard africain : un accessoire tendance et polyvalent"}]},{"@type":"WebSite","@id":"https:\/\/www.safinel.fr\/#website","url":"https:\/\/www.safinel.fr\/","name":"Safinel","description":"","publisher":{"@id":"https:\/\/www.safinel.fr\/#organization"},"potentialAction":[{"@type":"SearchAction","target":{"@type":"EntryPoint","urlTemplate":"https:\/\/www.safinel.fr\/?s={search_term_string}"},"query-input":{"@type":"PropertyValueSpecification","valueRequired":true,"valueName":"search_term_string"}}],"inLanguage":"de"},{"@type":"Organization","@id":"https:\/\/www.safinel.fr\/#organization","name":"Safinel","url":"https:\/\/www.safinel.fr\/","logo":{"@type":"ImageObject","inLanguage":"de","@id":"https:\/\/www.safinel.fr\/#\/schema\/logo\/image\/","url":"https:\/\/www.safinel.fr\/wp-content\/uploads\/2021\/05\/boutique-cosmetique.png","contentUrl":"https:\/\/www.safinel.fr\/wp-content\/uploads\/2021\/05\/boutique-cosmetique.png","width":800,"height":200,"caption":"Safinel"},"image":{"@id":"https:\/\/www.safinel.fr\/#\/schema\/logo\/image\/"}},{"@type":"Person","@id":"https:\/\/www.safinel.fr\/#\/schema\/person\/721a83294300152db59954bbb2f0fcc5","name":"Safinel-Shop","image":{"@type":"ImageObject","inLanguage":"de","@id":"https:\/\/www.safinel.fr\/#\/schema\/person\/image\/","url":"https:\/\/secure.gravatar.com\/avatar\/f68981bb0c0938d0f69d6a4651de60c9260d8f0f22d18b1520c25e25d86b5057?s=96&d=mm&r=g","contentUrl":"https:\/\/secure.gravatar.com\/avatar\/f68981bb0c0938d0f69d6a4651de60c9260d8f0f22d18b1520c25e25d86b5057?s=96&d=mm&r=g","caption":"Boutique Safinel"},"sameAs":["https:\/\/www.safinel.fr"],"url":"https:\/\/www.safinel.fr\/de\/author\/boutique-safinel\/"}]}},"_links":{"self":[{"href":"https:\/\/www.safinel.fr\/de\/wp-json\/wp\/v2\/posts\/6069","targetHints":{"allow":["GET"]}}],"collection":[{"href":"https:\/\/www.safinel.fr\/de\/wp-json\/wp\/v2\/posts"}],"about":[{"href":"https:\/\/www.safinel.fr\/de\/wp-json\/wp\/v2\/types\/post"}],"author":[{"embeddable":true,"href":"https:\/\/www.safinel.fr\/de\/wp-json\/wp\/v2\/users\/1"}],"replies":[{"embeddable":true,"href":"https:\/\/www.safinel.fr\/de\/wp-json\/wp\/v2\/comments?post=6069"}],"version-history":[{"count":1,"href":"https:\/\/www.safinel.fr\/de\/wp-json\/wp\/v2\/posts\/6069\/revisions"}],"predecessor-version":[{"id":6071,"href":"https:\/\/www.safinel.fr\/de\/wp-json\/wp\/v2\/posts\/6069\/revisions\/6071"}],"wp:featuredmedia":[{"embeddable":true,"href":"https:\/\/www.safinel.fr\/de\/wp-json\/wp\/v2\/media\/6070"}],"wp:attachment":[{"href":"https:\/\/www.safinel.fr\/de\/wp-json\/wp\/v2\/media?parent=6069"}],"wp:term":[{"taxonomy":"category","embeddable":true,"href":"https:\/\/www.safinel.fr\/de\/wp-json\/wp\/v2\/categories?post=6069"},{"taxonomy":"post_tag","embeddable":true,"href":"https:\/\/www.safinel.fr\/de\/wp-json\/wp\/v2\/tags?post=6069"}],"curies":[{"name":"wp","href":"https:\/\/api.w.org\/{rel}","templated":true}]}}