{"id":6011,"date":"2023-05-15T18:57:47","date_gmt":"2023-05-15T18:57:47","guid":{"rendered":"https:\/\/www.safinel.fr\/?p=6011"},"modified":"2023-05-15T18:57:53","modified_gmt":"2023-05-15T18:57:53","slug":"vitamin-c-schwarze-haut","status":"publish","type":"post","link":"https:\/\/www.safinel.fr\/de\/vitamin-c-schwarze-haut\/","title":{"rendered":"Vitamin C f\u00fcr schwarze Haut: ein wertvoller Verb\u00fcndeter f\u00fcr eine strahlende Haut"},"content":{"rendered":"<p>Vitamin C wird in der Gesichtspflege immer beliebter. Vor allem wegen seiner antioxidativen und aufhellenden Eigenschaften. Besonders vorteilhaft ist es f\u00fcr schwarze Haut und Mischhaut. Diese k\u00f6nnen anf\u00e4llig f\u00fcr spezifische Probleme wie Hyperpigmentierung und Dehydrierung sein. In diesem Artikel werden wir die Vorteile von Vitamin C f\u00fcr schwarze Haut erkunden. Wie Sie es in Ihre Pflegeroutine integrieren k\u00f6nnen.<\/p>\n\n\n\n<h2 class=\"wp-block-heading\" id=\"h-bienfaits-de-la-vitamine-c-pour-la-peau-noire\"><strong>Vorteile von Vitamin C f\u00fcr schwarze Haut<\/strong><\/h2>\n\n\n\n<p>Vitamin C bietet mehrere Vorteile f\u00fcr die Gesundheit der Haut, darunter :<\/p>\n\n\n\n<ul class=\"wp-block-list\">\n<li><strong>Antioxidative Wirkung<\/strong> : Vitamin C sch\u00fctzt die Haut vor sch\u00e4dlichen freien Radikalen, die durch Sonneneinstrahlung, Umweltverschmutzung und oxidativen Stress entstehen. Dies tr\u00e4gt dazu bei, einer vorzeitigen Hautalterung vorzubeugen.<\/li>\n\n\n\n<li><strong>Aufhellende Wirkung<\/strong> : Es hilft, braune Flecken und Pigmentunregelm\u00e4\u00dfigkeiten zu reduzieren, indem es die Melaninproduktion hemmt. Dies kann zu einem strahlenderen und helleren Teint beitragen.<\/li>\n\n\n\n<li><strong>Stimulierung der Kollagenproduktion<\/strong> : Vitamin C f\u00f6rdert die Kollagensynthese in der Haut. Dadurch wird ihre Struktur gest\u00e4rkt und ihre Elastizit\u00e4t verbessert.<\/li>\n\n\n\n<li><strong>Feuchtigkeitsversorgung<\/strong> : Es tr\u00e4gt auch dazu bei, den Feuchtigkeitsgehalt der Haut zu erhalten, indem es den insensiblen Wasserverlust begrenzt. Dies kann helfen, trockener Haut vorzubeugen.<\/li>\n<\/ul>\n\n\n\n<h2 class=\"wp-block-heading\" id=\"h-comment-choisir-un-produit-base-de-vitamine-c-pour-la-peau-noire\"><strong>Wie w\u00e4hle ich ein Vitamin-C-Produkt f\u00fcr schwarze Haut?<\/strong><\/h2>\n\n\n\n<p>So nutzen Sie die Vorteile von Vitamin C f\u00fcr schwarze Haut voll aus. Es ist entscheidend, dass Sie ein Produkt w\u00e4hlen, das auf Ihren Hauttyp und Ihre speziellen Bed\u00fcrfnisse zugeschnitten ist. <\/p>\n\n\n\n<p><strong>Hier sind einige Tipps, die Ihnen dabei helfen k\u00f6nnen:<\/strong><\/p>\n\n\n\n<h3 class=\"wp-block-heading\" id=\"h-opter-pour-une-concentration-adapt-e\"><strong>Die richtige Konzentration w\u00e4hlen<\/strong><\/h3>\n\n\n\n<p>Vitamin-C-Produkte sind in verschiedenen Konzentrationen erh\u00e4ltlich, die in der Regel zwischen 5 % und 20 % liegen. <\/p>\n\n\n\n<p>Schwarze Haut und Mischhaut weist in der Regel eine h\u00f6here Toleranz gegen\u00fcber Vitamin-C-Konzentrationen auf als helle Haut. <\/p>\n\n\n\n<p>Es wird jedoch empfohlen, mit einer niedrigen bis mittleren Konzentration (zwischen 10 und 15 %) zu beginnen und diese ggf. schrittweise zu erh\u00f6hen.<\/p>\n\n\n\n<h3 class=\"wp-block-heading\" id=\"h-v-rifier-le-ph-du-produit\"><strong>Den pH-Wert des Produkts \u00fcberpr\u00fcfen<\/strong><\/h3>\n\n\n\n<p>Der pH-Wert eines Vitamin-C-Produkts ist entscheidend f\u00fcr seine Wirksamkeit. Ein zu hoher pH-Wert kann dazu f\u00fchren, dass das Vitamin C weniger aktiv ist. W\u00e4hrend ein zu niedriger pH-Wert zu Irritationen f\u00fchren kann. Der ideale pH-Wert f\u00fcr ein Produkt mit Vitamin C liegt zwischen 2,5 und 3,5.<\/p>\n\n\n\n<h3 class=\"wp-block-heading\" id=\"h-choisir-une-formule-stable\"><strong>Eine stabile Formel w\u00e4hlen<\/strong><\/h3>\n\n\n\n<p>Vitamin C ist ein instabiles Molek\u00fcl, das schnell abgebaut werden kann, wenn es Luft und Licht ausgesetzt wird. Daher ist es wichtig, ein Produkt mit einer stabilisierten Formel und einer undurchsichtigen Verpackung zu w\u00e4hlen, um die Qualit\u00e4t des Produkts zu gew\u00e4hrleisten.<\/p>\n\n\n\n<h2 class=\"wp-block-heading\" id=\"h-int-gration-de-la-vitamine-c-dans-votre-routine-de-soin\"><strong>Integration von Vitamin C in Ihre Pflegeroutine<\/strong><\/h2>\n\n\n\n<p>Um die Vorteile von Vitamin C f\u00fcr schwarze Haut optimal zu nutzen. Es ist wichtig, das Produkt richtig in Ihre Pflegeroutine zu integrieren :<\/p>\n\n\n\n<ol class=\"wp-block-list\">\n<li><strong>Reinigen Sie Ihr Gesicht<\/strong> : Beginnen Sie mit der gr\u00fcndlichen Reinigung Ihrer Haut mit einem milden Reinigungsmittel, um Unreinheiten zu entfernen und die Haut auf die Aufnahme der Wirkstoffe vorzubereiten.<\/li>\n\n\n\n<li><strong>Wenden Sie Vitamin C an<\/strong> : Verwenden Sie ein Serum mit Vitamin C auf Ihrem Gesicht. Dies tun Sie, indem Sie es sanft einmassieren, bis es vollst\u00e4ndig eingezogen ist. Achten Sie darauf, dass Sie die Augenpartie aussparen, da Vitamin C in diesem empfindlichen Bereich reizend wirken kann.<\/li>\n\n\n\n<li><strong>Hydratisieren Sie<\/strong> : Tragen Sie dann eine <strong><a href=\"https:\/\/www.safinel.fr\/de\/creme-fur-schwarze-haut\/\">Feuchtigkeitscreme, die Ihrem Hauttyp entspricht<\/a><\/strong> um den optimalen Feuchtigkeitsgehalt zu erhalten.<\/li>\n\n\n\n<li><strong>Sch\u00fctzen Sie<\/strong> : Schlie\u00dfen Sie mit einem Breitband-Sonnenschutzmittel mit einem Lichtschutzfaktor von mindestens 30 ab, um die Haut vor sch\u00e4dlichen UV-Strahlen zu sch\u00fctzen.<\/li>\n<\/ol>\n\n\n\n<p>Da Vitamin C photosensibilisierend wirkt, sollte es am besten abends aufgetragen werden, um unerw\u00fcnschte Reaktionen durch Sonneneinstrahlung zu vermeiden. <\/p>\n\n\n\n<p>Au\u00dferdem kann Vitamin C in Kombination mit anderen Wirkstoffen wie Niacinamid und Peelings\u00e4uren (AHA und BHA) verwendet werden, um seine Wirkung auf schwarze Haut zu maximieren.<\/p>\n\n\n\n<h3 class=\"wp-block-heading\" id=\"h-pr-cautions-d-utilisation-et-contre-indications-de-la-vitamine-c-peau-noire\"><strong>Vorsichtsma\u00dfnahmen f\u00fcr die Anwendung und Kontraindikationen von Vitamin c Schwarze Haut<\/strong><\/h3>\n\n\n\n<p>Trotz der vielen Vorteile, die Vitamin C f\u00fcr schwarze Haut bietet, sollten manche Menschen bei der Anwendung Vorsicht walten lassen:<\/p>\n\n\n\n<ul class=\"wp-block-list\">\n<li>Personen mit Ekzemen, Schuppenflechte oder stark empfindlicher Haut sollten vor der Verwendung von Produkten mit Vitamin C einen Hautarzt konsultieren, da dieser Inhaltsstoff Reizungen hervorrufen kann.<\/li>\n\n\n\n<li>Auch schwangere oder stillende Frauen sollten sich vor der Verwendung von Vitamin-C-Produkten von ihrem Arzt beraten lassen. Einige Derivate k\u00f6nnen n\u00e4mlich w\u00e4hrend der Schwangerschaft kontraindiziert sein.<\/li>\n\n\n\n<li>Personen mit sehr empfindlicher Haut oder Personen, die noch nie zuvor Vitamin C verwendet haben, sollten einen Vertr\u00e4glichkeitstest durchf\u00fchren, bevor sie ein solches Produkt in ihre Pflegeroutine aufnehmen.<\/li>\n<\/ul>\n\n\n\n<p>Zusammenfassend l\u00e4sst sich sagen, dass Vitamin C ein wertvoller Verb\u00fcndeter f\u00fcr schwarze Haut und Mischhaut ist. Es bietet zahlreiche Vorteile f\u00fcr die Gesundheit und Sch\u00f6nheit der Haut. <\/p>\n\n\n\n<p>Wenn Sie ein Produkt w\u00e4hlen, das auf Ihren Hauttyp abgestimmt ist, und es richtig in Ihre Pflegeroutine integrieren, k\u00f6nnen Sie die antioxidativen, aufhellenden und feuchtigkeitsspendenden Eigenschaften der Creme voll aussch\u00f6pfen.<\/p>","protected":false},"excerpt":{"rendered":"<p>Vitamin C wird in der Gesichtspflege immer beliebter. Vor allem wegen seiner antioxidativen und aufhellenden Eigenschaften. Besonders vorteilhaft ist es f\u00fcr schwarze Haut und Mischhaut. Diese k\u00f6nnen anf\u00e4llig f\u00fcr spezifische Probleme wie Hyperpigmentierung und Dehydrierung sein. In diesem Artikel erkunden wir die Vorteile von Vitamin C f\u00fcr die [...].","protected":false},"author":1,"featured_media":6012,"comment_status":"closed","ping_status":"closed","sticky":false,"template":"","format":"standard","meta":{"footnotes":""},"categories":[1],"tags":[],"class_list":["post-6011","post","type-post","status-publish","format-standard","has-post-thumbnail","hentry","category-divers"],"yoast_head":"<!-- This site is optimized with the Yoast SEO plugin v26.6 - https:\/\/yoast.com\/wordpress\/plugins\/seo\/ -->\n<title>Vitamine C peau noire I Bienfaits et conseils d&#039;utilisation<\/title>\n<meta name=\"description\" content=\"Apprenez comment la vitamine C peut am\u00e9liorer la sant\u00e9 de la peau noire, en favorisant l&#039;\u00e9clat et en r\u00e9duisant les signes du vieillissement.\" \/>\n<meta name=\"robots\" content=\"index, follow, max-snippet:-1, max-image-preview:large, max-video-preview:-1\" \/>\n<link rel=\"canonical\" href=\"https:\/\/www.safinel.fr\/de\/vitamin-c-schwarze-haut\/\" \/>\n<meta property=\"og:locale\" content=\"de_DE\" \/>\n<meta property=\"og:type\" content=\"article\" \/>\n<meta property=\"og:title\" content=\"Vitamine C peau noire I Bienfaits et conseils d&#039;utilisation\" \/>\n<meta property=\"og:description\" content=\"Apprenez comment la vitamine C peut am\u00e9liorer la sant\u00e9 de la peau noire, en favorisant l&#039;\u00e9clat et en r\u00e9duisant les signes du vieillissement.\" \/>\n<meta property=\"og:url\" content=\"https:\/\/www.safinel.fr\/de\/vitamin-c-schwarze-haut\/\" \/>\n<meta property=\"og:site_name\" content=\"Safinel\" \/>\n<meta property=\"article:published_time\" content=\"2023-05-15T18:57:47+00:00\" \/>\n<meta property=\"article:modified_time\" content=\"2023-05-15T18:57:53+00:00\" \/>\n<meta property=\"og:image\" content=\"https:\/\/www.safinel.fr\/wp-content\/uploads\/2023\/05\/Vitamine-C-pour-peau-noire.jpg\" \/>\n\t<meta property=\"og:image:width\" content=\"1100\" \/>\n\t<meta property=\"og:image:height\" content=\"578\" \/>\n\t<meta property=\"og:image:type\" content=\"image\/jpeg\" \/>\n<meta name=\"author\" content=\"Boutique Safinel\" \/>\n<meta name=\"twitter:card\" content=\"summary_large_image\" \/>\n<meta name=\"twitter:label1\" content=\"Verfasst von\" \/>\n\t<meta name=\"twitter:data1\" content=\"Boutique Safinel\" \/>\n\t<meta name=\"twitter:label2\" content=\"Gesch\u00e4tzte Lesezeit\" \/>\n\t<meta name=\"twitter:data2\" content=\"4\u00a0Minuten\" \/>\n<script type=\"application\/ld+json\" class=\"yoast-schema-graph\">{\"@context\":\"https:\/\/schema.org\",\"@graph\":[{\"@type\":\"Article\",\"@id\":\"https:\/\/www.safinel.fr\/vitamine-c-peau-noire\/#article\",\"isPartOf\":{\"@id\":\"https:\/\/www.safinel.fr\/vitamine-c-peau-noire\/\"},\"author\":{\"name\":\"Boutique Safinel\",\"@id\":\"https:\/\/www.safinel.fr\/#\/schema\/person\/721a83294300152db59954bbb2f0fcc5\"},\"headline\":\"Vitamine C pour peau noire : un alli\u00e9 pr\u00e9cieux pour une peau \u00e9clatante\",\"datePublished\":\"2023-05-15T18:57:47+00:00\",\"dateModified\":\"2023-05-15T18:57:53+00:00\",\"mainEntityOfPage\":{\"@id\":\"https:\/\/www.safinel.fr\/vitamine-c-peau-noire\/\"},\"wordCount\":905,\"publisher\":{\"@id\":\"https:\/\/www.safinel.fr\/#organization\"},\"image\":{\"@id\":\"https:\/\/www.safinel.fr\/vitamine-c-peau-noire\/#primaryimage\"},\"thumbnailUrl\":\"https:\/\/www.safinel.fr\/wp-content\/uploads\/2023\/05\/Vitamine-C-pour-peau-noire.jpg\",\"articleSection\":[\"Divers\"],\"inLanguage\":\"de\"},{\"@type\":\"WebPage\",\"@id\":\"https:\/\/www.safinel.fr\/vitamine-c-peau-noire\/\",\"url\":\"https:\/\/www.safinel.fr\/vitamine-c-peau-noire\/\",\"name\":\"Vitamine C peau noire I Bienfaits et conseils d'utilisation\",\"isPartOf\":{\"@id\":\"https:\/\/www.safinel.fr\/#website\"},\"primaryImageOfPage\":{\"@id\":\"https:\/\/www.safinel.fr\/vitamine-c-peau-noire\/#primaryimage\"},\"image\":{\"@id\":\"https:\/\/www.safinel.fr\/vitamine-c-peau-noire\/#primaryimage\"},\"thumbnailUrl\":\"https:\/\/www.safinel.fr\/wp-content\/uploads\/2023\/05\/Vitamine-C-pour-peau-noire.jpg\",\"datePublished\":\"2023-05-15T18:57:47+00:00\",\"dateModified\":\"2023-05-15T18:57:53+00:00\",\"description\":\"Apprenez comment la vitamine C peut am\u00e9liorer la sant\u00e9 de la peau noire, en favorisant l'\u00e9clat et en r\u00e9duisant les signes du vieillissement.\",\"breadcrumb\":{\"@id\":\"https:\/\/www.safinel.fr\/vitamine-c-peau-noire\/#breadcrumb\"},\"inLanguage\":\"de\",\"potentialAction\":[{\"@type\":\"ReadAction\",\"target\":[\"https:\/\/www.safinel.fr\/vitamine-c-peau-noire\/\"]}]},{\"@type\":\"ImageObject\",\"inLanguage\":\"de\",\"@id\":\"https:\/\/www.safinel.fr\/vitamine-c-peau-noire\/#primaryimage\",\"url\":\"https:\/\/www.safinel.fr\/wp-content\/uploads\/2023\/05\/Vitamine-C-pour-peau-noire.jpg\",\"contentUrl\":\"https:\/\/www.safinel.fr\/wp-content\/uploads\/2023\/05\/Vitamine-C-pour-peau-noire.jpg\",\"width\":1100,\"height\":578,\"caption\":\"Vitamine C pour peau noire : un alli\u00e9 pr\u00e9cieux pour une peau \u00e9clatante\"},{\"@type\":\"BreadcrumbList\",\"@id\":\"https:\/\/www.safinel.fr\/vitamine-c-peau-noire\/#breadcrumb\",\"itemListElement\":[{\"@type\":\"ListItem\",\"position\":1,\"name\":\"Accueil\",\"item\":\"https:\/\/www.safinel.fr\/\"},{\"@type\":\"ListItem\",\"position\":2,\"name\":\"Vitamine C pour peau noire : un alli\u00e9 pr\u00e9cieux pour une peau \u00e9clatante\"}]},{\"@type\":\"WebSite\",\"@id\":\"https:\/\/www.safinel.fr\/#website\",\"url\":\"https:\/\/www.safinel.fr\/\",\"name\":\"Safinel\",\"description\":\"\",\"publisher\":{\"@id\":\"https:\/\/www.safinel.fr\/#organization\"},\"potentialAction\":[{\"@type\":\"SearchAction\",\"target\":{\"@type\":\"EntryPoint\",\"urlTemplate\":\"https:\/\/www.safinel.fr\/?s={search_term_string}\"},\"query-input\":{\"@type\":\"PropertyValueSpecification\",\"valueRequired\":true,\"valueName\":\"search_term_string\"}}],\"inLanguage\":\"de\"},{\"@type\":\"Organization\",\"@id\":\"https:\/\/www.safinel.fr\/#organization\",\"name\":\"Safinel\",\"url\":\"https:\/\/www.safinel.fr\/\",\"logo\":{\"@type\":\"ImageObject\",\"inLanguage\":\"de\",\"@id\":\"https:\/\/www.safinel.fr\/#\/schema\/logo\/image\/\",\"url\":\"https:\/\/www.safinel.fr\/wp-content\/uploads\/2021\/05\/boutique-cosmetique.png\",\"contentUrl\":\"https:\/\/www.safinel.fr\/wp-content\/uploads\/2021\/05\/boutique-cosmetique.png\",\"width\":800,\"height\":200,\"caption\":\"Safinel\"},\"image\":{\"@id\":\"https:\/\/www.safinel.fr\/#\/schema\/logo\/image\/\"}},{\"@type\":\"Person\",\"@id\":\"https:\/\/www.safinel.fr\/#\/schema\/person\/721a83294300152db59954bbb2f0fcc5\",\"name\":\"Boutique Safinel\",\"image\":{\"@type\":\"ImageObject\",\"inLanguage\":\"de\",\"@id\":\"https:\/\/www.safinel.fr\/#\/schema\/person\/image\/\",\"url\":\"https:\/\/secure.gravatar.com\/avatar\/f68981bb0c0938d0f69d6a4651de60c9260d8f0f22d18b1520c25e25d86b5057?s=96&d=mm&r=g\",\"contentUrl\":\"https:\/\/secure.gravatar.com\/avatar\/f68981bb0c0938d0f69d6a4651de60c9260d8f0f22d18b1520c25e25d86b5057?s=96&d=mm&r=g\",\"caption\":\"Boutique Safinel\"},\"sameAs\":[\"https:\/\/www.safinel.fr\"],\"url\":\"https:\/\/www.safinel.fr\/de\/author\/boutique-safinel\/\"}]}<\/script>\n<!-- \/ Yoast SEO plugin. -->","yoast_head_json":{"title":"Vitamin C Schwarze Haut I Vorteile und Anwendungstipps","description":"Erfahren Sie, wie Vitamin C die Gesundheit der schwarzen Haut verbessern kann, indem es die Ausstrahlung f\u00f6rdert und die Zeichen der Hautalterung reduziert.","robots":{"index":"index","follow":"follow","max-snippet":"max-snippet:-1","max-image-preview":"max-image-preview:large","max-video-preview":"max-video-preview:-1"},"canonical":"https:\/\/www.safinel.fr\/de\/vitamin-c-schwarze-haut\/","og_locale":"de_DE","og_type":"article","og_title":"Vitamine C peau noire I Bienfaits et conseils d'utilisation","og_description":"Apprenez comment la vitamine C peut am\u00e9liorer la sant\u00e9 de la peau noire, en favorisant l'\u00e9clat et en r\u00e9duisant les signes du vieillissement.","og_url":"https:\/\/www.safinel.fr\/de\/vitamin-c-schwarze-haut\/","og_site_name":"Safinel","article_published_time":"2023-05-15T18:57:47+00:00","article_modified_time":"2023-05-15T18:57:53+00:00","og_image":[{"width":1100,"height":578,"url":"https:\/\/www.safinel.fr\/wp-content\/uploads\/2023\/05\/Vitamine-C-pour-peau-noire.jpg","type":"image\/jpeg"}],"author":"Boutique Safinel","twitter_card":"summary_large_image","twitter_misc":{"Verfasst von":"Boutique Safinel","Gesch\u00e4tzte Lesezeit":"4\u00a0Minuten"},"schema":{"@context":"https:\/\/schema.org","@graph":[{"@type":"Article","@id":"https:\/\/www.safinel.fr\/vitamine-c-peau-noire\/#article","isPartOf":{"@id":"https:\/\/www.safinel.fr\/vitamine-c-peau-noire\/"},"author":{"name":"Boutique Safinel","@id":"https:\/\/www.safinel.fr\/#\/schema\/person\/721a83294300152db59954bbb2f0fcc5"},"headline":"Vitamine C pour peau noire : un alli\u00e9 pr\u00e9cieux pour une peau \u00e9clatante","datePublished":"2023-05-15T18:57:47+00:00","dateModified":"2023-05-15T18:57:53+00:00","mainEntityOfPage":{"@id":"https:\/\/www.safinel.fr\/vitamine-c-peau-noire\/"},"wordCount":905,"publisher":{"@id":"https:\/\/www.safinel.fr\/#organization"},"image":{"@id":"https:\/\/www.safinel.fr\/vitamine-c-peau-noire\/#primaryimage"},"thumbnailUrl":"https:\/\/www.safinel.fr\/wp-content\/uploads\/2023\/05\/Vitamine-C-pour-peau-noire.jpg","articleSection":["Divers"],"inLanguage":"de"},{"@type":"WebPage","@id":"https:\/\/www.safinel.fr\/vitamine-c-peau-noire\/","url":"https:\/\/www.safinel.fr\/vitamine-c-peau-noire\/","name":"Vitamin C Schwarze Haut I Vorteile und Anwendungstipps","isPartOf":{"@id":"https:\/\/www.safinel.fr\/#website"},"primaryImageOfPage":{"@id":"https:\/\/www.safinel.fr\/vitamine-c-peau-noire\/#primaryimage"},"image":{"@id":"https:\/\/www.safinel.fr\/vitamine-c-peau-noire\/#primaryimage"},"thumbnailUrl":"https:\/\/www.safinel.fr\/wp-content\/uploads\/2023\/05\/Vitamine-C-pour-peau-noire.jpg","datePublished":"2023-05-15T18:57:47+00:00","dateModified":"2023-05-15T18:57:53+00:00","description":"Erfahren Sie, wie Vitamin C die Gesundheit der schwarzen Haut verbessern kann, indem es die Ausstrahlung f\u00f6rdert und die Zeichen der Hautalterung reduziert.","breadcrumb":{"@id":"https:\/\/www.safinel.fr\/vitamine-c-peau-noire\/#breadcrumb"},"inLanguage":"de","potentialAction":[{"@type":"ReadAction","target":["https:\/\/www.safinel.fr\/vitamine-c-peau-noire\/"]}]},{"@type":"ImageObject","inLanguage":"de","@id":"https:\/\/www.safinel.fr\/vitamine-c-peau-noire\/#primaryimage","url":"https:\/\/www.safinel.fr\/wp-content\/uploads\/2023\/05\/Vitamine-C-pour-peau-noire.jpg","contentUrl":"https:\/\/www.safinel.fr\/wp-content\/uploads\/2023\/05\/Vitamine-C-pour-peau-noire.jpg","width":1100,"height":578,"caption":"Vitamine C pour peau noire : un alli\u00e9 pr\u00e9cieux pour une peau \u00e9clatante"},{"@type":"BreadcrumbList","@id":"https:\/\/www.safinel.fr\/vitamine-c-peau-noire\/#breadcrumb","itemListElement":[{"@type":"ListItem","position":1,"name":"Accueil","item":"https:\/\/www.safinel.fr\/"},{"@type":"ListItem","position":2,"name":"Vitamine C pour peau noire : un alli\u00e9 pr\u00e9cieux pour une peau \u00e9clatante"}]},{"@type":"WebSite","@id":"https:\/\/www.safinel.fr\/#website","url":"https:\/\/www.safinel.fr\/","name":"Safinel","description":"","publisher":{"@id":"https:\/\/www.safinel.fr\/#organization"},"potentialAction":[{"@type":"SearchAction","target":{"@type":"EntryPoint","urlTemplate":"https:\/\/www.safinel.fr\/?s={search_term_string}"},"query-input":{"@type":"PropertyValueSpecification","valueRequired":true,"valueName":"search_term_string"}}],"inLanguage":"de"},{"@type":"Organization","@id":"https:\/\/www.safinel.fr\/#organization","name":"Safinel","url":"https:\/\/www.safinel.fr\/","logo":{"@type":"ImageObject","inLanguage":"de","@id":"https:\/\/www.safinel.fr\/#\/schema\/logo\/image\/","url":"https:\/\/www.safinel.fr\/wp-content\/uploads\/2021\/05\/boutique-cosmetique.png","contentUrl":"https:\/\/www.safinel.fr\/wp-content\/uploads\/2021\/05\/boutique-cosmetique.png","width":800,"height":200,"caption":"Safinel"},"image":{"@id":"https:\/\/www.safinel.fr\/#\/schema\/logo\/image\/"}},{"@type":"Person","@id":"https:\/\/www.safinel.fr\/#\/schema\/person\/721a83294300152db59954bbb2f0fcc5","name":"Safinel-Shop","image":{"@type":"ImageObject","inLanguage":"de","@id":"https:\/\/www.safinel.fr\/#\/schema\/person\/image\/","url":"https:\/\/secure.gravatar.com\/avatar\/f68981bb0c0938d0f69d6a4651de60c9260d8f0f22d18b1520c25e25d86b5057?s=96&d=mm&r=g","contentUrl":"https:\/\/secure.gravatar.com\/avatar\/f68981bb0c0938d0f69d6a4651de60c9260d8f0f22d18b1520c25e25d86b5057?s=96&d=mm&r=g","caption":"Boutique Safinel"},"sameAs":["https:\/\/www.safinel.fr"],"url":"https:\/\/www.safinel.fr\/de\/author\/boutique-safinel\/"}]}},"_links":{"self":[{"href":"https:\/\/www.safinel.fr\/de\/wp-json\/wp\/v2\/posts\/6011","targetHints":{"allow":["GET"]}}],"collection":[{"href":"https:\/\/www.safinel.fr\/de\/wp-json\/wp\/v2\/posts"}],"about":[{"href":"https:\/\/www.safinel.fr\/de\/wp-json\/wp\/v2\/types\/post"}],"author":[{"embeddable":true,"href":"https:\/\/www.safinel.fr\/de\/wp-json\/wp\/v2\/users\/1"}],"replies":[{"embeddable":true,"href":"https:\/\/www.safinel.fr\/de\/wp-json\/wp\/v2\/comments?post=6011"}],"version-history":[{"count":1,"href":"https:\/\/www.safinel.fr\/de\/wp-json\/wp\/v2\/posts\/6011\/revisions"}],"predecessor-version":[{"id":6014,"href":"https:\/\/www.safinel.fr\/de\/wp-json\/wp\/v2\/posts\/6011\/revisions\/6014"}],"wp:featuredmedia":[{"embeddable":true,"href":"https:\/\/www.safinel.fr\/de\/wp-json\/wp\/v2\/media\/6012"}],"wp:attachment":[{"href":"https:\/\/www.safinel.fr\/de\/wp-json\/wp\/v2\/media?parent=6011"}],"wp:term":[{"taxonomy":"category","embeddable":true,"href":"https:\/\/www.safinel.fr\/de\/wp-json\/wp\/v2\/categories?post=6011"},{"taxonomy":"post_tag","embeddable":true,"href":"https:\/\/www.safinel.fr\/de\/wp-json\/wp\/v2\/tags?post=6011"}],"curies":[{"name":"wp","href":"https:\/\/api.w.org\/{rel}","templated":true}]}}