{"id":5457,"date":"2023-04-12T15:36:44","date_gmt":"2023-04-12T15:36:44","guid":{"rendered":"https:\/\/www.safinel.fr\/?p=5457"},"modified":"2023-04-12T15:36:46","modified_gmt":"2023-04-12T15:36:46","slug":"die-wahre-grose-afrikas","status":"publish","type":"post","link":"https:\/\/www.safinel.fr\/de\/die-wahre-grose-afrikas\/","title":{"rendered":"Die wahre Gr\u00f6\u00dfe Afrikas: eine verkannte und \u00fcberraschende Realit\u00e4t"},"content":{"rendered":"<p>Afrika, dieser facettenreiche Kontinent, wird in Bezug auf seine Fl\u00e4che und seine Vielfalt oft untersch\u00e4tzt. Hier verraten wir Ihnen die wahre Gr\u00f6\u00dfe Afrikas, <strong>eine Zahl, die viel h\u00f6her ist, als man sich vorstellen k\u00f6nnte. Machen Sie sich auf eine \u00dcberraschung gefasst!<\/strong><\/p>\n\n\n\n<h2 class=\"wp-block-heading\" id=\"h-un-continent-d-une-superficie-gigantesque\">Ein Kontinent mit einer gigantischen Fl\u00e4che<\/h2>\n\n\n\n<p>Wussten Sie, dass die Gesamtfl\u00e4che Afrikas betr\u00e4gt\u00a0<strong>30,37 Millionen Quadratkilometer<\/strong>\u00a0? Um diese Angabe besser zu verstehen, vergleichen wir sie mit denen anderer Kontinente und L\u00e4nder der Welt :<\/p>\n\n\n\n<ul class=\"wp-block-list\">\n<li><strong>Russland<\/strong>\u00a0: 17,1 Millionen km\u00b2<\/li>\n\n\n\n<li><strong>China<\/strong>\u00a0: 9,6 Millionen km\u00b2<\/li>\n\n\n\n<li><strong>Vereinigte Staaten<\/strong>\u00a0: 9,5 Millionen km\u00b2<\/li>\n\n\n\n<li><strong>Europa<\/strong>\u00a0: 10,18 Millionen km\u00b2<\/li>\n<\/ul>\n\n\n\n<p>Der Befund ist eindeutig: Afrika ist riesig und \u00fcbertrifft die gro\u00dfen Weltm\u00e4chte fl\u00e4chenm\u00e4\u00dfig bei weitem. <\/p>\n\n\n\n<p>Dennoch, <strong>seine Gr\u00f6\u00dfe wird aufgrund ungenauer kartografischer Darstellungen und der mit dem Kontinent verbundenen Stereotypen oft untersch\u00e4tzt<\/strong>.<\/p>\n\n\n\n<h2 class=\"wp-block-heading\" id=\"h-les-erreurs-de-repr-sentation-cartographique-de-la-taille-de-l-afrique\">Fehler bei der kartografischen Darstellung der Gr\u00f6\u00dfe Afrikas<\/h2>\n\n\n\n<p>Die Hauptursache f\u00fcr diese Fehler liegt in der Mercator-Projektion. <strong>Eine kartografische Technik aus dem 16. Jahrhundert, die bis heute weit verbreitet ist.<\/strong> <\/p>\n\n\n\n<p>Diese Projektion verzerrt die Proportionen und l\u00e4sst die Kontinente kleiner erscheinen, als sie in Wirklichkeit sind.<\/p>\n\n\n\n<h3 class=\"wp-block-heading\" id=\"h-un-exemple-loquent-la-comparaison-avec-les-tats-unis\">Ein anschauliches Beispiel: der Vergleich mit den USA<\/h3>\n\n\n\n<p>Um sich diese Verzerrung vor Augen zu f\u00fchren, gen\u00fcgt es, die Karte Afrikas \u00fcber die der USA zu legen:<\/p>\n\n\n\n<ul class=\"wp-block-list\">\n<li><strong>In \u00e4quatorialen Breitengraden<\/strong>, Afrika ist doppelt so gro\u00df wie die USA.<\/li>\n\n\n\n<li><strong>In den gem\u00e4\u00dfigten Breitengraden<\/strong>, Afrika ist dreimal so gro\u00df wie die USA.<\/li>\n<\/ul>\n\n\n\n<p>In Wirklichkeit ist die Fl\u00e4che Afrikas mehr als dreimal so gro\u00df wie die der Vereinigten Staaten. Es handelt sich also um einen monumentalen Irrtum, der dazu beitr\u00e4gt, die Bedeutung des afrikanischen Kontinents auf der internationalen B\u00fchne herunterzuspielen.<\/p>\n\n\n\n<h2 class=\"wp-block-heading\" id=\"h-les-cons-quences-de-ces-repr-sentations-erron-es\">Die Folgen dieser falschen Darstellungen<\/h2>\n\n\n\n<p>Diese Untersch\u00e4tzung der Gr\u00f6\u00dfe Afrikas hat erhebliche Auswirkungen auf unsere Wahrnehmung der Welt und auf die Beziehungen zwischen den L\u00e4ndern. Zu diesen Auswirkungen geh\u00f6ren :<\/p>\n\n\n\n<ul class=\"wp-block-list\">\n<li><strong>Die Unsichtbarmachung von politischen, wirtschaftlichen und \u00f6kologischen Herausforderungen<\/strong>\u00a0: Wenn man die Gr\u00f6\u00dfe des Kontinents verringert, minimiert man auch die Bedeutung der Herausforderungen, denen er sich stellen muss.<\/li>\n\n\n\n<li><strong>Die Verst\u00e4rkung von Stereotypen<\/strong>\u00a0Die meisten Menschen, die sich mit Afrika besch\u00e4ftigen, haben keine Ahnung von Afrika: Diese reduzierte Sicht auf Afrika tr\u00e4gt dazu bei, vereinfachte und falsche Klischees \u00fcber die Bev\u00f6lkerung, die Geschichte und die Kulturen Afrikas zu verbreiten.<\/li>\n\n\n\n<li><strong>Eine Unkenntnis der afrikanischen Vielfalt<\/strong>\u00a0: Wenn man die geografische Realit\u00e4t des Kontinents ignoriert, entgeht einem sein unglaublicher Reichtum an Kultur, Sprache und Umwelt.<\/li>\n<\/ul>\n\n\n\n<h2 class=\"wp-block-heading\" id=\"h-reconna-tre-la-vraie-taille-de-l-afrique-pour-mieux-comprendre-le-monde\">Die wahre Gr\u00f6\u00dfe Afrikas erkennen, um die Welt besser zu verstehen<\/h2>\n\n\n\n<p>Es ist an der Zeit, unseren Blick auf Afrika zu \u00e4ndern und seine wahre Gr\u00f6\u00dfe zu erkennen. <strong>Dies geschieht, um ihm Gerechtigkeit widerfahren zu lassen und die globalen Herausforderungen besser zu verstehen.<\/strong> Um dies zu erreichen, gibt es einige M\u00f6glichkeiten, die Sie erkunden k\u00f6nnen:<\/p>\n\n\n\n<ul class=\"wp-block-list\">\n<li>Verwendung genauerer kartografischer Darstellungen, wie der Peters-Projektion oder der \u00e4quivalenten Mollweide-Projektion, die die Proportionen zwischen den Kontinenten besser ber\u00fccksichtigen.<\/li>\n\n\n\n<li><strong>die Bev\u00f6lkerung \u00fcber die geografische Realit\u00e4t Afrikas aufkl\u00e4ren<\/strong>\u00a0: In den Schulen die wahre Gr\u00f6\u00dfe des Kontinents lehren, diese Informationen in die Medien und Kommunikationsmittel aufnehmen usw.<\/li>\n\n\n\n<li><strong>F\u00f6rderung der Zusammenarbeit und des Austauschs zwischen den afrikanischen L\u00e4ndern und dem Rest der Welt<\/strong>\u00a0: F\u00f6rderung des innerafrikanischen Handels, Unterst\u00fctzung von kulturellen und wissenschaftlichen Initiativen, F\u00f6rderung von internationalen Partnerschaften usw.<\/li>\n<\/ul>\n\n\n\n<p>Indem sie sich der wahren Gr\u00f6\u00dfe Afrikas bewusst werden, <strong>werden wir besser in der Lage sein, die Herausforderungen zu verstehen, vor denen<\/strong> die sie bew\u00e4ltigen muss, und zusammenzuarbeiten, um eine ausgewogenere und solidarischere Welt aufzubauen. <\/p>\n\n\n\n<p>Warten Sie also nicht l\u00e4nger, sondern teilen Sie diese Information mit Ihrem Umfeld und tragen Sie so zum Umdenken bei!<\/p>","protected":false},"excerpt":{"rendered":"<p>Afrika, dieser facettenreiche Kontinent, wird in Bezug auf seine Fl\u00e4che und seine Vielfalt oft untersch\u00e4tzt. Wir werden Ihnen hier die wahre Gr\u00f6\u00dfe Afrikas enth\u00fcllen, eine Zahl, die viel h\u00f6her ist, als man sich vorstellen kann. Machen Sie sich auf eine \u00dcberraschung gefasst! Ein Kontinent mit einer gigantischen Fl\u00e4che Wussten Sie, dass die Gesamtfl\u00e4che Afrikas 30,37 [...] betr\u00e4gt?","protected":false},"author":1,"featured_media":5458,"comment_status":"closed","ping_status":"closed","sticky":false,"template":"","format":"standard","meta":{"footnotes":""},"categories":[1],"tags":[],"class_list":["post-5457","post","type-post","status-publish","format-standard","has-post-thumbnail","hentry","category-divers"],"yoast_head":"<!-- This site is optimized with the Yoast SEO plugin v26.6 - https:\/\/yoast.com\/wordpress\/plugins\/seo\/ -->\n<title>Taille de l\u2019Afrique I D\u00e9couvrez sa superficie r\u00e9elle dans cet article<\/title>\n<meta name=\"description\" content=\"Nous allons vous r\u00e9v\u00e9ler ici la\u00a0vraie taille de l\u2019Afrique, un chiffre bien plus \u00e9lev\u00e9 que ce que l\u2019on pourrait imaginer. Pr\u00e9parez-vous !\" \/>\n<meta name=\"robots\" content=\"index, follow, max-snippet:-1, max-image-preview:large, max-video-preview:-1\" \/>\n<link rel=\"canonical\" href=\"https:\/\/www.safinel.fr\/de\/die-wahre-grose-afrikas\/\" \/>\n<meta property=\"og:locale\" content=\"de_DE\" \/>\n<meta property=\"og:type\" content=\"article\" \/>\n<meta property=\"og:title\" content=\"Taille de l\u2019Afrique I D\u00e9couvrez sa superficie r\u00e9elle dans cet article\" \/>\n<meta property=\"og:description\" content=\"Nous allons vous r\u00e9v\u00e9ler ici la\u00a0vraie taille de l\u2019Afrique, un chiffre bien plus \u00e9lev\u00e9 que ce que l\u2019on pourrait imaginer. Pr\u00e9parez-vous !\" \/>\n<meta property=\"og:url\" content=\"https:\/\/www.safinel.fr\/de\/die-wahre-grose-afrikas\/\" \/>\n<meta property=\"og:site_name\" content=\"Safinel\" \/>\n<meta property=\"article:published_time\" content=\"2023-04-12T15:36:44+00:00\" \/>\n<meta property=\"article:modified_time\" content=\"2023-04-12T15:36:46+00:00\" \/>\n<meta property=\"og:image\" content=\"https:\/\/www.safinel.fr\/wp-content\/uploads\/2023\/04\/la-vraie-taille-de-lafrique.jpg\" \/>\n\t<meta property=\"og:image:width\" content=\"1100\" \/>\n\t<meta property=\"og:image:height\" content=\"578\" \/>\n\t<meta property=\"og:image:type\" content=\"image\/jpeg\" \/>\n<meta name=\"author\" content=\"Boutique Safinel\" \/>\n<meta name=\"twitter:card\" content=\"summary_large_image\" \/>\n<meta name=\"twitter:label1\" content=\"Verfasst von\" \/>\n\t<meta name=\"twitter:data1\" content=\"Boutique Safinel\" \/>\n\t<meta name=\"twitter:label2\" content=\"Gesch\u00e4tzte Lesezeit\" \/>\n\t<meta name=\"twitter:data2\" content=\"3\u00a0Minuten\" \/>\n<script type=\"application\/ld+json\" class=\"yoast-schema-graph\">{\"@context\":\"https:\/\/schema.org\",\"@graph\":[{\"@type\":\"Article\",\"@id\":\"https:\/\/www.safinel.fr\/la-vraie-taille-de-lafrique\/#article\",\"isPartOf\":{\"@id\":\"https:\/\/www.safinel.fr\/la-vraie-taille-de-lafrique\/\"},\"author\":{\"name\":\"Boutique Safinel\",\"@id\":\"https:\/\/www.safinel.fr\/#\/schema\/person\/721a83294300152db59954bbb2f0fcc5\"},\"headline\":\"La vraie taille de l&rsquo;Afrique : une r\u00e9alit\u00e9 m\u00e9connue et surprenante\",\"datePublished\":\"2023-04-12T15:36:44+00:00\",\"dateModified\":\"2023-04-12T15:36:46+00:00\",\"mainEntityOfPage\":{\"@id\":\"https:\/\/www.safinel.fr\/la-vraie-taille-de-lafrique\/\"},\"wordCount\":644,\"publisher\":{\"@id\":\"https:\/\/www.safinel.fr\/#organization\"},\"image\":{\"@id\":\"https:\/\/www.safinel.fr\/la-vraie-taille-de-lafrique\/#primaryimage\"},\"thumbnailUrl\":\"https:\/\/www.safinel.fr\/wp-content\/uploads\/2023\/04\/la-vraie-taille-de-lafrique.jpg\",\"articleSection\":[\"Divers\"],\"inLanguage\":\"de\"},{\"@type\":\"WebPage\",\"@id\":\"https:\/\/www.safinel.fr\/la-vraie-taille-de-lafrique\/\",\"url\":\"https:\/\/www.safinel.fr\/la-vraie-taille-de-lafrique\/\",\"name\":\"Taille de l\u2019Afrique I D\u00e9couvrez sa superficie r\u00e9elle dans cet article\",\"isPartOf\":{\"@id\":\"https:\/\/www.safinel.fr\/#website\"},\"primaryImageOfPage\":{\"@id\":\"https:\/\/www.safinel.fr\/la-vraie-taille-de-lafrique\/#primaryimage\"},\"image\":{\"@id\":\"https:\/\/www.safinel.fr\/la-vraie-taille-de-lafrique\/#primaryimage\"},\"thumbnailUrl\":\"https:\/\/www.safinel.fr\/wp-content\/uploads\/2023\/04\/la-vraie-taille-de-lafrique.jpg\",\"datePublished\":\"2023-04-12T15:36:44+00:00\",\"dateModified\":\"2023-04-12T15:36:46+00:00\",\"description\":\"Nous allons vous r\u00e9v\u00e9ler ici la\u00a0vraie taille de l\u2019Afrique, un chiffre bien plus \u00e9lev\u00e9 que ce que l\u2019on pourrait imaginer. Pr\u00e9parez-vous !\",\"breadcrumb\":{\"@id\":\"https:\/\/www.safinel.fr\/la-vraie-taille-de-lafrique\/#breadcrumb\"},\"inLanguage\":\"de\",\"potentialAction\":[{\"@type\":\"ReadAction\",\"target\":[\"https:\/\/www.safinel.fr\/la-vraie-taille-de-lafrique\/\"]}]},{\"@type\":\"ImageObject\",\"inLanguage\":\"de\",\"@id\":\"https:\/\/www.safinel.fr\/la-vraie-taille-de-lafrique\/#primaryimage\",\"url\":\"https:\/\/www.safinel.fr\/wp-content\/uploads\/2023\/04\/la-vraie-taille-de-lafrique.jpg\",\"contentUrl\":\"https:\/\/www.safinel.fr\/wp-content\/uploads\/2023\/04\/la-vraie-taille-de-lafrique.jpg\",\"width\":1100,\"height\":578,\"caption\":\"La vraie taille de l'Afrique : une r\u00e9alit\u00e9 m\u00e9connue et surprenante\"},{\"@type\":\"BreadcrumbList\",\"@id\":\"https:\/\/www.safinel.fr\/la-vraie-taille-de-lafrique\/#breadcrumb\",\"itemListElement\":[{\"@type\":\"ListItem\",\"position\":1,\"name\":\"Accueil\",\"item\":\"https:\/\/www.safinel.fr\/\"},{\"@type\":\"ListItem\",\"position\":2,\"name\":\"La vraie taille de l&#8217;Afrique : une r\u00e9alit\u00e9 m\u00e9connue et surprenante\"}]},{\"@type\":\"WebSite\",\"@id\":\"https:\/\/www.safinel.fr\/#website\",\"url\":\"https:\/\/www.safinel.fr\/\",\"name\":\"Safinel\",\"description\":\"\",\"publisher\":{\"@id\":\"https:\/\/www.safinel.fr\/#organization\"},\"potentialAction\":[{\"@type\":\"SearchAction\",\"target\":{\"@type\":\"EntryPoint\",\"urlTemplate\":\"https:\/\/www.safinel.fr\/?s={search_term_string}\"},\"query-input\":{\"@type\":\"PropertyValueSpecification\",\"valueRequired\":true,\"valueName\":\"search_term_string\"}}],\"inLanguage\":\"de\"},{\"@type\":\"Organization\",\"@id\":\"https:\/\/www.safinel.fr\/#organization\",\"name\":\"Safinel\",\"url\":\"https:\/\/www.safinel.fr\/\",\"logo\":{\"@type\":\"ImageObject\",\"inLanguage\":\"de\",\"@id\":\"https:\/\/www.safinel.fr\/#\/schema\/logo\/image\/\",\"url\":\"https:\/\/www.safinel.fr\/wp-content\/uploads\/2021\/05\/boutique-cosmetique.png\",\"contentUrl\":\"https:\/\/www.safinel.fr\/wp-content\/uploads\/2021\/05\/boutique-cosmetique.png\",\"width\":800,\"height\":200,\"caption\":\"Safinel\"},\"image\":{\"@id\":\"https:\/\/www.safinel.fr\/#\/schema\/logo\/image\/\"}},{\"@type\":\"Person\",\"@id\":\"https:\/\/www.safinel.fr\/#\/schema\/person\/721a83294300152db59954bbb2f0fcc5\",\"name\":\"Boutique Safinel\",\"image\":{\"@type\":\"ImageObject\",\"inLanguage\":\"de\",\"@id\":\"https:\/\/www.safinel.fr\/#\/schema\/person\/image\/\",\"url\":\"https:\/\/secure.gravatar.com\/avatar\/f68981bb0c0938d0f69d6a4651de60c9260d8f0f22d18b1520c25e25d86b5057?s=96&d=mm&r=g\",\"contentUrl\":\"https:\/\/secure.gravatar.com\/avatar\/f68981bb0c0938d0f69d6a4651de60c9260d8f0f22d18b1520c25e25d86b5057?s=96&d=mm&r=g\",\"caption\":\"Boutique Safinel\"},\"sameAs\":[\"https:\/\/www.safinel.fr\"],\"url\":\"https:\/\/www.safinel.fr\/de\/author\/boutique-safinel\/\"}]}<\/script>\n<!-- \/ Yoast SEO plugin. -->","yoast_head_json":{"title":"Gr\u00f6\u00dfe Afrikas I Entdecken Sie die tats\u00e4chliche Fl\u00e4che in diesem Artikel","description":"Wir werden Ihnen hier die wahre Gr\u00f6\u00dfe Afrikas enth\u00fcllen, eine Zahl, die viel gr\u00f6\u00dfer ist, als man sich vorstellen kann. Machen Sie sich bereit!","robots":{"index":"index","follow":"follow","max-snippet":"max-snippet:-1","max-image-preview":"max-image-preview:large","max-video-preview":"max-video-preview:-1"},"canonical":"https:\/\/www.safinel.fr\/de\/die-wahre-grose-afrikas\/","og_locale":"de_DE","og_type":"article","og_title":"Taille de l\u2019Afrique I D\u00e9couvrez sa superficie r\u00e9elle dans cet article","og_description":"Nous allons vous r\u00e9v\u00e9ler ici la\u00a0vraie taille de l\u2019Afrique, un chiffre bien plus \u00e9lev\u00e9 que ce que l\u2019on pourrait imaginer. Pr\u00e9parez-vous !","og_url":"https:\/\/www.safinel.fr\/de\/die-wahre-grose-afrikas\/","og_site_name":"Safinel","article_published_time":"2023-04-12T15:36:44+00:00","article_modified_time":"2023-04-12T15:36:46+00:00","og_image":[{"width":1100,"height":578,"url":"https:\/\/www.safinel.fr\/wp-content\/uploads\/2023\/04\/la-vraie-taille-de-lafrique.jpg","type":"image\/jpeg"}],"author":"Boutique Safinel","twitter_card":"summary_large_image","twitter_misc":{"Verfasst von":"Boutique Safinel","Gesch\u00e4tzte Lesezeit":"3\u00a0Minuten"},"schema":{"@context":"https:\/\/schema.org","@graph":[{"@type":"Article","@id":"https:\/\/www.safinel.fr\/la-vraie-taille-de-lafrique\/#article","isPartOf":{"@id":"https:\/\/www.safinel.fr\/la-vraie-taille-de-lafrique\/"},"author":{"name":"Boutique Safinel","@id":"https:\/\/www.safinel.fr\/#\/schema\/person\/721a83294300152db59954bbb2f0fcc5"},"headline":"La vraie taille de l&rsquo;Afrique : une r\u00e9alit\u00e9 m\u00e9connue et surprenante","datePublished":"2023-04-12T15:36:44+00:00","dateModified":"2023-04-12T15:36:46+00:00","mainEntityOfPage":{"@id":"https:\/\/www.safinel.fr\/la-vraie-taille-de-lafrique\/"},"wordCount":644,"publisher":{"@id":"https:\/\/www.safinel.fr\/#organization"},"image":{"@id":"https:\/\/www.safinel.fr\/la-vraie-taille-de-lafrique\/#primaryimage"},"thumbnailUrl":"https:\/\/www.safinel.fr\/wp-content\/uploads\/2023\/04\/la-vraie-taille-de-lafrique.jpg","articleSection":["Divers"],"inLanguage":"de"},{"@type":"WebPage","@id":"https:\/\/www.safinel.fr\/la-vraie-taille-de-lafrique\/","url":"https:\/\/www.safinel.fr\/la-vraie-taille-de-lafrique\/","name":"Gr\u00f6\u00dfe Afrikas I Entdecken Sie die tats\u00e4chliche Fl\u00e4che in diesem Artikel","isPartOf":{"@id":"https:\/\/www.safinel.fr\/#website"},"primaryImageOfPage":{"@id":"https:\/\/www.safinel.fr\/la-vraie-taille-de-lafrique\/#primaryimage"},"image":{"@id":"https:\/\/www.safinel.fr\/la-vraie-taille-de-lafrique\/#primaryimage"},"thumbnailUrl":"https:\/\/www.safinel.fr\/wp-content\/uploads\/2023\/04\/la-vraie-taille-de-lafrique.jpg","datePublished":"2023-04-12T15:36:44+00:00","dateModified":"2023-04-12T15:36:46+00:00","description":"Wir werden Ihnen hier die wahre Gr\u00f6\u00dfe Afrikas enth\u00fcllen, eine Zahl, die viel gr\u00f6\u00dfer ist, als man sich vorstellen kann. Machen Sie sich bereit!","breadcrumb":{"@id":"https:\/\/www.safinel.fr\/la-vraie-taille-de-lafrique\/#breadcrumb"},"inLanguage":"de","potentialAction":[{"@type":"ReadAction","target":["https:\/\/www.safinel.fr\/la-vraie-taille-de-lafrique\/"]}]},{"@type":"ImageObject","inLanguage":"de","@id":"https:\/\/www.safinel.fr\/la-vraie-taille-de-lafrique\/#primaryimage","url":"https:\/\/www.safinel.fr\/wp-content\/uploads\/2023\/04\/la-vraie-taille-de-lafrique.jpg","contentUrl":"https:\/\/www.safinel.fr\/wp-content\/uploads\/2023\/04\/la-vraie-taille-de-lafrique.jpg","width":1100,"height":578,"caption":"La vraie taille de l'Afrique : une r\u00e9alit\u00e9 m\u00e9connue et surprenante"},{"@type":"BreadcrumbList","@id":"https:\/\/www.safinel.fr\/la-vraie-taille-de-lafrique\/#breadcrumb","itemListElement":[{"@type":"ListItem","position":1,"name":"Accueil","item":"https:\/\/www.safinel.fr\/"},{"@type":"ListItem","position":2,"name":"La vraie taille de l&#8217;Afrique : une r\u00e9alit\u00e9 m\u00e9connue et surprenante"}]},{"@type":"WebSite","@id":"https:\/\/www.safinel.fr\/#website","url":"https:\/\/www.safinel.fr\/","name":"Safinel","description":"","publisher":{"@id":"https:\/\/www.safinel.fr\/#organization"},"potentialAction":[{"@type":"SearchAction","target":{"@type":"EntryPoint","urlTemplate":"https:\/\/www.safinel.fr\/?s={search_term_string}"},"query-input":{"@type":"PropertyValueSpecification","valueRequired":true,"valueName":"search_term_string"}}],"inLanguage":"de"},{"@type":"Organization","@id":"https:\/\/www.safinel.fr\/#organization","name":"Safinel","url":"https:\/\/www.safinel.fr\/","logo":{"@type":"ImageObject","inLanguage":"de","@id":"https:\/\/www.safinel.fr\/#\/schema\/logo\/image\/","url":"https:\/\/www.safinel.fr\/wp-content\/uploads\/2021\/05\/boutique-cosmetique.png","contentUrl":"https:\/\/www.safinel.fr\/wp-content\/uploads\/2021\/05\/boutique-cosmetique.png","width":800,"height":200,"caption":"Safinel"},"image":{"@id":"https:\/\/www.safinel.fr\/#\/schema\/logo\/image\/"}},{"@type":"Person","@id":"https:\/\/www.safinel.fr\/#\/schema\/person\/721a83294300152db59954bbb2f0fcc5","name":"Safinel-Shop","image":{"@type":"ImageObject","inLanguage":"de","@id":"https:\/\/www.safinel.fr\/#\/schema\/person\/image\/","url":"https:\/\/secure.gravatar.com\/avatar\/f68981bb0c0938d0f69d6a4651de60c9260d8f0f22d18b1520c25e25d86b5057?s=96&d=mm&r=g","contentUrl":"https:\/\/secure.gravatar.com\/avatar\/f68981bb0c0938d0f69d6a4651de60c9260d8f0f22d18b1520c25e25d86b5057?s=96&d=mm&r=g","caption":"Boutique Safinel"},"sameAs":["https:\/\/www.safinel.fr"],"url":"https:\/\/www.safinel.fr\/de\/author\/boutique-safinel\/"}]}},"_links":{"self":[{"href":"https:\/\/www.safinel.fr\/de\/wp-json\/wp\/v2\/posts\/5457","targetHints":{"allow":["GET"]}}],"collection":[{"href":"https:\/\/www.safinel.fr\/de\/wp-json\/wp\/v2\/posts"}],"about":[{"href":"https:\/\/www.safinel.fr\/de\/wp-json\/wp\/v2\/types\/post"}],"author":[{"embeddable":true,"href":"https:\/\/www.safinel.fr\/de\/wp-json\/wp\/v2\/users\/1"}],"replies":[{"embeddable":true,"href":"https:\/\/www.safinel.fr\/de\/wp-json\/wp\/v2\/comments?post=5457"}],"version-history":[{"count":1,"href":"https:\/\/www.safinel.fr\/de\/wp-json\/wp\/v2\/posts\/5457\/revisions"}],"predecessor-version":[{"id":5459,"href":"https:\/\/www.safinel.fr\/de\/wp-json\/wp\/v2\/posts\/5457\/revisions\/5459"}],"wp:featuredmedia":[{"embeddable":true,"href":"https:\/\/www.safinel.fr\/de\/wp-json\/wp\/v2\/media\/5458"}],"wp:attachment":[{"href":"https:\/\/www.safinel.fr\/de\/wp-json\/wp\/v2\/media?parent=5457"}],"wp:term":[{"taxonomy":"category","embeddable":true,"href":"https:\/\/www.safinel.fr\/de\/wp-json\/wp\/v2\/categories?post=5457"},{"taxonomy":"post_tag","embeddable":true,"href":"https:\/\/www.safinel.fr\/de\/wp-json\/wp\/v2\/tags?post=5457"}],"curies":[{"name":"wp","href":"https:\/\/api.w.org\/{rel}","templated":true}]}}