{"id":3258,"date":"2022-10-21T18:43:27","date_gmt":"2022-10-21T18:43:27","guid":{"rendered":"https:\/\/www.safinel.fr\/?p=3258"},"modified":"2022-10-21T18:43:31","modified_gmt":"2022-10-21T18:43:31","slug":"afrikanische-wuste","status":"publish","type":"post","link":"https:\/\/www.safinel.fr\/de\/afrikanische-wuste\/","title":{"rendered":"Tour d'horizon \u00fcber die afrikanische W\u00fcste"},"content":{"rendered":"<p>Wir laden Sie heute zu einem<strong>&nbsp;rundgang \u00fcber die afrikanische w\u00fcste<\/strong>. Wenn man spricht&nbsp;<strong>W\u00fcste in Afrika<\/strong>, In diesem Zusammenhang ist besonders der&nbsp;<strong>Sahara<\/strong>. Sie ist extrem ber\u00fchmt, aber nicht der einzige W\u00fcstenort auf dem Kontinent. Wir machen uns auf den Weg zu einigen au\u00dfergew\u00f6hnlichen Entdeckungen und lernen die Tier- und Pflanzenwelt der Umgebung kennen...<\/p>\n\n\n\n<h2 class=\"wp-block-heading\" id=\"h-le-d-sert-africain-l-image-de-son-continent-une-perle-de-la-nature\"><strong>Die afrikanische W\u00fcste als Spiegelbild ihres Kontinents: eine Perle der Natur&nbsp;<\/strong><\/h2>\n\n\n\n<p>Oft als die afrikanische W\u00fcste bezeichnet, ist das&nbsp;<strong>Sahara<\/strong>&nbsp;steht nat\u00fcrlich ganz oben auf der Liste. Die Sahara... das ist ein Name, der einen tr\u00e4umen l\u00e4sst, der von einem gewissen Geheimnis gepr\u00e4gt ist und der Lust darauf macht, entdeckt zu werden! Man muss sagen, dass diese riesige<strong>&nbsp;W\u00fcstenort&nbsp;<\/strong>ist der symboltr\u00e4chtigste und bekannteste der Welt! Er geh\u00f6rt \u00fcbrigens zu den&nbsp;<strong>Die 10 sch\u00f6nsten W\u00fcsten der Welt<\/strong>, Das ist nur einer davon.  Au\u00dferdem ist er mit \u00fcber 8 Millionen Quadratkilometern der gr\u00f6\u00dfte der Welt und erstreckt sich \u00fcber 10 L\u00e4nder, von Mauretanien bis zum Sudan.<\/p>\n\n\n\n<p>Die Wei\u00dfe W\u00fcste, die in \u00c4gypten westlich des Nils liegt, ist ebenfalls Teil der Sahara. Sie tr\u00e4gt ihren Namen, weil sie eine sehr helle Farbe hat und fast wie mit einem wei\u00dfen Schneebett bedeckt ist. Das liegt an der Kreide im Boden, die durch den Wind zu geheimnisvollen und atemberaubenden Skulpturen geformt wird.<\/p>\n\n\n\n<p>Dar\u00fcber hinaus kann man den&nbsp;<strong>Namib-W\u00fcste,&nbsp;<\/strong>in Namibia, das auch den Namen des Landes \u00fcbernommen hat. Es gilt als<strong>&nbsp;der \u00e4lteste der Welt.&nbsp;<\/strong>Man findet ihn seit 2013 als UNESCO-Weltkulturerbe.<\/p>\n\n\n\n<h3 class=\"wp-block-heading\"><strong>Schlie\u00dflich bedeutet die afrikanische W\u00fcste auch :<\/strong><\/h3>\n\n\n\n<ul class=\"wp-block-list\"><li>der Kahalari, der durch Botswana, S\u00fcdafrika und Namibia flie\u00dft<\/li><li>Grand Bara und Petit Bar, in Dschibuti&nbsp;<\/li><li>Chalbi, in Kenia&nbsp;<\/li><li>Lompoul, Senegal&nbsp;<\/li><\/ul>\n\n\n\n<h2 class=\"wp-block-heading\"><strong>Welche Tiere findet man in der afrikanischen W\u00fcste?&nbsp;<\/strong><\/h2>\n\n\n\n<p>Untypische Landschaft, schw\u00fcle Hitze, brennende Sonne und seltene Wasserfl\u00e4chen... Tags\u00fcber k\u00f6nnen die Temperaturen auf 54\u00b0 C steigen. Nachts ist das Klima ebenfalls rau, was mit Nachtfr\u00f6sten zusammenh\u00e4ngt. Au\u00dferdem kann es zu Sandst\u00fcrmen und seltenen sintflutartigen Regenf\u00e4llen kommen. Auf den ersten Blick deutet nichts auf die Anwesenheit von Tieren und Insekten hin. Und doch gibt es in der afrikanischen W\u00fcste Leben.<\/p>\n\n\n\n<p>So lassen sich viele unglaubliche Tierarten finden, die sich zum Teil im Laufe der Evolution anpassen mussten - und es auch konnten.<\/p>\n\n\n\n<ul class=\"wp-block-list\"><li>Der Fennec&nbsp;<\/li><li>Skorpion Leiurus quinquestriatus, der \u00fcbrigens eine der giftigsten Arten der Welt ist&nbsp;<\/li><li>Gazelle&nbsp;<\/li><li>Sandviper, auch Hornviper genannt&nbsp;<\/li><li>Kamel&nbsp;<\/li><li>Varan&nbsp;<\/li><li>Addax&nbsp;<\/li><li>Oder schlie\u00dflich die Steppenrennmaus&nbsp;<\/li><\/ul>\n\n\n\n<h3 class=\"wp-block-heading\"><strong>Wie sieht es mit Pflanzen aus?&nbsp;<\/strong><\/h3>\n\n\n\n<p>Wo es Tiere gibt, gibt es unweigerlich auch Pflanzen. Dementsprechend findet man in der afrikanischen W\u00fcste einige Pflanzenarten :<\/p>\n\n\n\n<ul class=\"wp-block-list\"><li>Akazie\u00a0<\/li><li><strong><a href=\"https:\/\/www.safinel.fr\/de\/product-2\/daghmous-honig\/\">Euphorbia<\/a><\/strong>\u00a0<\/li><li>Koloquinte\u00a0<\/li><li>Beifu\u00df\u00a0<\/li><li>Dattelpalme<\/li><li>W\u00fcstenkohl\u00a0<\/li><li>Tamaris<\/li><li>Wilde Kamille\u00a0<\/li><\/ul>\n\n\n\n<p>Nat\u00fcrlich sind all diese Listen nicht ersch\u00f6pfend und es k\u00f6nnten noch viele weitere Tier- und Pflanzenarten hinzugef\u00fcgt werden. Die Natur hat uns viel zu lehren, und wir werden immer wieder aufs Neue staunen, wenn wir sie entdecken...<\/p>","protected":false},"excerpt":{"rendered":"<p>Wir laden Sie heute zu einem \u00dcberblick \u00fcber die afrikanische W\u00fcste ein. Wenn man von der afrikanischen W\u00fcste spricht, denkt man vor allem an die Sahara. Sie ist extrem ber\u00fchmt, aber nicht der einzige W\u00fcstenort auf dem Kontinent. Lassen Sie uns einige au\u00dfergew\u00f6hnliche Entdeckungen machen und die Tier- und Pflanzenwelt der Umgebung kennenlernen... Die afrikanische W\u00fcste im Bild [...].","protected":false},"author":156,"featured_media":3259,"comment_status":"closed","ping_status":"closed","sticky":false,"template":"","format":"standard","meta":{"footnotes":""},"categories":[1],"tags":[],"class_list":["post-3258","post","type-post","status-publish","format-standard","has-post-thumbnail","hentry","category-divers"],"yoast_head":"<!-- This site is optimized with the Yoast SEO plugin v26.6 - https:\/\/yoast.com\/wordpress\/plugins\/seo\/ -->\n<title>D\u00e9sert africain I Tour d\u2019horizon dans cet article<\/title>\n<meta name=\"description\" content=\"On vous invite aujourd\u2019hui \u00e0 faire un tour d\u2019horizon sur le d\u00e9sert africain. Quand on parle d\u00e9sert d\u2019Afrique, on pense notamment au Sahara.\" \/>\n<meta name=\"robots\" content=\"index, follow, max-snippet:-1, max-image-preview:large, max-video-preview:-1\" \/>\n<link rel=\"canonical\" href=\"https:\/\/www.safinel.fr\/de\/afrikanische-wuste\/\" \/>\n<meta property=\"og:locale\" content=\"de_DE\" \/>\n<meta property=\"og:type\" content=\"article\" \/>\n<meta property=\"og:title\" content=\"D\u00e9sert africain I Tour d\u2019horizon dans cet article\" \/>\n<meta property=\"og:description\" content=\"On vous invite aujourd\u2019hui \u00e0 faire un tour d\u2019horizon sur le d\u00e9sert africain. Quand on parle d\u00e9sert d\u2019Afrique, on pense notamment au Sahara.\" \/>\n<meta property=\"og:url\" content=\"https:\/\/www.safinel.fr\/de\/afrikanische-wuste\/\" \/>\n<meta property=\"og:site_name\" content=\"Safinel\" \/>\n<meta property=\"article:published_time\" content=\"2022-10-21T18:43:27+00:00\" \/>\n<meta property=\"article:modified_time\" content=\"2022-10-21T18:43:31+00:00\" \/>\n<meta property=\"og:image\" content=\"https:\/\/www.safinel.fr\/wp-content\/uploads\/2022\/10\/Tour-dhorizon-sur-le-de\u0301sert-africain-.jpg\" \/>\n\t<meta property=\"og:image:width\" content=\"1100\" \/>\n\t<meta property=\"og:image:height\" content=\"578\" \/>\n\t<meta property=\"og:image:type\" content=\"image\/jpeg\" \/>\n<meta name=\"author\" content=\"Naj\" \/>\n<meta name=\"twitter:card\" content=\"summary_large_image\" \/>\n<meta name=\"twitter:label1\" content=\"Verfasst von\" \/>\n\t<meta name=\"twitter:data1\" content=\"Naj\" \/>\n\t<meta name=\"twitter:label2\" content=\"Gesch\u00e4tzte Lesezeit\" \/>\n\t<meta name=\"twitter:data2\" content=\"3\u00a0Minuten\" \/>\n<script type=\"application\/ld+json\" class=\"yoast-schema-graph\">{\"@context\":\"https:\/\/schema.org\",\"@graph\":[{\"@type\":\"Article\",\"@id\":\"https:\/\/www.safinel.fr\/desert-africain\/#article\",\"isPartOf\":{\"@id\":\"https:\/\/www.safinel.fr\/desert-africain\/\"},\"author\":{\"name\":\"Naj\",\"@id\":\"https:\/\/www.safinel.fr\/#\/schema\/person\/47f7357f8aa8a41a796811d3f8a3e055\"},\"headline\":\"Tour d\u2019horizon sur le d\u00e9sert africain\",\"datePublished\":\"2022-10-21T18:43:27+00:00\",\"dateModified\":\"2022-10-21T18:43:31+00:00\",\"mainEntityOfPage\":{\"@id\":\"https:\/\/www.safinel.fr\/desert-africain\/\"},\"wordCount\":613,\"publisher\":{\"@id\":\"https:\/\/www.safinel.fr\/#organization\"},\"image\":{\"@id\":\"https:\/\/www.safinel.fr\/desert-africain\/#primaryimage\"},\"thumbnailUrl\":\"https:\/\/www.safinel.fr\/wp-content\/uploads\/2022\/10\/Tour-dhorizon-sur-le-de\u0301sert-africain-.jpg\",\"articleSection\":[\"Divers\"],\"inLanguage\":\"de\"},{\"@type\":\"WebPage\",\"@id\":\"https:\/\/www.safinel.fr\/desert-africain\/\",\"url\":\"https:\/\/www.safinel.fr\/desert-africain\/\",\"name\":\"D\u00e9sert africain I Tour d\u2019horizon dans cet article\",\"isPartOf\":{\"@id\":\"https:\/\/www.safinel.fr\/#website\"},\"primaryImageOfPage\":{\"@id\":\"https:\/\/www.safinel.fr\/desert-africain\/#primaryimage\"},\"image\":{\"@id\":\"https:\/\/www.safinel.fr\/desert-africain\/#primaryimage\"},\"thumbnailUrl\":\"https:\/\/www.safinel.fr\/wp-content\/uploads\/2022\/10\/Tour-dhorizon-sur-le-de\u0301sert-africain-.jpg\",\"datePublished\":\"2022-10-21T18:43:27+00:00\",\"dateModified\":\"2022-10-21T18:43:31+00:00\",\"description\":\"On vous invite aujourd\u2019hui \u00e0 faire un tour d\u2019horizon sur le d\u00e9sert africain. Quand on parle d\u00e9sert d\u2019Afrique, on pense notamment au Sahara.\",\"breadcrumb\":{\"@id\":\"https:\/\/www.safinel.fr\/desert-africain\/#breadcrumb\"},\"inLanguage\":\"de\",\"potentialAction\":[{\"@type\":\"ReadAction\",\"target\":[\"https:\/\/www.safinel.fr\/desert-africain\/\"]}]},{\"@type\":\"ImageObject\",\"inLanguage\":\"de\",\"@id\":\"https:\/\/www.safinel.fr\/desert-africain\/#primaryimage\",\"url\":\"https:\/\/www.safinel.fr\/wp-content\/uploads\/2022\/10\/Tour-dhorizon-sur-le-de\u0301sert-africain-.jpg\",\"contentUrl\":\"https:\/\/www.safinel.fr\/wp-content\/uploads\/2022\/10\/Tour-dhorizon-sur-le-de\u0301sert-africain-.jpg\",\"width\":1100,\"height\":578,\"caption\":\"Tour d\u2019horizon sur le d\u00e9sert africain\"},{\"@type\":\"BreadcrumbList\",\"@id\":\"https:\/\/www.safinel.fr\/desert-africain\/#breadcrumb\",\"itemListElement\":[{\"@type\":\"ListItem\",\"position\":1,\"name\":\"Accueil\",\"item\":\"https:\/\/www.safinel.fr\/\"},{\"@type\":\"ListItem\",\"position\":2,\"name\":\"Tour d\u2019horizon sur le d\u00e9sert africain\"}]},{\"@type\":\"WebSite\",\"@id\":\"https:\/\/www.safinel.fr\/#website\",\"url\":\"https:\/\/www.safinel.fr\/\",\"name\":\"Safinel\",\"description\":\"\",\"publisher\":{\"@id\":\"https:\/\/www.safinel.fr\/#organization\"},\"potentialAction\":[{\"@type\":\"SearchAction\",\"target\":{\"@type\":\"EntryPoint\",\"urlTemplate\":\"https:\/\/www.safinel.fr\/?s={search_term_string}\"},\"query-input\":{\"@type\":\"PropertyValueSpecification\",\"valueRequired\":true,\"valueName\":\"search_term_string\"}}],\"inLanguage\":\"de\"},{\"@type\":\"Organization\",\"@id\":\"https:\/\/www.safinel.fr\/#organization\",\"name\":\"Safinel\",\"url\":\"https:\/\/www.safinel.fr\/\",\"logo\":{\"@type\":\"ImageObject\",\"inLanguage\":\"de\",\"@id\":\"https:\/\/www.safinel.fr\/#\/schema\/logo\/image\/\",\"url\":\"https:\/\/www.safinel.fr\/wp-content\/uploads\/2021\/05\/boutique-cosmetique.png\",\"contentUrl\":\"https:\/\/www.safinel.fr\/wp-content\/uploads\/2021\/05\/boutique-cosmetique.png\",\"width\":800,\"height\":200,\"caption\":\"Safinel\"},\"image\":{\"@id\":\"https:\/\/www.safinel.fr\/#\/schema\/logo\/image\/\"}},{\"@type\":\"Person\",\"@id\":\"https:\/\/www.safinel.fr\/#\/schema\/person\/47f7357f8aa8a41a796811d3f8a3e055\",\"name\":\"Naj\",\"image\":{\"@type\":\"ImageObject\",\"inLanguage\":\"de\",\"@id\":\"https:\/\/www.safinel.fr\/#\/schema\/person\/image\/\",\"url\":\"https:\/\/secure.gravatar.com\/avatar\/5c0fa4f0bce748d4964b7d68e4b0ee1d8e3120edba58a55893ced967bd2093b5?s=96&d=mm&r=g\",\"contentUrl\":\"https:\/\/secure.gravatar.com\/avatar\/5c0fa4f0bce748d4964b7d68e4b0ee1d8e3120edba58a55893ced967bd2093b5?s=96&d=mm&r=g\",\"caption\":\"Naj\"},\"url\":\"https:\/\/www.safinel.fr\/de\/author\/naj\/\"}]}<\/script>\n<!-- \/ Yoast SEO plugin. -->","yoast_head_json":{"title":"Afrikanische W\u00fcste I Tour d'horizon in diesem Artikel","description":"Wir laden Sie heute zu einem \u00dcberblick \u00fcber die afrikanische W\u00fcste ein. Wenn man von der afrikanischen W\u00fcste spricht, denkt man vor allem an die Sahara.","robots":{"index":"index","follow":"follow","max-snippet":"max-snippet:-1","max-image-preview":"max-image-preview:large","max-video-preview":"max-video-preview:-1"},"canonical":"https:\/\/www.safinel.fr\/de\/afrikanische-wuste\/","og_locale":"de_DE","og_type":"article","og_title":"D\u00e9sert africain I Tour d\u2019horizon dans cet article","og_description":"On vous invite aujourd\u2019hui \u00e0 faire un tour d\u2019horizon sur le d\u00e9sert africain. Quand on parle d\u00e9sert d\u2019Afrique, on pense notamment au Sahara.","og_url":"https:\/\/www.safinel.fr\/de\/afrikanische-wuste\/","og_site_name":"Safinel","article_published_time":"2022-10-21T18:43:27+00:00","article_modified_time":"2022-10-21T18:43:31+00:00","og_image":[{"width":1100,"height":578,"url":"https:\/\/www.safinel.fr\/wp-content\/uploads\/2022\/10\/Tour-dhorizon-sur-le-de\u0301sert-africain-.jpg","type":"image\/jpeg"}],"author":"Naj","twitter_card":"summary_large_image","twitter_misc":{"Verfasst von":"Naj","Gesch\u00e4tzte Lesezeit":"3\u00a0Minuten"},"schema":{"@context":"https:\/\/schema.org","@graph":[{"@type":"Article","@id":"https:\/\/www.safinel.fr\/desert-africain\/#article","isPartOf":{"@id":"https:\/\/www.safinel.fr\/desert-africain\/"},"author":{"name":"Naj","@id":"https:\/\/www.safinel.fr\/#\/schema\/person\/47f7357f8aa8a41a796811d3f8a3e055"},"headline":"Tour d\u2019horizon sur le d\u00e9sert africain","datePublished":"2022-10-21T18:43:27+00:00","dateModified":"2022-10-21T18:43:31+00:00","mainEntityOfPage":{"@id":"https:\/\/www.safinel.fr\/desert-africain\/"},"wordCount":613,"publisher":{"@id":"https:\/\/www.safinel.fr\/#organization"},"image":{"@id":"https:\/\/www.safinel.fr\/desert-africain\/#primaryimage"},"thumbnailUrl":"https:\/\/www.safinel.fr\/wp-content\/uploads\/2022\/10\/Tour-dhorizon-sur-le-de\u0301sert-africain-.jpg","articleSection":["Divers"],"inLanguage":"de"},{"@type":"WebPage","@id":"https:\/\/www.safinel.fr\/desert-africain\/","url":"https:\/\/www.safinel.fr\/desert-africain\/","name":"Afrikanische W\u00fcste I Tour d'horizon in diesem Artikel","isPartOf":{"@id":"https:\/\/www.safinel.fr\/#website"},"primaryImageOfPage":{"@id":"https:\/\/www.safinel.fr\/desert-africain\/#primaryimage"},"image":{"@id":"https:\/\/www.safinel.fr\/desert-africain\/#primaryimage"},"thumbnailUrl":"https:\/\/www.safinel.fr\/wp-content\/uploads\/2022\/10\/Tour-dhorizon-sur-le-de\u0301sert-africain-.jpg","datePublished":"2022-10-21T18:43:27+00:00","dateModified":"2022-10-21T18:43:31+00:00","description":"Wir laden Sie heute zu einem \u00dcberblick \u00fcber die afrikanische W\u00fcste ein. Wenn man von der afrikanischen W\u00fcste spricht, denkt man vor allem an die Sahara.","breadcrumb":{"@id":"https:\/\/www.safinel.fr\/desert-africain\/#breadcrumb"},"inLanguage":"de","potentialAction":[{"@type":"ReadAction","target":["https:\/\/www.safinel.fr\/desert-africain\/"]}]},{"@type":"ImageObject","inLanguage":"de","@id":"https:\/\/www.safinel.fr\/desert-africain\/#primaryimage","url":"https:\/\/www.safinel.fr\/wp-content\/uploads\/2022\/10\/Tour-dhorizon-sur-le-de\u0301sert-africain-.jpg","contentUrl":"https:\/\/www.safinel.fr\/wp-content\/uploads\/2022\/10\/Tour-dhorizon-sur-le-de\u0301sert-africain-.jpg","width":1100,"height":578,"caption":"Tour d\u2019horizon sur le d\u00e9sert africain"},{"@type":"BreadcrumbList","@id":"https:\/\/www.safinel.fr\/desert-africain\/#breadcrumb","itemListElement":[{"@type":"ListItem","position":1,"name":"Accueil","item":"https:\/\/www.safinel.fr\/"},{"@type":"ListItem","position":2,"name":"Tour d\u2019horizon sur le d\u00e9sert africain"}]},{"@type":"WebSite","@id":"https:\/\/www.safinel.fr\/#website","url":"https:\/\/www.safinel.fr\/","name":"Safinel","description":"","publisher":{"@id":"https:\/\/www.safinel.fr\/#organization"},"potentialAction":[{"@type":"SearchAction","target":{"@type":"EntryPoint","urlTemplate":"https:\/\/www.safinel.fr\/?s={search_term_string}"},"query-input":{"@type":"PropertyValueSpecification","valueRequired":true,"valueName":"search_term_string"}}],"inLanguage":"de"},{"@type":"Organization","@id":"https:\/\/www.safinel.fr\/#organization","name":"Safinel","url":"https:\/\/www.safinel.fr\/","logo":{"@type":"ImageObject","inLanguage":"de","@id":"https:\/\/www.safinel.fr\/#\/schema\/logo\/image\/","url":"https:\/\/www.safinel.fr\/wp-content\/uploads\/2021\/05\/boutique-cosmetique.png","contentUrl":"https:\/\/www.safinel.fr\/wp-content\/uploads\/2021\/05\/boutique-cosmetique.png","width":800,"height":200,"caption":"Safinel"},"image":{"@id":"https:\/\/www.safinel.fr\/#\/schema\/logo\/image\/"}},{"@type":"Person","@id":"https:\/\/www.safinel.fr\/#\/schema\/person\/47f7357f8aa8a41a796811d3f8a3e055","name":"Naj","image":{"@type":"ImageObject","inLanguage":"de","@id":"https:\/\/www.safinel.fr\/#\/schema\/person\/image\/","url":"https:\/\/secure.gravatar.com\/avatar\/5c0fa4f0bce748d4964b7d68e4b0ee1d8e3120edba58a55893ced967bd2093b5?s=96&d=mm&r=g","contentUrl":"https:\/\/secure.gravatar.com\/avatar\/5c0fa4f0bce748d4964b7d68e4b0ee1d8e3120edba58a55893ced967bd2093b5?s=96&d=mm&r=g","caption":"Naj"},"url":"https:\/\/www.safinel.fr\/de\/author\/naj\/"}]}},"_links":{"self":[{"href":"https:\/\/www.safinel.fr\/de\/wp-json\/wp\/v2\/posts\/3258","targetHints":{"allow":["GET"]}}],"collection":[{"href":"https:\/\/www.safinel.fr\/de\/wp-json\/wp\/v2\/posts"}],"about":[{"href":"https:\/\/www.safinel.fr\/de\/wp-json\/wp\/v2\/types\/post"}],"author":[{"embeddable":true,"href":"https:\/\/www.safinel.fr\/de\/wp-json\/wp\/v2\/users\/156"}],"replies":[{"embeddable":true,"href":"https:\/\/www.safinel.fr\/de\/wp-json\/wp\/v2\/comments?post=3258"}],"version-history":[{"count":1,"href":"https:\/\/www.safinel.fr\/de\/wp-json\/wp\/v2\/posts\/3258\/revisions"}],"predecessor-version":[{"id":3260,"href":"https:\/\/www.safinel.fr\/de\/wp-json\/wp\/v2\/posts\/3258\/revisions\/3260"}],"wp:featuredmedia":[{"embeddable":true,"href":"https:\/\/www.safinel.fr\/de\/wp-json\/wp\/v2\/media\/3259"}],"wp:attachment":[{"href":"https:\/\/www.safinel.fr\/de\/wp-json\/wp\/v2\/media?parent=3258"}],"wp:term":[{"taxonomy":"category","embeddable":true,"href":"https:\/\/www.safinel.fr\/de\/wp-json\/wp\/v2\/categories?post=3258"},{"taxonomy":"post_tag","embeddable":true,"href":"https:\/\/www.safinel.fr\/de\/wp-json\/wp\/v2\/tags?post=3258"}],"curies":[{"name":"wp","href":"https:\/\/api.w.org\/{rel}","templated":true}]}}