{"id":12973,"date":"2024-04-11T17:59:33","date_gmt":"2024-04-11T17:59:33","guid":{"rendered":"https:\/\/www.safinel.fr\/?p=12973"},"modified":"2024-04-11T17:59:35","modified_gmt":"2024-04-11T17:59:35","slug":"afrikanische-poesie","status":"publish","type":"post","link":"https:\/\/www.safinel.fr\/de\/afrikanische-poesie\/","title":{"rendered":"Die gro\u00dfen Pers\u00f6nlichkeiten der afrikanischen Poesie in 5 Buchstaben"},"content":{"rendered":"<p>Die\u00a0<strong>afrikanische Poesie<\/strong>\u00a0war schon immer ein bevorzugtes Ausdrucksmittel, um den kulturellen Reichtum, die Geschichte und die Bestrebungen des afrikanischen Volkes hervorzuheben. <\/p>\n\n\n\n<p>Diese Dichter hinterlie\u00dfen <strong><a href=\"https:\/\/albayyinah.fr\/\" target=\"_blank\" rel=\"noreferrer noopener\">starke literarische Werke<\/a><\/strong>, und ihre kulturelle Pr\u00e4gung auf dem gesamten Kontinent. In diesem Artikel stellen wir f\u00fcnf markante Namen dieser Literatur in jeweils nur f\u00fcnf Buchstaben vor.<\/p>\n\n\n\n<h2 class=\"wp-block-heading\"><strong>Senghor<\/strong><\/h2>\n\n\n\n<p>Einer der ber\u00fchmtesten&nbsp;<strong>afrikanische Dichter<\/strong>&nbsp;ist zweifellos L\u00e9opold S\u00e9dar Senghor. Der geb\u00fcrtige Senegalese war auch Politiker, Pr\u00e4sident der Republik Senegal und Mitglied der Acad\u00e9mie fran\u00e7aise. Seine Gedichtsammlungen, wie z.B. \u00ab\u00a0<em>Schattenges\u00e4nge<\/em>\u00a0\u00bb und \u00ab\u00a0<em>Schwarze Hostien<\/em>\u00ab unterstreichen seine Liebe f\u00fcr den afrikanischen Kontinent und seine Traditionen. Senghors Verse sind daf\u00fcr bekannt, dass sie emotional aufgeladen und melancholisch gef\u00e4rbt sind.<\/p>\n\n\n\n<h3 class=\"wp-block-heading\"><strong>N\u00e9gritude<\/strong><\/h3>\n\n\n\n<p>Senghor war au\u00dferdem gemeinsam mit Aim\u00e9 C\u00e9saire und L\u00e9on Damas Mitbegr\u00fcnder der literarischen und politischen Bewegung der \u00abN\u00e9gritude\u00bb. Dieses Konzept zielte darauf ab, die afrikanische Kultur und Identit\u00e4t gegen\u00fcber dem Kolonialismus aufzuwerten und einzufordern. Es ist ein Schl\u00fcsselelement, um die Wirkung der afrikanischen Poesie im historischen Kontext zu verstehen.<\/p>\n\n\n\n<h2 class=\"wp-block-heading\"><strong>C\u00e9saire<\/strong><\/h2>\n\n\n\n<p>Aim\u00e9 C\u00e9saire, der aus Martinique stammte, war nicht nur ein\u00a0<strong>engagierter Dichter<\/strong>, sondern auch ein einflussreicher Politiker. Autor von \u00ab\u00a0<em>Cahier d'un retour au pays natal (Notizbuch einer R\u00fcckkehr ins Heimatland)<\/em>\u00ab C\u00e9saire war auch an der Gr\u00fcndung der N\u00e9gritude-Bewegung an der Seite von Senghor beteiligt. Sein Werk ist gepr\u00e4gt von einem Engagement f\u00fcr die Befreiung der kolonisierten V\u00f6lker und einer Feier der <strong><a href=\"https:\/\/www.safinel.fr\/de\/afrikanische-stamme\/\">afrikanische Kultur<\/a><\/strong>.<\/p>\n\n\n\n<h3 class=\"wp-block-heading\"><strong>Surrealismus<\/strong><\/h3>\n\n\n\n<p>Obwohl er dem Surrealismus nahe stand, insbesondere durch seine Begegnung mit Andr\u00e9 Breton, distanzierte sich C\u00e9saire von dieser Bewegung, um sich besser in der Realit\u00e4t des Kolonialismus zu verwurzeln und seine eigene Identit\u00e4t zu behaupten. Folglich trug er dazu bei, eine neue poetische Stimme f\u00fcr Menschen afrikanischer Herkunft zu schmieden.<\/p>\n\n\n\n<h2 class=\"wp-block-heading\"><strong>Damaskus<\/strong><\/h2>\n\n\n\n<p>L\u00e9on Damas, ein aus Guyana stammender Dichter und die dritte S\u00e4ule der N\u00e9gritude-Bewegung, machte sich vor allem mit seiner Gedichtsammlung \u00ab\u00a0<em>Pigmente<\/em>\u00ab . Damas ist f\u00fcr seinen provokativen und respektlosen Stil bekannt, in dem er den Kolonialismus offen kritisiert und den Stolz auf seine afrikanischen Wurzeln hervorhebt.<\/p>\n\n\n\n<p><strong>Seine von Humor und Sarkasmus durchdrungenen Schriften bekr\u00e4ftigen eine stolze und freie schwarze Identit\u00e4t<\/strong>&nbsp;angesichts der vom Kolonialismus auferlegten Zw\u00e4nge. In diesem Punkt unterscheidet er sich von den anderen gro\u00dfen Namen der N\u00e9gritude, indem er einen radikaleren und unbefangeneren Ansatz verfolgt.<\/p>\n\n\n\n<h2 class=\"wp-block-heading\"><strong>Fanon<\/strong><\/h2>\n\n\n\n<p>Frantz Fanon wird h\u00e4ufig eher als Schriftsteller und politischer Theoretiker denn als Dichter im eigentlichen Sinne betrachtet. Sein Werk hat jedoch wesentlich dazu beigetragen, die afrikanische Identit\u00e4t neu zu definieren und die Stimmen derjenigen zu verst\u00e4rken, die sich sowohl in Afrika als auch auf den Franz\u00f6sischen Antillen vom kolonialen Joch befreien wollten.<\/p>\n\n\n\n<h3 class=\"wp-block-heading\"><strong>Die Verdammten der Erde<\/strong><\/h3>\n\n\n\n<p>Obwohl \u00ab\u00a0<em>Die Verdammten der Erde<\/em>\u00a0\u00bb ist sein bekanntestes Werk. Frantz Fanon z\u00f6gerte nicht, in einigen seiner Schriften poetische Elemente einzubauen, um seine politischen Ideen zu untermauern. Diese Passagen, die von einer ergreifenden Lyrik gepr\u00e4gt sind, f\u00fcgen seinem Gesamtwerk eine bedeutende k\u00fcnstlerische Dimension hinzu.<\/p>\n\n\n\n<h2 class=\"wp-block-heading\"><strong>Soyinka<\/strong><\/h2>\n\n\n\n<p>Der Nigerianer Wole Soyinka ist ein weiteres prominentes Beispiel f\u00fcr&nbsp;<strong>afrikanischer Dichter<\/strong>. Er erhielt 1986 den Nobelpreis f\u00fcr Literatur und war auch als Dramatiker und Essayist t\u00e4tig. Seine Gedichte sind oft von bei\u00dfendem und absurdem Humor gepr\u00e4gt, w\u00e4hrend sie gleichzeitig die wesentlichen Themen des menschlichen Daseins, der afrikanischen Traditionen und des Kampfes gegen die Unterdr\u00fcckung in den Vordergrund stellen.<\/p>\n\n\n\n<h3 class=\"wp-block-heading\"><strong>Ake<\/strong><\/h3>\n\n\n\n<p>Seine Gedichtsammlung \u00ab\u00a0<em>Der Tod und der K\u00f6nig<\/em>\u00a0\u00bb gilt als ein Hauptwerk der&nbsp;<strong>zeitgen\u00f6ssische afrikanische Poesie<\/strong>. Soyinka befasst sich auf subtile Weise mit universellen Themen, bleibt aber gleichzeitig tief in seinem eigenen kulturellen Kontext verwurzelt. Sein Ansatz, der sich von den anderen gro\u00dfen Namen der N\u00e9gritude unterscheidet, unterstreicht die Vielfalt, die die afrikanische Poesie kennzeichnet.<\/p>\n\n\n\n<p>Zusammenfassend l\u00e4sst sich sagen, dass diese f\u00fcnf emblematischen Figuren den Reichtum und die Komplexit\u00e4t der afrikanischen Poesie sowie ihre entscheidende Rolle bei der Behauptung einer kulturellen Identit\u00e4t angesichts der historischen und politischen Herausforderungen des Kontinents demonstrieren. Die Lekt\u00fcre ihrer Werke bietet einen wertvollen Einblick in diese einzigartige und unverzichtbare Literatur.<\/p>","protected":false},"excerpt":{"rendered":"<p>Die afrikanische Poesie war schon immer ein bevorzugtes Ausdrucksmittel, um den kulturellen Reichtum, die Geschichte und die Bestrebungen des afrikanischen Volkes hervorzuheben. Diese Dichter haben kraftvolle literarische Werke sowie ihre kulturellen Spuren auf dem gesamten Kontinent hinterlassen. In diesem Artikel stellen wir f\u00fcnf markante Namen dieser Literatur in [...] hervor.","protected":false},"author":156,"featured_media":12974,"comment_status":"closed","ping_status":"closed","sticky":false,"template":"","format":"standard","meta":{"footnotes":""},"categories":[1],"tags":[],"class_list":["post-12973","post","type-post","status-publish","format-standard","has-post-thumbnail","hentry","category-divers"],"yoast_head":"<!-- This site is optimized with the Yoast SEO plugin v26.6 - https:\/\/yoast.com\/wordpress\/plugins\/seo\/ -->\n<title>Po\u00e9sie africaine | Zoom sur les po\u00e8tes africain en 5 lettres<\/title>\n<meta name=\"description\" content=\"La\u00a0po\u00e9sie africaine\u00a0a toujours \u00e9t\u00e9 un moyen d&#039;expression privil\u00e9gi\u00e9 pour mettre en avant la richesse culturelle.\" \/>\n<meta name=\"robots\" content=\"index, follow, max-snippet:-1, max-image-preview:large, max-video-preview:-1\" \/>\n<link rel=\"canonical\" href=\"https:\/\/www.safinel.fr\/de\/afrikanische-poesie\/\" \/>\n<meta property=\"og:locale\" content=\"de_DE\" \/>\n<meta property=\"og:type\" content=\"article\" \/>\n<meta property=\"og:title\" content=\"Po\u00e9sie africaine | Zoom sur les po\u00e8tes africain en 5 lettres\" \/>\n<meta property=\"og:description\" content=\"La\u00a0po\u00e9sie africaine\u00a0a toujours \u00e9t\u00e9 un moyen d&#039;expression privil\u00e9gi\u00e9 pour mettre en avant la richesse culturelle.\" \/>\n<meta property=\"og:url\" content=\"https:\/\/www.safinel.fr\/de\/afrikanische-poesie\/\" \/>\n<meta property=\"og:site_name\" content=\"Safinel\" \/>\n<meta property=\"article:published_time\" content=\"2024-04-11T17:59:33+00:00\" \/>\n<meta property=\"article:modified_time\" content=\"2024-04-11T17:59:35+00:00\" \/>\n<meta property=\"og:image\" content=\"https:\/\/www.safinel.fr\/wp-content\/uploads\/2024\/04\/Figures-de-la-poesie-africaine.jpg\" \/>\n\t<meta property=\"og:image:width\" content=\"1100\" \/>\n\t<meta property=\"og:image:height\" content=\"578\" \/>\n\t<meta property=\"og:image:type\" content=\"image\/jpeg\" \/>\n<meta name=\"author\" content=\"Naj\" \/>\n<meta name=\"twitter:card\" content=\"summary_large_image\" \/>\n<meta name=\"twitter:label1\" content=\"Verfasst von\" \/>\n\t<meta name=\"twitter:data1\" content=\"Naj\" \/>\n\t<meta name=\"twitter:label2\" content=\"Gesch\u00e4tzte Lesezeit\" \/>\n\t<meta name=\"twitter:data2\" content=\"4\u00a0Minuten\" \/>\n<script type=\"application\/ld+json\" class=\"yoast-schema-graph\">{\"@context\":\"https:\/\/schema.org\",\"@graph\":[{\"@type\":\"Article\",\"@id\":\"https:\/\/www.safinel.fr\/poesie-africaine\/#article\",\"isPartOf\":{\"@id\":\"https:\/\/www.safinel.fr\/poesie-africaine\/\"},\"author\":{\"name\":\"Naj\",\"@id\":\"https:\/\/www.safinel.fr\/#\/schema\/person\/47f7357f8aa8a41a796811d3f8a3e055\"},\"headline\":\"Les grandes figures de la po\u00e9sie africaine en 5 lettres\",\"datePublished\":\"2024-04-11T17:59:33+00:00\",\"dateModified\":\"2024-04-11T17:59:35+00:00\",\"mainEntityOfPage\":{\"@id\":\"https:\/\/www.safinel.fr\/poesie-africaine\/\"},\"wordCount\":790,\"publisher\":{\"@id\":\"https:\/\/www.safinel.fr\/#organization\"},\"image\":{\"@id\":\"https:\/\/www.safinel.fr\/poesie-africaine\/#primaryimage\"},\"thumbnailUrl\":\"https:\/\/www.safinel.fr\/wp-content\/uploads\/2024\/04\/Figures-de-la-poesie-africaine.jpg\",\"articleSection\":[\"Divers\"],\"inLanguage\":\"de\"},{\"@type\":\"WebPage\",\"@id\":\"https:\/\/www.safinel.fr\/poesie-africaine\/\",\"url\":\"https:\/\/www.safinel.fr\/poesie-africaine\/\",\"name\":\"Po\u00e9sie africaine | Zoom sur les po\u00e8tes africain en 5 lettres\",\"isPartOf\":{\"@id\":\"https:\/\/www.safinel.fr\/#website\"},\"primaryImageOfPage\":{\"@id\":\"https:\/\/www.safinel.fr\/poesie-africaine\/#primaryimage\"},\"image\":{\"@id\":\"https:\/\/www.safinel.fr\/poesie-africaine\/#primaryimage\"},\"thumbnailUrl\":\"https:\/\/www.safinel.fr\/wp-content\/uploads\/2024\/04\/Figures-de-la-poesie-africaine.jpg\",\"datePublished\":\"2024-04-11T17:59:33+00:00\",\"dateModified\":\"2024-04-11T17:59:35+00:00\",\"description\":\"La\u00a0po\u00e9sie africaine\u00a0a toujours \u00e9t\u00e9 un moyen d'expression privil\u00e9gi\u00e9 pour mettre en avant la richesse culturelle.\",\"breadcrumb\":{\"@id\":\"https:\/\/www.safinel.fr\/poesie-africaine\/#breadcrumb\"},\"inLanguage\":\"de\",\"potentialAction\":[{\"@type\":\"ReadAction\",\"target\":[\"https:\/\/www.safinel.fr\/poesie-africaine\/\"]}]},{\"@type\":\"ImageObject\",\"inLanguage\":\"de\",\"@id\":\"https:\/\/www.safinel.fr\/poesie-africaine\/#primaryimage\",\"url\":\"https:\/\/www.safinel.fr\/wp-content\/uploads\/2024\/04\/Figures-de-la-poesie-africaine.jpg\",\"contentUrl\":\"https:\/\/www.safinel.fr\/wp-content\/uploads\/2024\/04\/Figures-de-la-poesie-africaine.jpg\",\"width\":1100,\"height\":578,\"caption\":\"po\u00e9sie africaine\"},{\"@type\":\"BreadcrumbList\",\"@id\":\"https:\/\/www.safinel.fr\/poesie-africaine\/#breadcrumb\",\"itemListElement\":[{\"@type\":\"ListItem\",\"position\":1,\"name\":\"Accueil\",\"item\":\"https:\/\/www.safinel.fr\/\"},{\"@type\":\"ListItem\",\"position\":2,\"name\":\"Les grandes figures de la po\u00e9sie africaine en 5 lettres\"}]},{\"@type\":\"WebSite\",\"@id\":\"https:\/\/www.safinel.fr\/#website\",\"url\":\"https:\/\/www.safinel.fr\/\",\"name\":\"Safinel\",\"description\":\"\",\"publisher\":{\"@id\":\"https:\/\/www.safinel.fr\/#organization\"},\"potentialAction\":[{\"@type\":\"SearchAction\",\"target\":{\"@type\":\"EntryPoint\",\"urlTemplate\":\"https:\/\/www.safinel.fr\/?s={search_term_string}\"},\"query-input\":{\"@type\":\"PropertyValueSpecification\",\"valueRequired\":true,\"valueName\":\"search_term_string\"}}],\"inLanguage\":\"de\"},{\"@type\":\"Organization\",\"@id\":\"https:\/\/www.safinel.fr\/#organization\",\"name\":\"Safinel\",\"url\":\"https:\/\/www.safinel.fr\/\",\"logo\":{\"@type\":\"ImageObject\",\"inLanguage\":\"de\",\"@id\":\"https:\/\/www.safinel.fr\/#\/schema\/logo\/image\/\",\"url\":\"https:\/\/www.safinel.fr\/wp-content\/uploads\/2021\/05\/boutique-cosmetique.png\",\"contentUrl\":\"https:\/\/www.safinel.fr\/wp-content\/uploads\/2021\/05\/boutique-cosmetique.png\",\"width\":800,\"height\":200,\"caption\":\"Safinel\"},\"image\":{\"@id\":\"https:\/\/www.safinel.fr\/#\/schema\/logo\/image\/\"}},{\"@type\":\"Person\",\"@id\":\"https:\/\/www.safinel.fr\/#\/schema\/person\/47f7357f8aa8a41a796811d3f8a3e055\",\"name\":\"Naj\",\"image\":{\"@type\":\"ImageObject\",\"inLanguage\":\"de\",\"@id\":\"https:\/\/www.safinel.fr\/#\/schema\/person\/image\/\",\"url\":\"https:\/\/secure.gravatar.com\/avatar\/5c0fa4f0bce748d4964b7d68e4b0ee1d8e3120edba58a55893ced967bd2093b5?s=96&d=mm&r=g\",\"contentUrl\":\"https:\/\/secure.gravatar.com\/avatar\/5c0fa4f0bce748d4964b7d68e4b0ee1d8e3120edba58a55893ced967bd2093b5?s=96&d=mm&r=g\",\"caption\":\"Naj\"},\"url\":\"https:\/\/www.safinel.fr\/de\/author\/naj\/\"}]}<\/script>\n<!-- \/ Yoast SEO plugin. -->","yoast_head_json":{"title":"Afrikanische Poesie | Zoom auf afrikanische Dichter in 5 Buchstaben","description":"Die afrikanische Poesie war schon immer ein bevorzugtes Ausdrucksmittel, um den kulturellen Reichtum hervorzuheben.","robots":{"index":"index","follow":"follow","max-snippet":"max-snippet:-1","max-image-preview":"max-image-preview:large","max-video-preview":"max-video-preview:-1"},"canonical":"https:\/\/www.safinel.fr\/de\/afrikanische-poesie\/","og_locale":"de_DE","og_type":"article","og_title":"Po\u00e9sie africaine | Zoom sur les po\u00e8tes africain en 5 lettres","og_description":"La\u00a0po\u00e9sie africaine\u00a0a toujours \u00e9t\u00e9 un moyen d'expression privil\u00e9gi\u00e9 pour mettre en avant la richesse culturelle.","og_url":"https:\/\/www.safinel.fr\/de\/afrikanische-poesie\/","og_site_name":"Safinel","article_published_time":"2024-04-11T17:59:33+00:00","article_modified_time":"2024-04-11T17:59:35+00:00","og_image":[{"width":1100,"height":578,"url":"https:\/\/www.safinel.fr\/wp-content\/uploads\/2024\/04\/Figures-de-la-poesie-africaine.jpg","type":"image\/jpeg"}],"author":"Naj","twitter_card":"summary_large_image","twitter_misc":{"Verfasst von":"Naj","Gesch\u00e4tzte Lesezeit":"4\u00a0Minuten"},"schema":{"@context":"https:\/\/schema.org","@graph":[{"@type":"Article","@id":"https:\/\/www.safinel.fr\/poesie-africaine\/#article","isPartOf":{"@id":"https:\/\/www.safinel.fr\/poesie-africaine\/"},"author":{"name":"Naj","@id":"https:\/\/www.safinel.fr\/#\/schema\/person\/47f7357f8aa8a41a796811d3f8a3e055"},"headline":"Les grandes figures de la po\u00e9sie africaine en 5 lettres","datePublished":"2024-04-11T17:59:33+00:00","dateModified":"2024-04-11T17:59:35+00:00","mainEntityOfPage":{"@id":"https:\/\/www.safinel.fr\/poesie-africaine\/"},"wordCount":790,"publisher":{"@id":"https:\/\/www.safinel.fr\/#organization"},"image":{"@id":"https:\/\/www.safinel.fr\/poesie-africaine\/#primaryimage"},"thumbnailUrl":"https:\/\/www.safinel.fr\/wp-content\/uploads\/2024\/04\/Figures-de-la-poesie-africaine.jpg","articleSection":["Divers"],"inLanguage":"de"},{"@type":"WebPage","@id":"https:\/\/www.safinel.fr\/poesie-africaine\/","url":"https:\/\/www.safinel.fr\/poesie-africaine\/","name":"Afrikanische Poesie | Zoom auf afrikanische Dichter in 5 Buchstaben","isPartOf":{"@id":"https:\/\/www.safinel.fr\/#website"},"primaryImageOfPage":{"@id":"https:\/\/www.safinel.fr\/poesie-africaine\/#primaryimage"},"image":{"@id":"https:\/\/www.safinel.fr\/poesie-africaine\/#primaryimage"},"thumbnailUrl":"https:\/\/www.safinel.fr\/wp-content\/uploads\/2024\/04\/Figures-de-la-poesie-africaine.jpg","datePublished":"2024-04-11T17:59:33+00:00","dateModified":"2024-04-11T17:59:35+00:00","description":"Die afrikanische Poesie war schon immer ein bevorzugtes Ausdrucksmittel, um den kulturellen Reichtum hervorzuheben.","breadcrumb":{"@id":"https:\/\/www.safinel.fr\/poesie-africaine\/#breadcrumb"},"inLanguage":"de","potentialAction":[{"@type":"ReadAction","target":["https:\/\/www.safinel.fr\/poesie-africaine\/"]}]},{"@type":"ImageObject","inLanguage":"de","@id":"https:\/\/www.safinel.fr\/poesie-africaine\/#primaryimage","url":"https:\/\/www.safinel.fr\/wp-content\/uploads\/2024\/04\/Figures-de-la-poesie-africaine.jpg","contentUrl":"https:\/\/www.safinel.fr\/wp-content\/uploads\/2024\/04\/Figures-de-la-poesie-africaine.jpg","width":1100,"height":578,"caption":"po\u00e9sie africaine"},{"@type":"BreadcrumbList","@id":"https:\/\/www.safinel.fr\/poesie-africaine\/#breadcrumb","itemListElement":[{"@type":"ListItem","position":1,"name":"Accueil","item":"https:\/\/www.safinel.fr\/"},{"@type":"ListItem","position":2,"name":"Les grandes figures de la po\u00e9sie africaine en 5 lettres"}]},{"@type":"WebSite","@id":"https:\/\/www.safinel.fr\/#website","url":"https:\/\/www.safinel.fr\/","name":"Safinel","description":"","publisher":{"@id":"https:\/\/www.safinel.fr\/#organization"},"potentialAction":[{"@type":"SearchAction","target":{"@type":"EntryPoint","urlTemplate":"https:\/\/www.safinel.fr\/?s={search_term_string}"},"query-input":{"@type":"PropertyValueSpecification","valueRequired":true,"valueName":"search_term_string"}}],"inLanguage":"de"},{"@type":"Organization","@id":"https:\/\/www.safinel.fr\/#organization","name":"Safinel","url":"https:\/\/www.safinel.fr\/","logo":{"@type":"ImageObject","inLanguage":"de","@id":"https:\/\/www.safinel.fr\/#\/schema\/logo\/image\/","url":"https:\/\/www.safinel.fr\/wp-content\/uploads\/2021\/05\/boutique-cosmetique.png","contentUrl":"https:\/\/www.safinel.fr\/wp-content\/uploads\/2021\/05\/boutique-cosmetique.png","width":800,"height":200,"caption":"Safinel"},"image":{"@id":"https:\/\/www.safinel.fr\/#\/schema\/logo\/image\/"}},{"@type":"Person","@id":"https:\/\/www.safinel.fr\/#\/schema\/person\/47f7357f8aa8a41a796811d3f8a3e055","name":"Naj","image":{"@type":"ImageObject","inLanguage":"de","@id":"https:\/\/www.safinel.fr\/#\/schema\/person\/image\/","url":"https:\/\/secure.gravatar.com\/avatar\/5c0fa4f0bce748d4964b7d68e4b0ee1d8e3120edba58a55893ced967bd2093b5?s=96&d=mm&r=g","contentUrl":"https:\/\/secure.gravatar.com\/avatar\/5c0fa4f0bce748d4964b7d68e4b0ee1d8e3120edba58a55893ced967bd2093b5?s=96&d=mm&r=g","caption":"Naj"},"url":"https:\/\/www.safinel.fr\/de\/author\/naj\/"}]}},"_links":{"self":[{"href":"https:\/\/www.safinel.fr\/de\/wp-json\/wp\/v2\/posts\/12973","targetHints":{"allow":["GET"]}}],"collection":[{"href":"https:\/\/www.safinel.fr\/de\/wp-json\/wp\/v2\/posts"}],"about":[{"href":"https:\/\/www.safinel.fr\/de\/wp-json\/wp\/v2\/types\/post"}],"author":[{"embeddable":true,"href":"https:\/\/www.safinel.fr\/de\/wp-json\/wp\/v2\/users\/156"}],"replies":[{"embeddable":true,"href":"https:\/\/www.safinel.fr\/de\/wp-json\/wp\/v2\/comments?post=12973"}],"version-history":[{"count":1,"href":"https:\/\/www.safinel.fr\/de\/wp-json\/wp\/v2\/posts\/12973\/revisions"}],"predecessor-version":[{"id":12975,"href":"https:\/\/www.safinel.fr\/de\/wp-json\/wp\/v2\/posts\/12973\/revisions\/12975"}],"wp:featuredmedia":[{"embeddable":true,"href":"https:\/\/www.safinel.fr\/de\/wp-json\/wp\/v2\/media\/12974"}],"wp:attachment":[{"href":"https:\/\/www.safinel.fr\/de\/wp-json\/wp\/v2\/media?parent=12973"}],"wp:term":[{"taxonomy":"category","embeddable":true,"href":"https:\/\/www.safinel.fr\/de\/wp-json\/wp\/v2\/categories?post=12973"},{"taxonomy":"post_tag","embeddable":true,"href":"https:\/\/www.safinel.fr\/de\/wp-json\/wp\/v2\/tags?post=12973"}],"curies":[{"name":"wp","href":"https:\/\/api.w.org\/{rel}","templated":true}]}}