{"id":11712,"date":"2024-02-13T17:18:04","date_gmt":"2024-02-13T17:18:04","guid":{"rendered":"https:\/\/www.safinel.fr\/?p=11712"},"modified":"2024-02-13T17:18:05","modified_gmt":"2024-02-13T17:18:05","slug":"afrikanische-vogel","status":"publish","type":"post","link":"https:\/\/www.safinel.fr\/de\/afrikanische-vogel\/","title":{"rendered":"Die au\u00dfergew\u00f6hnlichen V\u00f6gel Afrikas: Eine Reise durch ihre Arten"},"content":{"rendered":"<p>Afrika ist ein <strong><a href=\"https:\/\/www.safinel.fr\/de\/afrikanischer-kontinent\/\">an Biodiversit\u00e4t reicher Kontinent<\/a><\/strong>, In Afrika gibt es eine unglaubliche Vielfalt an V\u00f6geln. Von majest\u00e4tischen Adlern bis hin zu farbenfrohen Weberv\u00f6geln - in diesem Artikel erfahren Sie mehr \u00fcber die faszinierenden afrikanischen Vogelarten.<\/p>\n\n\n\n<h2 class=\"wp-block-heading\"><strong>Ploceus cucullatus - Der Schwarze Weberknecht<\/strong><\/h2>\n\n\n\n<p><strong>Der Schwarze Weber, auch black-backed weaver genannt<\/strong>, ist ein kleiner afrikanischer Sperling, der haupts\u00e4chlich in den Feuchtgebieten West- und Zentralafrikas lebt. Sein Gefieder ist haupts\u00e4chlich gelb mit schwarzen Akzenten auf dem R\u00fccken und der Brust, was ihm seinen Namen gab. Weberv\u00f6gel sind daf\u00fcr bekannt, dass sie komplexe Nester bauen, die an den \u00c4sten von B\u00e4umen in der N\u00e4he von Wasser h\u00e4ngen und in denen sie ihre Jungen aufziehen.<\/p>\n\n\n\n<h2 class=\"wp-block-heading\"><strong>Aquila nipalensis - Der Steppenadler<\/strong><\/h2>\n\n\n\n<p>H\u00e4ufig in Nord- und Ostafrika beobachtet,&nbsp;<strong>der Steppenadler<\/strong>, Der Steppenadler ist ein wundersch\u00f6nes Gesch\u00f6pf mit dunklem Gefieder und stechenden Augen. Dieser m\u00e4chtige Vogel ist ein gef\u00fcrchteter J\u00e4ger, der sich haupts\u00e4chlich von mittelgro\u00dfen S\u00e4ugetieren und Aas ern\u00e4hrt. W\u00e4hrend er als Symbol f\u00fcr St\u00e4rke und Mut gilt, sind einige Steppenadlerpopulationen leider durch den Verlust von Lebensraum und die illegale Jagd bedroht.<\/p>\n\n\n\n<h2 class=\"wp-block-heading\"><strong>Struthio camelus - Der Afrikanische Strau\u00df<\/strong><\/h2>\n\n\n\n<p>L\u2019<strong>Afrikanischer Strau\u00df<\/strong>, Der Afrikanische Strau\u00df ist der gr\u00f6\u00dfte Vogel der Welt und auch als einer der schnellsten V\u00f6gel am Boden bekannt. Die in Afrika beheimatete Art kommt vor allem in den W\u00fcsten- und Halbw\u00fcstenregionen sowie in den Savannen des Kontinents vor. Strau\u00dfe haben ein weiches und flexibles Gefieder. Welches f\u00fcr die Herstellung verschiedener Produkte wie Kleidung und Accessoires sehr begehrt ist.<\/p>\n\n\n\n<h3 class=\"wp-block-heading\"><strong>Calidris acuminata - Die Spitzschwanzammer<\/strong><\/h3>\n\n\n\n<p>Dieser kleine, schlanke Vogel ist&nbsp;<strong>die Spitzschwanzschnepfe<\/strong>, oder sharp-tailed sandpiper. Diese Watv\u00f6gel sind in Afrika weit verbreitet, vor allem im s\u00fcdlichen Afrika, wo sie recht h\u00e4ufig vorkommen. Er ern\u00e4hrt sich haupts\u00e4chlich von Insekten und Weichtieren und hat einen langen, d\u00fcnnen Schnabel, mit dem er den Schlamm nach Nahrung durchw\u00fchlen kann.<\/p>\n\n\n\n<h3 class=\"wp-block-heading\"><strong>Ardea cinerea - Der Graureiher<\/strong><\/h3>\n\n\n\n<p>Auch genannt\u00a0<strong>Grauer Reiher<\/strong>, Der Graureiher ist ein gro\u00dfer Watvogel, der in vielen Feuchtgebieten Afrikas vorkommt. Seine elegante Gestalt und sein silbergraues Gefieder machen ihn leicht erkennbar. Er ist geduldig und still und wartet meist in der N\u00e4he von Gew\u00e4ssern. Dort h\u00e4lt er sich auf, um Fische, Fr\u00f6sche und andere Amphibien zu fangen, von denen er sich ern\u00e4hrt.<\/p>\n\n\n\n<h2 class=\"wp-block-heading\"><strong>Tockus leucomelas - Der Gelbschnabelhornvogel<\/strong><\/h2>\n\n\n\n<p>Zeichnet sich durch seinen gro\u00dfen, gebogenen und bunten Schnabel aus,&nbsp;<strong>der Gelbschnabelhornvogel<\/strong>, Der Yellow-billed Hornbill wird h\u00e4ufig in den afrikanischen Savannen gesichtet. Dieser allesfressende Vogel ern\u00e4hrt sich haupts\u00e4chlich von Fr\u00fcchten und Insekten und hat aufgrund seines K\u00f6rperbaus nur begrenzte Flugf\u00e4higkeiten. Gelbschnabelhornv\u00f6gel leben normalerweise in Paaren oder kleinen Familiengruppen.<\/p>\n\n\n\n<h3 class=\"wp-block-heading\"><strong>Ciconia nigra - Der Schwarzstorch<\/strong><\/h3>\n\n\n\n<p><strong>Der Schwarzstorch<\/strong>&nbsp;ist eine Art gro\u00dfer Stelzvogel, der haupts\u00e4chlich in den W\u00e4ldern Nord- und Zentralafrikas lebt. Dank seines dunklen Gefieders kann er sich in den Waldgebieten, die er bewohnt, leicht tarnen. Schwarzst\u00f6rche nisten auf B\u00e4umen und ern\u00e4hren sich haupts\u00e4chlich von Fischen, Amphibien sowie kleinen S\u00e4ugetieren.<\/p>\n\n\n\n<h3 class=\"wp-block-heading\"><strong>Anhinga rufa - Der afrikanische Kormoran<\/strong><\/h3>\n\n\n\n<p>Die\u00a0<strong>Afrikanische Kormoran<\/strong>, Der African Darter ist ein Wasservogel, der in den meisten Feuchtgebieten des afrikanischen Kontinents vorkommt. Er verbringt viel Zeit im Wasser, wo er mit seinem spitzen Schnabel Fische f\u00e4ngt. Wegen seines langen Halses wird er auch als \u00abgefiederte Schlange\u00bb bezeichnet. Die afrikanische Kormoranart ist in vielen L\u00e4ndern aufgrund der Aussterbegefahr durch den Verlust von Lebensr\u00e4umen eine gesch\u00fctzte Art.<\/p>\n\n\n\n<h2 class=\"wp-block-heading\"><strong>Eine Vielzahl anderer afrikanischer V\u00f6gel<\/strong><\/h2>\n\n\n\n<p>Dies sind nur einige der unz\u00e4hligen Vogelarten, die in Afrika beheimatet sind. Andere bemerkenswerte Arten sind u. a. :<\/p>\n\n\n\n<ul class=\"wp-block-list\">\n<li>Der afrikanische Kuckuck (african cuckoo)<\/li>\n\n\n\n<li>Der Merlinfalke (merlin falcon)<\/li>\n\n\n\n<li>Das Moorhuhn (moorhen)<\/li>\n\n\n\n<li>Der Ganga Cata (Ganga Cata)<\/li>\n\n\n\n<li>Der Atlasschn\u00e4pper (african redstart)<\/li>\n<\/ul>\n\n\n\n<p>Afrika verf\u00fcgt \u00fcber ein au\u00dfergew\u00f6hnliches Naturerbe und beherbergt einige der bemerkenswertesten Vogelarten der Welt. <\/p>\n\n\n\n<p>Die Vielfalt der afrikanischen V\u00f6gel spiegelt die Vielfalt des Kontinents selbst wider, der aus unterschiedlichen \u00d6kosystemen besteht, die von W\u00fcsten bis zu tropischen W\u00e4ldern reichen.<\/p>","protected":false},"excerpt":{"rendered":"<p>Afrika ist ein Kontinent, der reich an biologischer Vielfalt ist und eine unglaubliche Vielfalt an V\u00f6geln beherbergt. Von majest\u00e4tischen Adlern bis hin zu farbenfrohen Weberv\u00f6geln - in diesem Artikel erfahren Sie mehr \u00fcber die faszinierenden afrikanischen Vogelarten. Ploceus cucullatus - Der schwarze Weber Der schwarze Weber, auch black-backed weaver genannt, ist ein kleiner afrikanischer Sperlingsvogel, der haupts\u00e4chlich in den Feuchtgebieten West- und Zentralafrikas lebt. [...]","protected":false},"author":156,"featured_media":11713,"comment_status":"closed","ping_status":"closed","sticky":false,"template":"","format":"standard","meta":{"footnotes":""},"categories":[1],"tags":[],"class_list":["post-11712","post","type-post","status-publish","format-standard","has-post-thumbnail","hentry","category-divers"],"yoast_head":"<!-- This site is optimized with the Yoast SEO plugin v26.6 - https:\/\/yoast.com\/wordpress\/plugins\/seo\/ -->\n<title>Oiseaux africains | \u00c0 la d\u00e9couverte des nombreuses vari\u00e9t\u00e9s<\/title>\n<meta name=\"description\" content=\"L&#039;Afrique est un continent riche en biodiversit\u00e9, abritant une incroyable vari\u00e9t\u00e9 d&#039;oiseaux. Zoom sur les oiseaux africains\" \/>\n<meta name=\"robots\" content=\"index, follow, max-snippet:-1, max-image-preview:large, max-video-preview:-1\" \/>\n<link rel=\"canonical\" href=\"https:\/\/www.safinel.fr\/de\/afrikanische-vogel\/\" \/>\n<meta property=\"og:locale\" content=\"de_DE\" \/>\n<meta property=\"og:type\" content=\"article\" \/>\n<meta property=\"og:title\" content=\"Oiseaux africains | \u00c0 la d\u00e9couverte des nombreuses vari\u00e9t\u00e9s\" \/>\n<meta property=\"og:description\" content=\"L&#039;Afrique est un continent riche en biodiversit\u00e9, abritant une incroyable vari\u00e9t\u00e9 d&#039;oiseaux. Zoom sur les oiseaux africains\" \/>\n<meta property=\"og:url\" content=\"https:\/\/www.safinel.fr\/de\/afrikanische-vogel\/\" \/>\n<meta property=\"og:site_name\" content=\"Safinel\" \/>\n<meta property=\"article:published_time\" content=\"2024-02-13T17:18:04+00:00\" \/>\n<meta property=\"article:modified_time\" content=\"2024-02-13T17:18:05+00:00\" \/>\n<meta property=\"og:image\" content=\"https:\/\/www.safinel.fr\/wp-content\/uploads\/2024\/02\/Les-extraordinaires-oiseaux-africains.jpg\" \/>\n\t<meta property=\"og:image:width\" content=\"1100\" \/>\n\t<meta property=\"og:image:height\" content=\"578\" \/>\n\t<meta property=\"og:image:type\" content=\"image\/jpeg\" \/>\n<meta name=\"author\" content=\"Naj\" \/>\n<meta name=\"twitter:card\" content=\"summary_large_image\" \/>\n<meta name=\"twitter:label1\" content=\"Verfasst von\" \/>\n\t<meta name=\"twitter:data1\" content=\"Naj\" \/>\n\t<meta name=\"twitter:label2\" content=\"Gesch\u00e4tzte Lesezeit\" \/>\n\t<meta name=\"twitter:data2\" content=\"4\u00a0Minuten\" \/>\n<script type=\"application\/ld+json\" class=\"yoast-schema-graph\">{\"@context\":\"https:\/\/schema.org\",\"@graph\":[{\"@type\":\"Article\",\"@id\":\"https:\/\/www.safinel.fr\/oiseaux-africains\/#article\",\"isPartOf\":{\"@id\":\"https:\/\/www.safinel.fr\/oiseaux-africains\/\"},\"author\":{\"name\":\"Naj\",\"@id\":\"https:\/\/www.safinel.fr\/#\/schema\/person\/47f7357f8aa8a41a796811d3f8a3e055\"},\"headline\":\"Les extraordinaires oiseaux africains : un voyage \u00e0 travers leurs esp\u00e8ces\",\"datePublished\":\"2024-02-13T17:18:04+00:00\",\"dateModified\":\"2024-02-13T17:18:05+00:00\",\"mainEntityOfPage\":{\"@id\":\"https:\/\/www.safinel.fr\/oiseaux-africains\/\"},\"wordCount\":763,\"publisher\":{\"@id\":\"https:\/\/www.safinel.fr\/#organization\"},\"image\":{\"@id\":\"https:\/\/www.safinel.fr\/oiseaux-africains\/#primaryimage\"},\"thumbnailUrl\":\"https:\/\/www.safinel.fr\/wp-content\/uploads\/2024\/02\/Les-extraordinaires-oiseaux-africains.jpg\",\"articleSection\":[\"Divers\"],\"inLanguage\":\"de\"},{\"@type\":\"WebPage\",\"@id\":\"https:\/\/www.safinel.fr\/oiseaux-africains\/\",\"url\":\"https:\/\/www.safinel.fr\/oiseaux-africains\/\",\"name\":\"Oiseaux africains | \u00c0 la d\u00e9couverte des nombreuses vari\u00e9t\u00e9s\",\"isPartOf\":{\"@id\":\"https:\/\/www.safinel.fr\/#website\"},\"primaryImageOfPage\":{\"@id\":\"https:\/\/www.safinel.fr\/oiseaux-africains\/#primaryimage\"},\"image\":{\"@id\":\"https:\/\/www.safinel.fr\/oiseaux-africains\/#primaryimage\"},\"thumbnailUrl\":\"https:\/\/www.safinel.fr\/wp-content\/uploads\/2024\/02\/Les-extraordinaires-oiseaux-africains.jpg\",\"datePublished\":\"2024-02-13T17:18:04+00:00\",\"dateModified\":\"2024-02-13T17:18:05+00:00\",\"description\":\"L'Afrique est un continent riche en biodiversit\u00e9, abritant une incroyable vari\u00e9t\u00e9 d'oiseaux. Zoom sur les oiseaux africains\",\"breadcrumb\":{\"@id\":\"https:\/\/www.safinel.fr\/oiseaux-africains\/#breadcrumb\"},\"inLanguage\":\"de\",\"potentialAction\":[{\"@type\":\"ReadAction\",\"target\":[\"https:\/\/www.safinel.fr\/oiseaux-africains\/\"]}]},{\"@type\":\"ImageObject\",\"inLanguage\":\"de\",\"@id\":\"https:\/\/www.safinel.fr\/oiseaux-africains\/#primaryimage\",\"url\":\"https:\/\/www.safinel.fr\/wp-content\/uploads\/2024\/02\/Les-extraordinaires-oiseaux-africains.jpg\",\"contentUrl\":\"https:\/\/www.safinel.fr\/wp-content\/uploads\/2024\/02\/Les-extraordinaires-oiseaux-africains.jpg\",\"width\":1100,\"height\":578,\"caption\":\"oiseaux africains\"},{\"@type\":\"BreadcrumbList\",\"@id\":\"https:\/\/www.safinel.fr\/oiseaux-africains\/#breadcrumb\",\"itemListElement\":[{\"@type\":\"ListItem\",\"position\":1,\"name\":\"Accueil\",\"item\":\"https:\/\/www.safinel.fr\/\"},{\"@type\":\"ListItem\",\"position\":2,\"name\":\"Les extraordinaires oiseaux africains : un voyage \u00e0 travers leurs esp\u00e8ces\"}]},{\"@type\":\"WebSite\",\"@id\":\"https:\/\/www.safinel.fr\/#website\",\"url\":\"https:\/\/www.safinel.fr\/\",\"name\":\"Safinel\",\"description\":\"\",\"publisher\":{\"@id\":\"https:\/\/www.safinel.fr\/#organization\"},\"potentialAction\":[{\"@type\":\"SearchAction\",\"target\":{\"@type\":\"EntryPoint\",\"urlTemplate\":\"https:\/\/www.safinel.fr\/?s={search_term_string}\"},\"query-input\":{\"@type\":\"PropertyValueSpecification\",\"valueRequired\":true,\"valueName\":\"search_term_string\"}}],\"inLanguage\":\"de\"},{\"@type\":\"Organization\",\"@id\":\"https:\/\/www.safinel.fr\/#organization\",\"name\":\"Safinel\",\"url\":\"https:\/\/www.safinel.fr\/\",\"logo\":{\"@type\":\"ImageObject\",\"inLanguage\":\"de\",\"@id\":\"https:\/\/www.safinel.fr\/#\/schema\/logo\/image\/\",\"url\":\"https:\/\/www.safinel.fr\/wp-content\/uploads\/2021\/05\/boutique-cosmetique.png\",\"contentUrl\":\"https:\/\/www.safinel.fr\/wp-content\/uploads\/2021\/05\/boutique-cosmetique.png\",\"width\":800,\"height\":200,\"caption\":\"Safinel\"},\"image\":{\"@id\":\"https:\/\/www.safinel.fr\/#\/schema\/logo\/image\/\"}},{\"@type\":\"Person\",\"@id\":\"https:\/\/www.safinel.fr\/#\/schema\/person\/47f7357f8aa8a41a796811d3f8a3e055\",\"name\":\"Naj\",\"image\":{\"@type\":\"ImageObject\",\"inLanguage\":\"de\",\"@id\":\"https:\/\/www.safinel.fr\/#\/schema\/person\/image\/\",\"url\":\"https:\/\/secure.gravatar.com\/avatar\/5c0fa4f0bce748d4964b7d68e4b0ee1d8e3120edba58a55893ced967bd2093b5?s=96&d=mm&r=g\",\"contentUrl\":\"https:\/\/secure.gravatar.com\/avatar\/5c0fa4f0bce748d4964b7d68e4b0ee1d8e3120edba58a55893ced967bd2093b5?s=96&d=mm&r=g\",\"caption\":\"Naj\"},\"url\":\"https:\/\/www.safinel.fr\/de\/author\/naj\/\"}]}<\/script>\n<!-- \/ Yoast SEO plugin. -->","yoast_head_json":{"title":"Afrikanische V\u00f6gel | Auf Entdeckungstour durch die vielen Arten","description":"Afrika ist ein Kontinent, der reich an biologischer Vielfalt ist und eine unglaubliche Vielfalt an V\u00f6geln beherbergt. Zoom auf afrikanische V\u00f6gel","robots":{"index":"index","follow":"follow","max-snippet":"max-snippet:-1","max-image-preview":"max-image-preview:large","max-video-preview":"max-video-preview:-1"},"canonical":"https:\/\/www.safinel.fr\/de\/afrikanische-vogel\/","og_locale":"de_DE","og_type":"article","og_title":"Oiseaux africains | \u00c0 la d\u00e9couverte des nombreuses vari\u00e9t\u00e9s","og_description":"L'Afrique est un continent riche en biodiversit\u00e9, abritant une incroyable vari\u00e9t\u00e9 d'oiseaux. Zoom sur les oiseaux africains","og_url":"https:\/\/www.safinel.fr\/de\/afrikanische-vogel\/","og_site_name":"Safinel","article_published_time":"2024-02-13T17:18:04+00:00","article_modified_time":"2024-02-13T17:18:05+00:00","og_image":[{"width":1100,"height":578,"url":"https:\/\/www.safinel.fr\/wp-content\/uploads\/2024\/02\/Les-extraordinaires-oiseaux-africains.jpg","type":"image\/jpeg"}],"author":"Naj","twitter_card":"summary_large_image","twitter_misc":{"Verfasst von":"Naj","Gesch\u00e4tzte Lesezeit":"4\u00a0Minuten"},"schema":{"@context":"https:\/\/schema.org","@graph":[{"@type":"Article","@id":"https:\/\/www.safinel.fr\/oiseaux-africains\/#article","isPartOf":{"@id":"https:\/\/www.safinel.fr\/oiseaux-africains\/"},"author":{"name":"Naj","@id":"https:\/\/www.safinel.fr\/#\/schema\/person\/47f7357f8aa8a41a796811d3f8a3e055"},"headline":"Les extraordinaires oiseaux africains : un voyage \u00e0 travers leurs esp\u00e8ces","datePublished":"2024-02-13T17:18:04+00:00","dateModified":"2024-02-13T17:18:05+00:00","mainEntityOfPage":{"@id":"https:\/\/www.safinel.fr\/oiseaux-africains\/"},"wordCount":763,"publisher":{"@id":"https:\/\/www.safinel.fr\/#organization"},"image":{"@id":"https:\/\/www.safinel.fr\/oiseaux-africains\/#primaryimage"},"thumbnailUrl":"https:\/\/www.safinel.fr\/wp-content\/uploads\/2024\/02\/Les-extraordinaires-oiseaux-africains.jpg","articleSection":["Divers"],"inLanguage":"de"},{"@type":"WebPage","@id":"https:\/\/www.safinel.fr\/oiseaux-africains\/","url":"https:\/\/www.safinel.fr\/oiseaux-africains\/","name":"Afrikanische V\u00f6gel | Auf Entdeckungstour durch die vielen Arten","isPartOf":{"@id":"https:\/\/www.safinel.fr\/#website"},"primaryImageOfPage":{"@id":"https:\/\/www.safinel.fr\/oiseaux-africains\/#primaryimage"},"image":{"@id":"https:\/\/www.safinel.fr\/oiseaux-africains\/#primaryimage"},"thumbnailUrl":"https:\/\/www.safinel.fr\/wp-content\/uploads\/2024\/02\/Les-extraordinaires-oiseaux-africains.jpg","datePublished":"2024-02-13T17:18:04+00:00","dateModified":"2024-02-13T17:18:05+00:00","description":"Afrika ist ein Kontinent, der reich an biologischer Vielfalt ist und eine unglaubliche Vielfalt an V\u00f6geln beherbergt. Zoom auf afrikanische V\u00f6gel","breadcrumb":{"@id":"https:\/\/www.safinel.fr\/oiseaux-africains\/#breadcrumb"},"inLanguage":"de","potentialAction":[{"@type":"ReadAction","target":["https:\/\/www.safinel.fr\/oiseaux-africains\/"]}]},{"@type":"ImageObject","inLanguage":"de","@id":"https:\/\/www.safinel.fr\/oiseaux-africains\/#primaryimage","url":"https:\/\/www.safinel.fr\/wp-content\/uploads\/2024\/02\/Les-extraordinaires-oiseaux-africains.jpg","contentUrl":"https:\/\/www.safinel.fr\/wp-content\/uploads\/2024\/02\/Les-extraordinaires-oiseaux-africains.jpg","width":1100,"height":578,"caption":"oiseaux africains"},{"@type":"BreadcrumbList","@id":"https:\/\/www.safinel.fr\/oiseaux-africains\/#breadcrumb","itemListElement":[{"@type":"ListItem","position":1,"name":"Accueil","item":"https:\/\/www.safinel.fr\/"},{"@type":"ListItem","position":2,"name":"Les extraordinaires oiseaux africains : un voyage \u00e0 travers leurs esp\u00e8ces"}]},{"@type":"WebSite","@id":"https:\/\/www.safinel.fr\/#website","url":"https:\/\/www.safinel.fr\/","name":"Safinel","description":"","publisher":{"@id":"https:\/\/www.safinel.fr\/#organization"},"potentialAction":[{"@type":"SearchAction","target":{"@type":"EntryPoint","urlTemplate":"https:\/\/www.safinel.fr\/?s={search_term_string}"},"query-input":{"@type":"PropertyValueSpecification","valueRequired":true,"valueName":"search_term_string"}}],"inLanguage":"de"},{"@type":"Organization","@id":"https:\/\/www.safinel.fr\/#organization","name":"Safinel","url":"https:\/\/www.safinel.fr\/","logo":{"@type":"ImageObject","inLanguage":"de","@id":"https:\/\/www.safinel.fr\/#\/schema\/logo\/image\/","url":"https:\/\/www.safinel.fr\/wp-content\/uploads\/2021\/05\/boutique-cosmetique.png","contentUrl":"https:\/\/www.safinel.fr\/wp-content\/uploads\/2021\/05\/boutique-cosmetique.png","width":800,"height":200,"caption":"Safinel"},"image":{"@id":"https:\/\/www.safinel.fr\/#\/schema\/logo\/image\/"}},{"@type":"Person","@id":"https:\/\/www.safinel.fr\/#\/schema\/person\/47f7357f8aa8a41a796811d3f8a3e055","name":"Naj","image":{"@type":"ImageObject","inLanguage":"de","@id":"https:\/\/www.safinel.fr\/#\/schema\/person\/image\/","url":"https:\/\/secure.gravatar.com\/avatar\/5c0fa4f0bce748d4964b7d68e4b0ee1d8e3120edba58a55893ced967bd2093b5?s=96&d=mm&r=g","contentUrl":"https:\/\/secure.gravatar.com\/avatar\/5c0fa4f0bce748d4964b7d68e4b0ee1d8e3120edba58a55893ced967bd2093b5?s=96&d=mm&r=g","caption":"Naj"},"url":"https:\/\/www.safinel.fr\/de\/author\/naj\/"}]}},"_links":{"self":[{"href":"https:\/\/www.safinel.fr\/de\/wp-json\/wp\/v2\/posts\/11712","targetHints":{"allow":["GET"]}}],"collection":[{"href":"https:\/\/www.safinel.fr\/de\/wp-json\/wp\/v2\/posts"}],"about":[{"href":"https:\/\/www.safinel.fr\/de\/wp-json\/wp\/v2\/types\/post"}],"author":[{"embeddable":true,"href":"https:\/\/www.safinel.fr\/de\/wp-json\/wp\/v2\/users\/156"}],"replies":[{"embeddable":true,"href":"https:\/\/www.safinel.fr\/de\/wp-json\/wp\/v2\/comments?post=11712"}],"version-history":[{"count":1,"href":"https:\/\/www.safinel.fr\/de\/wp-json\/wp\/v2\/posts\/11712\/revisions"}],"predecessor-version":[{"id":11714,"href":"https:\/\/www.safinel.fr\/de\/wp-json\/wp\/v2\/posts\/11712\/revisions\/11714"}],"wp:featuredmedia":[{"embeddable":true,"href":"https:\/\/www.safinel.fr\/de\/wp-json\/wp\/v2\/media\/11713"}],"wp:attachment":[{"href":"https:\/\/www.safinel.fr\/de\/wp-json\/wp\/v2\/media?parent=11712"}],"wp:term":[{"taxonomy":"category","embeddable":true,"href":"https:\/\/www.safinel.fr\/de\/wp-json\/wp\/v2\/categories?post=11712"},{"taxonomy":"post_tag","embeddable":true,"href":"https:\/\/www.safinel.fr\/de\/wp-json\/wp\/v2\/tags?post=11712"}],"curies":[{"name":"wp","href":"https:\/\/api.w.org\/{rel}","templated":true}]}}