{"id":10381,"date":"2023-12-22T12:23:45","date_gmt":"2023-12-22T12:23:45","guid":{"rendered":"https:\/\/www.safinel.fr\/?p=10381"},"modified":"2023-12-22T12:23:46","modified_gmt":"2023-12-22T12:23:46","slug":"zeitverschiebung-sudafrika-frankreich","status":"publish","type":"post","link":"https:\/\/www.safinel.fr\/de\/zeitverschiebung-sudafrika-frankreich\/","title":{"rendered":"Alles \u00fcber den Zeitunterschied zwischen S\u00fcdafrika und Frankreich"},"content":{"rendered":"<p>Bei Reisen ins Ausland ist es wichtig, die Zeitverschiebung zu ber\u00fccksichtigen, damit Sie Ihren Aufenthalt besser planen und die Aktivit\u00e4ten genie\u00dfen k\u00f6nnen. In diesem Artikel finden Sie alle wichtigen Informationen zur Zeitverschiebung in S\u00fcdafrika und Frankreich.<\/p>\n\n\n\n<h2 class=\"wp-block-heading\"><strong>Zeitzone in S\u00fcdafrika und Frankreich<\/strong><\/h2>\n\n\n\n<p>Die Zeitzone in Frankreich entspricht UTC+1, wenn es keine Sommerzeit gibt, w\u00e4hrend in S\u00fcdafrika die Zeitzone konstant bei&nbsp;<strong>UTC\/GMT+2<\/strong>. Der Meridian von Greenwich (GMT) wird als Hauptreferenz f\u00fcr die koordinierte Weltzeit (GMT\/UTC) verwendet.<\/p>\n\n\n\n<p>Es ist wichtig zu beachten, dass S\u00fcdafrika im Gegensatz zu Frankreich nicht auf Sommerzeit umstellt. Das bedeutet, dass der Zeitunterschied zu Frankreich variiert, je nachdem, ob in Frankreich die Sommerzeit eingef\u00fchrt wird oder nicht.<\/p>\n\n\n\n<h2 class=\"wp-block-heading\"><strong>Zeitverschiebung zwischen S\u00fcdafrika und Frankreich in Abh\u00e4ngigkeit von der Jahreszeit<\/strong><\/h2>\n\n\n\n<h3 class=\"wp-block-heading\"><strong>Von November bis April<\/strong><\/h3>\n\n\n\n<p>W\u00e4hrend dieser Zeit stellt Frankreich auf Winterzeit um, wobei seine Zeitzone UTC+1 ist. S\u00fcdafrika hingegen bleibt immer in der Zeitzone UTC+2. Folglich gibt es in diesen Monaten&nbsp;<strong>1 Stunde weniger Zeitunterschied<\/strong>&nbsp;zwischen S\u00fcdafrika und Frankreich. Wenn es zum Beispiel in Frankreich 10:00 Uhr ist, ist es in S\u00fcdafrika 11:00 Uhr.<\/p>\n\n\n\n<h3 class=\"wp-block-heading\"><strong>Von M\u00e4rz bis Oktober<\/strong><\/h3>\n\n\n\n<p>In dieser Zeit wird in Frankreich die Sommerzeit eingef\u00fchrt. Die Zeitzone wird dann zu UTC+2 wie in S\u00fcdafrika. So,&nbsp;<strong>es gibt keinen Zeitunterschied<\/strong>&nbsp;zwischen diesen beiden L\u00e4ndern in diesem Zeitraum. Wenn es in Frankreich 15.00 Uhr ist, ist es auch in S\u00fcdafrika 15.00 Uhr.<\/p>\n\n\n\n<h2 class=\"wp-block-heading\"><strong>Zeitverschiebung in verschiedenen St\u00e4dten<\/strong><\/h2>\n\n\n\n<p>Die Zeitverschiebung bleibt \u00fcberall in S\u00fcdafrika und in Frankreich gleich. Hier ein \u00dcberblick \u00fcber die Ortszeiten einiger St\u00e4dte, wenn es eine Zeitverschiebung gibt :<\/p>\n\n\n\n<ul class=\"wp-block-list\">\n<li>In Paris, Frankreich: 12.00 Uhr<\/li>\n\n\n\n<li>In Johannesburg, S\u00fcdafrika: 13.00 Uhr<\/li>\n\n\n\n<li>In Pretoria, S\u00fcdafrika: 13.00 Uhr<\/li>\n\n\n\n<li>Kapstadt, S\u00fcdafrika: 13.00 Uhr<\/li>\n<\/ul>\n\n\n\n<p>Und wenn es das nicht gibt :<\/p>\n\n\n\n<ul class=\"wp-block-list\">\n<li>In Paris, Frankreich: 14:30 Uhr<\/li>\n\n\n\n<li>In Johannesburg, S\u00fcdafrika: 14:30 Uhr<\/li>\n\n\n\n<li>In Pretoria, S\u00fcdafrika: 14.30 Uhr<\/li>\n\n\n\n<li>Kapstadt, S\u00fcdafrika: 14:30 Uhr<\/li>\n<\/ul>\n\n\n\n<h2 class=\"wp-block-heading\"><strong>Wie Sie sich w\u00e4hrend Ihres Aufenthalts in S\u00fcdafrika an den Zeitunterschied anpassen k\u00f6nnen<\/strong><\/h2>\n\n\n\n<p>Die Anpassung an den Jetlag kann schwierig sein, vor allem bei langen Fl\u00fcgen. Es ist jedoch m\u00f6glich, die Auswirkungen des Jetlags zu begrenzen und Ihren Aufenthalt in vollen Z\u00fcgen zu genie\u00dfen, wenn Sie die folgenden Tipps befolgen:<\/p>\n\n\n\n<ul class=\"wp-block-list\">\n<li><strong>\u00c4ndern Sie schrittweise<\/strong>&nbsp;Ihre Schlafzeiten einige Tage vor Ihrer Abreise, um sich den Zeiten an Ihrem Reiseziel anzun\u00e4hern.<\/li>\n\n\n\n<li><strong>Regelm\u00e4\u00dfige Fl\u00fcssigkeitszufuhr<\/strong>&nbsp;vor, w\u00e4hrend und nach dem Flug, um M\u00fcdigkeit aufgrund von Dehydrierung zu vermeiden.<\/li>\n\n\n\n<li><strong>Essen Sie leicht<\/strong>&nbsp;w\u00e4hrend der Reise, um die Verdauung zu f\u00f6rdern.<\/li>\n\n\n\n<li>Versuchen Sie bei der Ankunft\u00a0<strong><a href=\"https:\/\/www.safinel.fr\/de\/sonnenbrand-schwarze-haut\/\">der Sonne aussetzen<\/a><\/strong>\u00a0so oft wie m\u00f6glich, da nat\u00fcrliches Licht dabei hilft, die biologische Uhr zu regulieren.<\/li>\n\n\n\n<li>Es kann auch hilfreich sein, innerhalb eines angemessenen Zeitraums nach der Ankunft ein kurzes Nickerchen zu machen, um Energie zu tanken, aber Sie sollten nicht zu viel schlafen, um Ihre innere Uhr nicht noch weiter aus dem Takt zu bringen.<\/li>\n<\/ul>\n\n\n\n<h3 class=\"wp-block-heading\"><strong>Praktische Informationen f\u00fcr einen angenehmen Aufenthalt in S\u00fcdafrika<\/strong><\/h3>\n\n\n\n<p>Neben der Zeitverschiebung gibt es noch weitere Aspekte, die Sie bei der Planung eines Aufenthalts in S\u00fcdafrika ber\u00fccksichtigen sollten:<\/p>\n\n\n\n<ul class=\"wp-block-list\">\n<li>Die Steckdosen in S\u00fcdafrika sind vom Typ M, daher ist es notwendig, einen Adapter mitzunehmen, um deutsche elektronische Ger\u00e4te zu benutzen.<\/li>\n\n\n\n<li>F\u00fcr Telefon und Internet k\u00f6nnen Roaming-Geb\u00fchren anfallen; erkundigen Sie sich vor der Abreise bei Ihrem Anbieter und planen Sie eventuell die Verwendung einer lokalen SIM-Karte ein.<\/li>\n\n\n\n<li>Die in S\u00fcdafrika verwendete W\u00e4hrung ist der S\u00fcdafrikanische Rand (ZAR). Denken Sie daran, einige Umrechnungen vorzunehmen, um sich mit den Wechselkursen vertraut zu machen.<\/li>\n<\/ul>\n\n\n\n<p>Zusammenfassend l\u00e4sst sich sagen, dass das Wissen um die Zeitverschiebung zwischen Frankreich und S\u00fcdafrika f\u00fcr eine erfolgreiche Reise unerl\u00e4sslich ist. Vergessen Sie nicht, diese Zeitverschiebung bei der Planung Ihrer Aktivit\u00e4ten zu ber\u00fccksichtigen, und vor allem z\u00f6gern Sie nicht, sich auszuruhen und Ihre Gewohnheiten allm\u00e4hlich anzupassen, um Ihren Aufenthalt in S\u00fcdafrika besser genie\u00dfen zu k\u00f6nnen.<\/p>","protected":false},"excerpt":{"rendered":"<p>Bei Reisen ins Ausland ist es wichtig, die Zeitverschiebung zu ber\u00fccksichtigen, damit Sie Ihren Aufenthalt besser planen und die Aktivit\u00e4ten genie\u00dfen k\u00f6nnen. In diesem Artikel finden Sie alle wichtigen Informationen zur Zeitverschiebung in S\u00fcdafrika und Frankreich. Zeitzone in S\u00fcdafrika und Frankreich Die Zeitzone [...].","protected":false},"author":156,"featured_media":10382,"comment_status":"closed","ping_status":"closed","sticky":false,"template":"","format":"standard","meta":{"footnotes":""},"categories":[1],"tags":[],"class_list":["post-10381","post","type-post","status-publish","format-standard","has-post-thumbnail","hentry","category-divers"],"yoast_head":"<!-- This site is optimized with the Yoast SEO plugin v26.6 - https:\/\/yoast.com\/wordpress\/plugins\/seo\/ -->\n<title>D\u00e9calage horaire Afrique du sud France | Le guide pratique<\/title>\n<meta name=\"description\" content=\"Dans cet article, nous vous apporterons toutes les informations n\u00e9cessaires concernant le d\u00e9calage horaire Afrique du sud France.\" \/>\n<meta name=\"robots\" content=\"index, follow, max-snippet:-1, max-image-preview:large, max-video-preview:-1\" \/>\n<link rel=\"canonical\" href=\"https:\/\/www.safinel.fr\/de\/zeitverschiebung-sudafrika-frankreich\/\" \/>\n<meta property=\"og:locale\" content=\"de_DE\" \/>\n<meta property=\"og:type\" content=\"article\" \/>\n<meta property=\"og:title\" content=\"D\u00e9calage horaire Afrique du sud France | Le guide pratique\" \/>\n<meta property=\"og:description\" content=\"Dans cet article, nous vous apporterons toutes les informations n\u00e9cessaires concernant le d\u00e9calage horaire Afrique du sud France.\" \/>\n<meta property=\"og:url\" content=\"https:\/\/www.safinel.fr\/de\/zeitverschiebung-sudafrika-frankreich\/\" \/>\n<meta property=\"og:site_name\" content=\"Safinel\" \/>\n<meta property=\"article:published_time\" content=\"2023-12-22T12:23:45+00:00\" \/>\n<meta property=\"article:modified_time\" content=\"2023-12-22T12:23:46+00:00\" \/>\n<meta property=\"og:image\" content=\"https:\/\/www.safinel.fr\/wp-content\/uploads\/2023\/12\/decalage-horaire-entre-lAfrique-du-Sud-et-la-France.jpg\" \/>\n\t<meta property=\"og:image:width\" content=\"1100\" \/>\n\t<meta property=\"og:image:height\" content=\"578\" \/>\n\t<meta property=\"og:image:type\" content=\"image\/jpeg\" \/>\n<meta name=\"author\" content=\"Naj\" \/>\n<meta name=\"twitter:card\" content=\"summary_large_image\" \/>\n<meta name=\"twitter:label1\" content=\"Verfasst von\" \/>\n\t<meta name=\"twitter:data1\" content=\"Naj\" \/>\n\t<meta name=\"twitter:label2\" content=\"Gesch\u00e4tzte Lesezeit\" \/>\n\t<meta name=\"twitter:data2\" content=\"4\u00a0Minuten\" \/>\n<script type=\"application\/ld+json\" class=\"yoast-schema-graph\">{\"@context\":\"https:\/\/schema.org\",\"@graph\":[{\"@type\":\"Article\",\"@id\":\"https:\/\/www.safinel.fr\/decalage-horaire-afrique-du-sud-france\/#article\",\"isPartOf\":{\"@id\":\"https:\/\/www.safinel.fr\/decalage-horaire-afrique-du-sud-france\/\"},\"author\":{\"name\":\"Naj\",\"@id\":\"https:\/\/www.safinel.fr\/#\/schema\/person\/47f7357f8aa8a41a796811d3f8a3e055\"},\"headline\":\"Tout savoir sur le d\u00e9calage horaire entre l&rsquo;Afrique du Sud et la France\",\"datePublished\":\"2023-12-22T12:23:45+00:00\",\"dateModified\":\"2023-12-22T12:23:46+00:00\",\"mainEntityOfPage\":{\"@id\":\"https:\/\/www.safinel.fr\/decalage-horaire-afrique-du-sud-france\/\"},\"wordCount\":766,\"publisher\":{\"@id\":\"https:\/\/www.safinel.fr\/#organization\"},\"image\":{\"@id\":\"https:\/\/www.safinel.fr\/decalage-horaire-afrique-du-sud-france\/#primaryimage\"},\"thumbnailUrl\":\"https:\/\/www.safinel.fr\/wp-content\/uploads\/2023\/12\/decalage-horaire-entre-lAfrique-du-Sud-et-la-France.jpg\",\"articleSection\":[\"Divers\"],\"inLanguage\":\"de\"},{\"@type\":\"WebPage\",\"@id\":\"https:\/\/www.safinel.fr\/decalage-horaire-afrique-du-sud-france\/\",\"url\":\"https:\/\/www.safinel.fr\/decalage-horaire-afrique-du-sud-france\/\",\"name\":\"D\u00e9calage horaire Afrique du sud France | Le guide pratique\",\"isPartOf\":{\"@id\":\"https:\/\/www.safinel.fr\/#website\"},\"primaryImageOfPage\":{\"@id\":\"https:\/\/www.safinel.fr\/decalage-horaire-afrique-du-sud-france\/#primaryimage\"},\"image\":{\"@id\":\"https:\/\/www.safinel.fr\/decalage-horaire-afrique-du-sud-france\/#primaryimage\"},\"thumbnailUrl\":\"https:\/\/www.safinel.fr\/wp-content\/uploads\/2023\/12\/decalage-horaire-entre-lAfrique-du-Sud-et-la-France.jpg\",\"datePublished\":\"2023-12-22T12:23:45+00:00\",\"dateModified\":\"2023-12-22T12:23:46+00:00\",\"description\":\"Dans cet article, nous vous apporterons toutes les informations n\u00e9cessaires concernant le d\u00e9calage horaire Afrique du sud France.\",\"breadcrumb\":{\"@id\":\"https:\/\/www.safinel.fr\/decalage-horaire-afrique-du-sud-france\/#breadcrumb\"},\"inLanguage\":\"de\",\"potentialAction\":[{\"@type\":\"ReadAction\",\"target\":[\"https:\/\/www.safinel.fr\/decalage-horaire-afrique-du-sud-france\/\"]}]},{\"@type\":\"ImageObject\",\"inLanguage\":\"de\",\"@id\":\"https:\/\/www.safinel.fr\/decalage-horaire-afrique-du-sud-france\/#primaryimage\",\"url\":\"https:\/\/www.safinel.fr\/wp-content\/uploads\/2023\/12\/decalage-horaire-entre-lAfrique-du-Sud-et-la-France.jpg\",\"contentUrl\":\"https:\/\/www.safinel.fr\/wp-content\/uploads\/2023\/12\/decalage-horaire-entre-lAfrique-du-Sud-et-la-France.jpg\",\"width\":1100,\"height\":578,\"caption\":\"D\u00e9calage horaire Afrique du sud France\"},{\"@type\":\"BreadcrumbList\",\"@id\":\"https:\/\/www.safinel.fr\/decalage-horaire-afrique-du-sud-france\/#breadcrumb\",\"itemListElement\":[{\"@type\":\"ListItem\",\"position\":1,\"name\":\"Accueil\",\"item\":\"https:\/\/www.safinel.fr\/\"},{\"@type\":\"ListItem\",\"position\":2,\"name\":\"Tout savoir sur le d\u00e9calage horaire entre l&#8217;Afrique du Sud et la France\"}]},{\"@type\":\"WebSite\",\"@id\":\"https:\/\/www.safinel.fr\/#website\",\"url\":\"https:\/\/www.safinel.fr\/\",\"name\":\"Safinel\",\"description\":\"\",\"publisher\":{\"@id\":\"https:\/\/www.safinel.fr\/#organization\"},\"potentialAction\":[{\"@type\":\"SearchAction\",\"target\":{\"@type\":\"EntryPoint\",\"urlTemplate\":\"https:\/\/www.safinel.fr\/?s={search_term_string}\"},\"query-input\":{\"@type\":\"PropertyValueSpecification\",\"valueRequired\":true,\"valueName\":\"search_term_string\"}}],\"inLanguage\":\"de\"},{\"@type\":\"Organization\",\"@id\":\"https:\/\/www.safinel.fr\/#organization\",\"name\":\"Safinel\",\"url\":\"https:\/\/www.safinel.fr\/\",\"logo\":{\"@type\":\"ImageObject\",\"inLanguage\":\"de\",\"@id\":\"https:\/\/www.safinel.fr\/#\/schema\/logo\/image\/\",\"url\":\"https:\/\/www.safinel.fr\/wp-content\/uploads\/2021\/05\/boutique-cosmetique.png\",\"contentUrl\":\"https:\/\/www.safinel.fr\/wp-content\/uploads\/2021\/05\/boutique-cosmetique.png\",\"width\":800,\"height\":200,\"caption\":\"Safinel\"},\"image\":{\"@id\":\"https:\/\/www.safinel.fr\/#\/schema\/logo\/image\/\"}},{\"@type\":\"Person\",\"@id\":\"https:\/\/www.safinel.fr\/#\/schema\/person\/47f7357f8aa8a41a796811d3f8a3e055\",\"name\":\"Naj\",\"image\":{\"@type\":\"ImageObject\",\"inLanguage\":\"de\",\"@id\":\"https:\/\/www.safinel.fr\/#\/schema\/person\/image\/\",\"url\":\"https:\/\/secure.gravatar.com\/avatar\/5c0fa4f0bce748d4964b7d68e4b0ee1d8e3120edba58a55893ced967bd2093b5?s=96&d=mm&r=g\",\"contentUrl\":\"https:\/\/secure.gravatar.com\/avatar\/5c0fa4f0bce748d4964b7d68e4b0ee1d8e3120edba58a55893ced967bd2093b5?s=96&d=mm&r=g\",\"caption\":\"Naj\"},\"url\":\"https:\/\/www.safinel.fr\/de\/author\/naj\/\"}]}<\/script>\n<!-- \/ Yoast SEO plugin. -->","yoast_head_json":{"title":"Zeitverschiebung S\u00fcdafrika Frankreich | Der praktische Leitfaden","description":"In diesem Artikel finden Sie alle notwendigen Informationen \u00fcber die Zeitverschiebung zwischen S\u00fcdafrika und Frankreich.","robots":{"index":"index","follow":"follow","max-snippet":"max-snippet:-1","max-image-preview":"max-image-preview:large","max-video-preview":"max-video-preview:-1"},"canonical":"https:\/\/www.safinel.fr\/de\/zeitverschiebung-sudafrika-frankreich\/","og_locale":"de_DE","og_type":"article","og_title":"D\u00e9calage horaire Afrique du sud France | Le guide pratique","og_description":"Dans cet article, nous vous apporterons toutes les informations n\u00e9cessaires concernant le d\u00e9calage horaire Afrique du sud France.","og_url":"https:\/\/www.safinel.fr\/de\/zeitverschiebung-sudafrika-frankreich\/","og_site_name":"Safinel","article_published_time":"2023-12-22T12:23:45+00:00","article_modified_time":"2023-12-22T12:23:46+00:00","og_image":[{"width":1100,"height":578,"url":"https:\/\/www.safinel.fr\/wp-content\/uploads\/2023\/12\/decalage-horaire-entre-lAfrique-du-Sud-et-la-France.jpg","type":"image\/jpeg"}],"author":"Naj","twitter_card":"summary_large_image","twitter_misc":{"Verfasst von":"Naj","Gesch\u00e4tzte Lesezeit":"4\u00a0Minuten"},"schema":{"@context":"https:\/\/schema.org","@graph":[{"@type":"Article","@id":"https:\/\/www.safinel.fr\/decalage-horaire-afrique-du-sud-france\/#article","isPartOf":{"@id":"https:\/\/www.safinel.fr\/decalage-horaire-afrique-du-sud-france\/"},"author":{"name":"Naj","@id":"https:\/\/www.safinel.fr\/#\/schema\/person\/47f7357f8aa8a41a796811d3f8a3e055"},"headline":"Tout savoir sur le d\u00e9calage horaire entre l&rsquo;Afrique du Sud et la France","datePublished":"2023-12-22T12:23:45+00:00","dateModified":"2023-12-22T12:23:46+00:00","mainEntityOfPage":{"@id":"https:\/\/www.safinel.fr\/decalage-horaire-afrique-du-sud-france\/"},"wordCount":766,"publisher":{"@id":"https:\/\/www.safinel.fr\/#organization"},"image":{"@id":"https:\/\/www.safinel.fr\/decalage-horaire-afrique-du-sud-france\/#primaryimage"},"thumbnailUrl":"https:\/\/www.safinel.fr\/wp-content\/uploads\/2023\/12\/decalage-horaire-entre-lAfrique-du-Sud-et-la-France.jpg","articleSection":["Divers"],"inLanguage":"de"},{"@type":"WebPage","@id":"https:\/\/www.safinel.fr\/decalage-horaire-afrique-du-sud-france\/","url":"https:\/\/www.safinel.fr\/decalage-horaire-afrique-du-sud-france\/","name":"Zeitverschiebung S\u00fcdafrika Frankreich | Der praktische Leitfaden","isPartOf":{"@id":"https:\/\/www.safinel.fr\/#website"},"primaryImageOfPage":{"@id":"https:\/\/www.safinel.fr\/decalage-horaire-afrique-du-sud-france\/#primaryimage"},"image":{"@id":"https:\/\/www.safinel.fr\/decalage-horaire-afrique-du-sud-france\/#primaryimage"},"thumbnailUrl":"https:\/\/www.safinel.fr\/wp-content\/uploads\/2023\/12\/decalage-horaire-entre-lAfrique-du-Sud-et-la-France.jpg","datePublished":"2023-12-22T12:23:45+00:00","dateModified":"2023-12-22T12:23:46+00:00","description":"In diesem Artikel finden Sie alle notwendigen Informationen \u00fcber die Zeitverschiebung zwischen S\u00fcdafrika und Frankreich.","breadcrumb":{"@id":"https:\/\/www.safinel.fr\/decalage-horaire-afrique-du-sud-france\/#breadcrumb"},"inLanguage":"de","potentialAction":[{"@type":"ReadAction","target":["https:\/\/www.safinel.fr\/decalage-horaire-afrique-du-sud-france\/"]}]},{"@type":"ImageObject","inLanguage":"de","@id":"https:\/\/www.safinel.fr\/decalage-horaire-afrique-du-sud-france\/#primaryimage","url":"https:\/\/www.safinel.fr\/wp-content\/uploads\/2023\/12\/decalage-horaire-entre-lAfrique-du-Sud-et-la-France.jpg","contentUrl":"https:\/\/www.safinel.fr\/wp-content\/uploads\/2023\/12\/decalage-horaire-entre-lAfrique-du-Sud-et-la-France.jpg","width":1100,"height":578,"caption":"D\u00e9calage horaire Afrique du sud France"},{"@type":"BreadcrumbList","@id":"https:\/\/www.safinel.fr\/decalage-horaire-afrique-du-sud-france\/#breadcrumb","itemListElement":[{"@type":"ListItem","position":1,"name":"Accueil","item":"https:\/\/www.safinel.fr\/"},{"@type":"ListItem","position":2,"name":"Tout savoir sur le d\u00e9calage horaire entre l&#8217;Afrique du Sud et la France"}]},{"@type":"WebSite","@id":"https:\/\/www.safinel.fr\/#website","url":"https:\/\/www.safinel.fr\/","name":"Safinel","description":"","publisher":{"@id":"https:\/\/www.safinel.fr\/#organization"},"potentialAction":[{"@type":"SearchAction","target":{"@type":"EntryPoint","urlTemplate":"https:\/\/www.safinel.fr\/?s={search_term_string}"},"query-input":{"@type":"PropertyValueSpecification","valueRequired":true,"valueName":"search_term_string"}}],"inLanguage":"de"},{"@type":"Organization","@id":"https:\/\/www.safinel.fr\/#organization","name":"Safinel","url":"https:\/\/www.safinel.fr\/","logo":{"@type":"ImageObject","inLanguage":"de","@id":"https:\/\/www.safinel.fr\/#\/schema\/logo\/image\/","url":"https:\/\/www.safinel.fr\/wp-content\/uploads\/2021\/05\/boutique-cosmetique.png","contentUrl":"https:\/\/www.safinel.fr\/wp-content\/uploads\/2021\/05\/boutique-cosmetique.png","width":800,"height":200,"caption":"Safinel"},"image":{"@id":"https:\/\/www.safinel.fr\/#\/schema\/logo\/image\/"}},{"@type":"Person","@id":"https:\/\/www.safinel.fr\/#\/schema\/person\/47f7357f8aa8a41a796811d3f8a3e055","name":"Naj","image":{"@type":"ImageObject","inLanguage":"de","@id":"https:\/\/www.safinel.fr\/#\/schema\/person\/image\/","url":"https:\/\/secure.gravatar.com\/avatar\/5c0fa4f0bce748d4964b7d68e4b0ee1d8e3120edba58a55893ced967bd2093b5?s=96&d=mm&r=g","contentUrl":"https:\/\/secure.gravatar.com\/avatar\/5c0fa4f0bce748d4964b7d68e4b0ee1d8e3120edba58a55893ced967bd2093b5?s=96&d=mm&r=g","caption":"Naj"},"url":"https:\/\/www.safinel.fr\/de\/author\/naj\/"}]}},"_links":{"self":[{"href":"https:\/\/www.safinel.fr\/de\/wp-json\/wp\/v2\/posts\/10381","targetHints":{"allow":["GET"]}}],"collection":[{"href":"https:\/\/www.safinel.fr\/de\/wp-json\/wp\/v2\/posts"}],"about":[{"href":"https:\/\/www.safinel.fr\/de\/wp-json\/wp\/v2\/types\/post"}],"author":[{"embeddable":true,"href":"https:\/\/www.safinel.fr\/de\/wp-json\/wp\/v2\/users\/156"}],"replies":[{"embeddable":true,"href":"https:\/\/www.safinel.fr\/de\/wp-json\/wp\/v2\/comments?post=10381"}],"version-history":[{"count":1,"href":"https:\/\/www.safinel.fr\/de\/wp-json\/wp\/v2\/posts\/10381\/revisions"}],"predecessor-version":[{"id":10383,"href":"https:\/\/www.safinel.fr\/de\/wp-json\/wp\/v2\/posts\/10381\/revisions\/10383"}],"wp:featuredmedia":[{"embeddable":true,"href":"https:\/\/www.safinel.fr\/de\/wp-json\/wp\/v2\/media\/10382"}],"wp:attachment":[{"href":"https:\/\/www.safinel.fr\/de\/wp-json\/wp\/v2\/media?parent=10381"}],"wp:term":[{"taxonomy":"category","embeddable":true,"href":"https:\/\/www.safinel.fr\/de\/wp-json\/wp\/v2\/categories?post=10381"},{"taxonomy":"post_tag","embeddable":true,"href":"https:\/\/www.safinel.fr\/de\/wp-json\/wp\/v2\/tags?post=10381"}],"curies":[{"name":"wp","href":"https:\/\/api.w.org\/{rel}","templated":true}]}}